{"id":27019,"date":"2010-11-08T15:18:27","date_gmt":"2010-11-08T13:18:27","guid":{"rendered":"http:\/\/www.korhanyilmaz.com\/?p=27019"},"modified":"2010-11-08T15:18:27","modified_gmt":"2010-11-08T13:18:27","slug":"hayrunnisa-gul-ilkokulda-turban-olmaz","status":"publish","type":"post","link":"http:\/\/www.korhanyilmaz.com\/?p=27019","title":{"rendered":"Hayr\u00fcnnisa G\u00fcl: \u0130lkokulda t\u00fcrban olmaz"},"content":{"rendered":"<p style=\"text-align: center;\"><a href=\"http:\/\/www.korhanyilmaz.com\/wp-content\/uploads\/2010\/11\/168.jpg\"  class=\"lightview\"><img loading=\"lazy\" decoding=\"async\" class=\"aligncenter size-full wp-image-27020\" src=\"http:\/\/www.korhanyilmaz.com\/wp-content\/uploads\/2010\/11\/168.jpg\" alt=\"\" width=\"414\" height=\"220\" \/><\/a><\/p>\n<p style=\"text-align: justify;\">Cumhurba\u015fkan\u0131 G\u00fcl&#8217;\u00fcn e\u015fi Hayr\u00fcnnisa G\u00fcl, &#8220;ilkokulda t\u00fcrban&#8221; tart\u0131\u015fmalar\u0131na son noktay\u0131 koydu, ailelere mesaj\u0131 verdi&#8230;<\/p>\n<p style=\"text-align: justify;\">Cumhurba\u015fkan\u0131 Abdullah G\u00fcl&#8217;\u00fcn e\u015fi Hayr\u00fcnnisa G\u00fcl, e\u015fi ile birlikte geldi\u011fi \u0130ngiltere\u2019nin ba\u015fkenti Londra&#8217;da \u00fcniversitelerde okuyan \u00f6\u011frenciler ve dernek \u00fcyeleri ile biraya geldi. <!--more--><\/p>\n<p style=\"text-align: justify;\">\u0130ngiltere\u2019nin ba\u015fkenti Londra&#8217;da kald\u0131\u011f\u0131 Mandarin Otel&#8217;de yakla\u015f\u0131k 1 saat s\u00fcre ile \u00f6\u011frencilerle g\u00f6r\u00fc\u015fen Hayr\u00fcnnisa G\u00fcl, yurt d\u0131\u015f\u0131nda e\u011fitim g\u00f6ren gen\u00e7lerin \u015fansl\u0131 oldu\u011funa dikkati \u00e7ekerek, T\u00fcrkiye&#8217;nin ge\u00e7en 10 y\u0131lda b\u00fcy\u00fck mesafe kaydetti\u011fini, t\u00fcm gen\u00e7lere T\u00fcrkiye&#8217;de imkanlar sunuldu\u011funa dikkati \u00e7ekti.<\/p>\n<p style=\"text-align: justify;\">Milliyet&#8217;in haberine g\u00f6re, burada gen\u00e7lerin sorular\u0131n\u0131 yan\u0131tlayan Hayr\u00fcnnisa G\u00fcl, bir soru \u00fczerine ilkokullara baz\u0131 t\u00fcrbanl\u0131 \u00f6\u011frencilerin gelmesine de\u011finerek, \u015f\u00f6yle dedi:<\/p>\n<p style=\"text-align: justify;\">\u201cBu konuda ya\u015fanan bir cehalet varsa biz bunu da ortadan kald\u0131raca\u011f\u0131z. \u0130lkokul \u00f6\u011frencisinin kendi iste\u011fi ile ba\u015f\u00f6rt\u00fcs\u00fc takmas\u0131 gibi bir \u015fey s\u00f6z konusu olamaz. Bu konuda karar verecek ya\u015fa geldi\u011finde karar\u0131n\u0131 verir.\u201d<\/p>\n<p style=\"text-align: justify;\"><a href=\"http:\/\/www.gazeteport.com.tr\/SIYASET\/NEWS\/GP_796912\" target=\"_blank\"><span style=\"color: #888888;\">Kaynak : GAZETEPORT<\/span><\/a><\/p>\n","protected":false},"excerpt":{"rendered":"<p style=\"text-align: center;\">\n<p style=\"text-align: justify;\">Cumhurba\u015fkan\u0131 G\u00fcl&#8217;\u00fcn e\u015fi Hayr\u00fcnnisa G\u00fcl, &#8220;ilkokulda t\u00fcrban&#8221; tart\u0131\u015fmalar\u0131na son noktay\u0131 koydu, ailelere mesaj\u0131 verdi&#8230;<\/p>\n<p style=\"text-align: justify;\">Cumhurba\u015fkan\u0131 Abdullah G\u00fcl&#8217;\u00fcn e\u015fi Hayr\u00fcnnisa G\u00fcl, e\u015fi ile birlikte geldi\u011fi \u0130ngiltere\u2019nin ba\u015fkenti Londra&#8217;da \u00fcniversitelerde okuyan \u00f6\u011frenciler ve dernek \u00fcyeleri ile biraya geldi. <\/p>\n","protected":false},"author":1,"featured_media":0,"comment_status":"open","ping_status":"closed","sticky":false,"template":"","format":"standard","meta":{"footnotes":""},"categories":[105],"tags":[],"class_list":["post-27019","post","type-post","status-publish","format-standard","hentry","category-gundem","odd"],"_links":{"self":[{"href":"http:\/\/www.korhanyilmaz.com\/index.php?rest_route=\/wp\/v2\/posts\/27019","targetHints":{"allow":["GET"]}}],"collection":[{"href":"http:\/\/www.korhanyilmaz.com\/index.php?rest_route=\/wp\/v2\/posts"}],"about":[{"href":"http:\/\/www.korhanyilmaz.com\/index.php?rest_route=\/wp\/v2\/types\/post"}],"author":[{"embeddable":true,"href":"http:\/\/www.korhanyilmaz.com\/index.php?rest_route=\/wp\/v2\/users\/1"}],"replies":[{"embeddable":true,"href":"http:\/\/www.korhanyilmaz.com\/index.php?rest_route=%2Fwp%2Fv2%2Fcomments&post=27019"}],"version-history":[{"count":0,"href":"http:\/\/www.korhanyilmaz.com\/index.php?rest_route=\/wp\/v2\/posts\/27019\/revisions"}],"wp:attachment":[{"href":"http:\/\/www.korhanyilmaz.com\/index.php?rest_route=%2Fwp%2Fv2%2Fmedia&parent=27019"}],"wp:term":[{"taxonomy":"category","embeddable":true,"href":"http:\/\/www.korhanyilmaz.com\/index.php?rest_route=%2Fwp%2Fv2%2Fcategories&post=27019"},{"taxonomy":"post_tag","embeddable":true,"href":"http:\/\/www.korhanyilmaz.com\/index.php?rest_route=%2Fwp%2Fv2%2Ftags&post=27019"}],"curies":[{"name":"wp","href":"https:\/\/api.w.org\/{rel}","templated":true}]}}