{"id":27015,"date":"2010-11-08T17:46:53","date_gmt":"2010-11-08T15:46:53","guid":{"rendered":"http:\/\/www.korhanyilmaz.com\/?p=27015"},"modified":"2010-11-08T17:46:53","modified_gmt":"2010-11-08T15:46:53","slug":"yargilanir-ya-da-yargilanmaz-diyemem","status":"publish","type":"post","link":"http:\/\/www.korhanyilmaz.com\/?p=27015","title":{"rendered":"&#8220;Yarg\u0131lan\u0131r ya da yarg\u0131lanmaz diyemem&#8221;"},"content":{"rendered":"<p style=\"text-align: center;\"><a href=\"http:\/\/www.korhanyilmaz.com\/wp-content\/uploads\/2010\/11\/167.jpg\"  class=\"lightview\"><img loading=\"lazy\" decoding=\"async\" class=\"aligncenter size-full wp-image-27016\" src=\"http:\/\/www.korhanyilmaz.com\/wp-content\/uploads\/2010\/11\/167.jpg\" alt=\"\" width=\"407\" height=\"221\" \/><\/a><\/p>\n<p style=\"text-align: justify;\">Adalet Bakan\u0131 Sadullah Ergin, 12 Eyl\u00fclc\u00fclerle ilgili soru\u015fturma dosyas\u0131na takipsizlik karar\u0131 verilmesiyle ilgili olarak, &#8220;Savc\u0131l\u0131\u011f\u0131n teredd\u00fcd\u00fc var, yarg\u0131lan\u0131r ya da yarg\u0131lanmaz diyemem&#8221; yorumunu yapt\u0131.<\/p>\n<p style=\"text-align: justify;\">ANKARA- Adalet Bakan\u0131 Sadullah Ergin, izinsiz dinlemeler ile ilgili cezalar\u0131n daha cayd\u0131r\u0131c\u0131 hale getirilece\u011fini, bu y\u00f6nde d\u00fczenleme i\u00e7eren tasar\u0131n\u0131n yak\u0131nda Parlamentoya g\u00f6nderilece\u011fini bildirdi. <!--more--><\/p>\n<p style=\"text-align: justify;\">TBMM Plan ve B\u00fct\u00e7e Komisyonunda Adalet Bakanl\u0131\u011f\u0131, T\u00fcrkiye Adalet Akademisi Ba\u015fkanl\u0131\u011f\u0131, Ceza ve \u0130nfaz Kurumlar\u0131 ile Tutukevleri \u0130\u015fyurtlar\u0131 Kurumu, Anayasa Mahkemesi, Yarg\u0131tay ve Dan\u0131\u015ftay\u0131n b\u00fct\u00e7eleri kabul edildi. Bakan Ergin, b\u00fct\u00e7e \u00fczerindeki g\u00f6r\u00fc\u015fmeler s\u0131ras\u0131nda milletvekillerinin sorular\u0131n\u0131 yan\u0131tlad\u0131.<\/p>\n<p style=\"text-align: justify;\">Ergin, Anayasa Mahkemesi Ba\u015fkan\u0131 Ha\u015fim K\u0131l\u0131\u00e7&#8217;\u0131n, Anayasa&#8217;n\u0131n ilk \u00fc\u00e7 maddesine ili\u015fkin ifadeleri ile ilgili ele\u015ftirilere kar\u015f\u0131l\u0131k, &#8221;De\u011fi\u015fikli\u011fi, yaz\u0131m \u015fekli ya da ifade tarz\u0131 olarak s\u00f6yledi, diye anlad\u0131m. Bu \u00fc\u00e7 maddenin \u00f6z\u00fcn\u00fc dokunulamaz&#8221; yan\u0131t\u0131n\u0131 verdi.<\/p>\n<p style=\"text-align: justify;\">Bakan Ergin, &#8221;Anayasa&#8217;da k\u0131smen de\u011fi\u015fiklik yapmak yerine neden t\u00fcm\u00fcn\u00fc de\u011fi\u015ftirme yoluna gitmediniz?&#8221; \u015feklindeki soruyu yan\u0131tlarken tek parti olarak Anayasa&#8217;y\u0131 de\u011fi\u015ftirmek istemediklerini, uzla\u015fma esas\u0131 ile bu \u00e7al\u0131\u015fmay\u0131 yapmay\u0131 arzulad\u0131klar\u0131n\u0131 ifade etti. 2007 y\u0131l\u0131nda b\u00f6yle bir giri\u015fimde bulunuldu\u011funu ancak o d\u00f6nemde uzla\u015fma komisyonunun tam anlam\u0131yla kurulamad\u0131\u011f\u0131n\u0131 kaydeden Ergin, 2011 se\u00e7imlerinden sonra yine bir uzla\u015fma zemini haz\u0131rlanaca\u011f\u0131n\u0131 dile getirdi.<\/p>\n<p style=\"text-align: justify;\"><strong>\u0130Z\u0130NS\u0130Z D\u0130NLEMELER<\/strong><\/p>\n<p style=\"text-align: justify;\">Bakan Ergin, milletvekillerinin, &#8221;izinsiz dinlemeler&#8221; ile ilgili sorular\u0131n\u0131 yan\u0131tlarken bu konuda cayd\u0131r\u0131c\u0131 yapt\u0131r\u0131m haz\u0131rl\u0131\u011f\u0131 i\u00e7inde olduklar\u0131n\u0131 bildirdi. Ergin, \u015f\u00f6yle devam etti:<\/p>\n<p style=\"text-align: justify;\">&#8221;Bu konuda alt\u0131 ayd\u0131r \u00e7al\u0131\u015fma yap\u0131yoruz. Bu su\u00e7lar ayn\u0131 zamanda bas\u0131n yay\u0131n kurulu\u015flar\u0131 ve bas\u0131n mensuplar\u0131n\u0131 da do\u011frudan ilgilendiriyor. \u00c7\u00fcnk\u00fc bir k\u0131s\u0131m mahkumiyetler onlar\u0131 da etkiliyor. Bunlarla beraber yap\u0131yoruz \u00e7al\u0131\u015fmay\u0131. TCK&#8217;n\u0131n 132&#8217;nci ve devam maddelerinde bu y\u00f6nde bir haz\u0131rl\u0131\u011f\u0131m\u0131z var. Cezalar daha cayd\u0131r\u0131c\u0131 hale getirilecek. Cezalar\u0131 artt\u0131ran ve cayd\u0131r\u0131c\u0131 tedbirler \u00f6ng\u00f6r\u00fcl\u00fcyor.<\/p>\n<p style=\"text-align: justify;\">&#8216;Savc\u0131 harekete ge\u00e7er ama ma\u011fdurun ifadesine ba\u015fvurarak devam edip etmek istemedi\u011fini sorar&#8217; diye yenilik de getiriyoruz. \u00c7\u00fcnk\u00fc bu tip fiillerde konunun \u00fczerine gidilmesi, soru\u015fturma haline ge\u00e7ilmesi, ma\u011fdur olan ki\u015fiyi yeniden ma\u011fdur edebilir. Bu ki\u015fi, bu soru\u015fturman\u0131n yap\u0131lmas\u0131n\u0131 istemeyebilir. Bu nedenle ma\u011fdura se\u00e7im hakk\u0131 verilmesi d\u00fc\u015f\u00fcn\u00fcl\u00fcyor. Son noktaya geldi \u00e7al\u0131\u015fmalar. Tasar\u0131y\u0131 yak\u0131nda Parlamentoya getirme durumumuz var.&#8221;<\/p>\n<p style=\"text-align: justify;\"><strong>&#8221;T\u0130B&#8217;DE OLUMSUZLUK TESP\u0130T ED\u0130LMED\u0130&#8221;<\/strong><\/p>\n<p style=\"text-align: justify;\">G\u00f6r\u00fc\u015fmelerde, &#8221;\u0130zinsiz dinlemelerle T\u00fcrkiye korku imparatorlu\u011funa d\u00f6n\u00fc\u015ft\u00fcr\u00fcld\u00fc&#8221; y\u00f6n\u00fcnde ifadeler kullan\u0131ld\u0131\u011f\u0131n\u0131 an\u0131msatan Bakan Ergin, 2005 y\u0131l\u0131nda \u00e7\u0131kar\u0131lan yasa ile Telekom\u00fcnikasyon \u0130leti\u015fim Ba\u015fkanl\u0131\u011f\u0131 (T\u0130B) kuruldu\u011funu an\u0131msatt\u0131. Bu ba\u015fkanl\u0131k kurulmadan \u00f6nce &#8221;T\u00fcrkiye&#8217;nin neresinde, kim kimi dinliyor, nas\u0131l dinliyor&#8221; konusunun denetlenemedi\u011fine dikkati \u00e7eken Ergin, \u015f\u00f6yle devam etti:<\/p>\n<p style=\"text-align: justify;\">&#8221;Kimse dinlenildi\u011fini sorgulayam\u0131yordu. Bu d\u00fczenlemeden sonra bunlar zapturapt alt\u0131na al\u0131nm\u0131\u015ft\u0131r. Mahkeme karar\u0131 ile al\u0131nan dinleme kararlar\u0131 da yasaya uygun olup olmad\u0131\u011f\u0131 y\u00f6n\u00fcnde kontrol ediliyor. \u015eikayetler daha \u00e7ok yasa d\u0131\u015f\u0131 dinlemelerle ilgili.<\/p>\n<p style=\"text-align: justify;\">T\u0130B arac\u0131l\u0131\u011f\u0131yla yap\u0131lan dinlemelere ili\u015fkin bug\u00fcne kadar bir tek olumsuz tespit yap\u0131lmam\u0131\u015ft\u0131r. Ankara Ba\u015fsavc\u0131l\u0131\u011f\u0131 defalarca denetim yapm\u0131\u015ft\u0131r. Bu merkezde herhangi bir usuls\u00fczl\u00fck tespit edilememi\u015ftir. Ancak yasa d\u0131\u015f\u0131 dinleme konusundaki endi\u015felerinize hak veririm. Ayn\u0131 endi\u015feleri ben de ta\u015f\u0131r\u0131m. Ben de insan\u0131m, siz de insans\u0131n\u0131z. Bunun \u00f6nlenmesi i\u00e7in de bizim cayd\u0131r\u0131c\u0131 tedbirler i\u00e7eren tasar\u0131m\u0131z k\u0131sa s\u00fcre i\u00e7inde Parlamentoya g\u00f6nderilecektir.&#8221;<\/p>\n<p style=\"text-align: justify;\"><strong>&#8221;ADALET BAKANLI\u011eININ \u0130LG\u0130S\u0130 YOK&#8221;<\/strong><\/p>\n<p style=\"text-align: justify;\">Bakan Ergin, Adalet Bakanl\u0131\u011f\u0131n\u0131n dinlemelerle ilgili en ufak yetkisi ya da m\u00fcdahalesinin s\u00f6z konusu olamayaca\u011f\u0131n\u0131 belirterek, &#8221;Ceza Usul Yasas\u0131 kapsam\u0131nda soru\u015fturma yapan Cumhuriyet savc\u0131lar\u0131, ba\u015fka yoldan elde edilemeyece\u011fine inand\u0131\u011f\u0131 soru\u015fturmalarda, delil noktas\u0131nda bu tedbire ba\u015fvurmak isterse, ilgili hakimlerden izin almak suretiyle bu yola ba\u015fvurabilir&#8221; dedi.<\/p>\n<p style=\"text-align: justify;\">Ergin, Adalet Bakanl\u0131\u011f\u0131n\u0131n bu konularla uzaktan yak\u0131nda bir ilgisinin bulunmad\u0131\u011f\u0131n\u0131 belirterek, &#8221;Ancak kamuoyunda, hakim ve savc\u0131lar\u0131n dinlenmesine ili\u015fkin haberlerden dolay\u0131, sanki b\u00fct\u00fcn toplumdaki dinlemeler Adalet Bakanl\u0131\u011f\u0131n\u0131n ba\u011fl\u0131 kurulu\u015flar\u0131 taraf\u0131ndan yap\u0131l\u0131yormu\u015f gibi alg\u0131lan\u0131yor. Bu do\u011fru de\u011fil&#8221; diye konu\u015ftu.<\/p>\n<p style=\"text-align: justify;\"><strong>&#8221;TAK\u0130PS\u0130ZL\u0130K YOK&#8221;<\/strong><\/p>\n<p style=\"text-align: justify;\">Bakan Ergin, &#8221;Anayasa&#8217;da gerekli de\u011fi\u015fiklik yap\u0131lmas\u0131na ra\u011fmen Kenan Evren neden yarg\u0131lanm\u0131yor?&#8221; sorular\u0131n\u0131 da yan\u0131tlad\u0131.<\/p>\n<p style=\"text-align: justify;\">Bu konuda referandum \u00f6ncesinde de bir a\u00e7\u0131klama yapt\u0131\u011f\u0131n\u0131 an\u0131msatan Ergin, \u015funlar\u0131 s\u00f6yledi:<\/p>\n<p style=\"text-align: justify;\">&#8221;Bu a\u00e7\u0131klamalar\u0131mda, &#8216;Biz &#8216;ge\u00e7ici 15&#8217;inci maddedeki, (hi\u00e7 bir suretle sorgulanamayaca\u011f\u0131, soru\u015fturma yap\u0131lamayaca\u011f\u0131) yasa\u011f\u0131n\u0131 kald\u0131r\u0131yoruz. Bunun yap\u0131l\u0131p yap\u0131lamayaca\u011f\u0131, zaman a\u015f\u0131m\u0131 ve ilgili ihtilaflar\u0131n \u00e7\u00f6z\u00fcm\u00fc bu madde kald\u0131r\u0131ld\u0131ktan sonra ilgili savc\u0131l\u0131klar\u0131n yapaca\u011f\u0131 \u00e7al\u0131\u015fmayla belli olur&#8217; demi\u015ftim.<\/p>\n<p style=\"text-align: justify;\">Bug\u00fcn bunlar\u0131 konu\u015fuyorsak, bug\u00fcn savc\u0131lar\u0131m\u0131z soru\u015fturma a\u00e7m\u0131\u015f ise ve bununla ilgili \u00e7al\u0131\u015fmalar yapabiliyor ise Ge\u00e7ici 15&#8217;inci maddenin kald\u0131r\u0131lmas\u0131ndan dolay\u0131d\u0131r. Takipsizlik karar\u0131 yok \u015fu anda. G\u00f6rev konusu ile takipsizlik \u00e7ok farkl\u0131 \u015feylerdir. G\u00f6revlendirme konusunda savc\u0131l\u0131\u011f\u0131n teredd\u00fct\u00fc var. Bunu ilgili organlar kendi aras\u0131nda bir \u015fekilde karara ba\u011flayacakt\u0131r. Bunu \u00f6n\u00fcm\u00fczdeki s\u00fcre\u00e7 g\u00f6sterecektir. \u015eu anda &#8216;yarg\u0131lan\u0131r ya da yarg\u0131lanmaz&#8217; diyemem.&#8221;<\/p>\n<p style=\"text-align: justify;\"><strong>DEN\u0130Z FENER\u0130 e.V DAVASI<\/strong><\/p>\n<p style=\"text-align: justify;\">Bakan Ergin, &#8221;Adalet Bakanl\u0131\u011f\u0131n\u0131n, Deniz Feneri ile ilgili soru\u015fturmalar\u0131 engelledi\u011fi&#8221; y\u00f6n\u00fcndeki iddialara yan\u0131t verirken, &#8221;Bizden ne istiyorsunuz? Soru\u015fturman\u0131n ba\u015f\u0131na ge\u00e7ip Adalet Bakanl\u0131\u011f\u0131n\u0131n soru\u015fturma yapmas\u0131n\u0131 m\u0131 istiyorsunuz?&#8221; dedi.<\/p>\n<p style=\"text-align: justify;\">Ergin, \u015f\u00f6yle devam etti:<\/p>\n<p style=\"text-align: justify;\">&#8221;Adalet Bakanl\u0131\u011f\u0131n\u0131n, Deniz Feneri ya da ba\u015fka bir soru\u015fturmada herhangi bir suretle m\u00fcdahale etme yetkisi yoktur. B\u00f6yle olursa su\u00e7 i\u015fler. Deniz Feneri davas\u0131yla ilgili iki ayr\u0131 dosya vard\u0131r. Bunlar\u0131n biri, Alman makamlar\u0131n\u0131n yapt\u0131\u011f\u0131 soru\u015fturmadan dolay\u0131 T\u00fcrk makamlar\u0131ndan talep etti\u011fi adli yard\u0131m talebine ili\u015fkin dosyad\u0131r. Di\u011feri, Ankara Cumhuriyet Ba\u015fsavc\u0131l\u0131\u011f\u0131n\u0131n a\u00e7t\u0131\u011f\u0131, kendi a\u00e7\u0131s\u0131ndan devam ettirdi\u011fi soru\u015fturma ile ilgilidir. B\u00fct\u00fcn bunlarda, Adalet Bakanl\u0131\u011f\u0131 tabiri caizse postac\u0131d\u0131r. Savc\u0131l\u0131k bize yaz\u0131 yazar, &#8216;Bunu Alman makamlar\u0131na g\u00f6nderin&#8217; der. Bize gelen yaz\u0131lar ya ayn\u0131 g\u00fcn ya da bir ka\u00e7 g\u00fcn i\u00e7inde muhataplar\u0131na gitmi\u015ftir. Alman makamlar\u0131ndan gelen cevaplar ve talepler ya ayn\u0131 g\u00fcn ya da bir ka\u00e7 g\u00fcn i\u00e7inde Ankara Ba\u015fsavc\u0131l\u0131\u011f\u0131m\u0131za g\u00f6nderilmi\u015ftir.&#8221;<\/p>\n<p style=\"text-align: justify;\">Bakan Ergin, Ankara Cumhuriyet Ba\u015fsavc\u0131l\u0131\u011f\u0131n\u0131n, soru\u015fturma ile ilgili Almanya&#8217;ya savc\u0131 g\u00f6nderme talebinin oldu\u011funu, bu talebin ayn\u0131 g\u00fcn Alman makamlar\u0131na iletildi\u011fini ve Alman makamlar\u0131n\u0131n g\u00fcn vermesinin beklendi\u011fini bildirdi. Ergin, Adalet Bakanl\u0131\u011f\u0131nda bekleyen hi\u00e7 bir yaz\u0131n\u0131n bulunmad\u0131\u011f\u0131n\u0131, hi\u00e7 bir belgenin bekletilmedi\u011fini bildirdi.<\/p>\n<p style=\"text-align: justify;\"><strong>&#8221;TUTUKLU SAYISI AZALIYOR&#8221;<\/strong><\/p>\n<p style=\"text-align: justify;\">Son d\u00f6nemde tutuklu say\u0131s\u0131n\u0131n azald\u0131\u011f\u0131n\u0131 belirten Ergin, 63 bin 813 h\u00fck\u00fcml\u00fc, 57 bin 103 tutuklu bulundu\u011funu, bu tutuklular\u0131n 21 bin 160&#8217;\u0131n\u0131n h\u00fckmen tutuklu oldu\u011funu, dosyalar\u0131n\u0131n temyiz a\u015famas\u0131nda bekledi\u011fini bildirdi.<\/p>\n<p style=\"text-align: justify;\">Ergin, &#8221;Yani y\u00fcksek yarg\u0131da bekleme olmasa -ki orada 21 bin dosya var- yakla\u015f\u0131k y\u00fczde 70&#8217;e y\u00fczde 30 diye bir oran olacak ve ger\u00e7ekten makul bir noktaya gelmi\u015f olacak. Ancak y\u00fcksek yarg\u0131da h\u00fckmen tutuklu dosyalar\u0131 i\u015f birikmesinden dolay\u0131 zor \u00e7\u0131k\u0131yor. Ondan kaynakl\u0131 bir durum s\u00f6z konusu&#8221; diye konu\u015ftu.<\/p>\n<p style=\"text-align: justify;\">Bakanl\u0131k b\u00fct\u00e7esinin y\u00fczde 29 oran\u0131nda artmas\u0131n\u0131n nedenlerini de a\u00e7\u0131klayan Ergin, art\u0131\u015f\u0131n, yeni personel istihdam\u0131 ile ilgili oldu\u011funu s\u00f6yledi. Ergin, \u00f6zellikle zab\u0131t katibi ve infaz koruma memuru alacaklar\u0131n\u0131, denetimli serbestlik b\u00fcrolar\u0131nda altyap\u0131 \u00e7al\u0131\u015fmalar\u0131 yapacaklar\u0131n\u0131 kaydetti.<\/p>\n<p style=\"text-align: justify;\">Bakan Ergin, ihtiya\u00e7 duyulan her yerde yeni adliye saraylar\u0131n\u0131n tasarruf genelgesine tak\u0131lmadan in\u015fa edilece\u011fini, bu konuda herhangi bir parasal s\u0131k\u0131nt\u0131n\u0131n bulunmad\u0131\u011f\u0131n\u0131 bildirdi.<\/p>\n<p style=\"text-align: justify;\"><strong>HSYK SE\u00c7\u0130MLER\u0130<\/strong><\/p>\n<p style=\"text-align: justify;\">HSYK se\u00e7imlerine y\u00f6nelik sorular\u0131 da yan\u0131tlayan Ergin, \u015funlar\u0131 s\u00f6yledi:<\/p>\n<p style=\"text-align: justify;\">&#8221;(HSYK&#8217;n\u0131n yeni olu\u015fumu i\u00e7erisinde yeni b\u00fcrokratlar getirdiniz) \u015feklinde ele\u015ftiriler oldu. K\u00fcrs\u00fc hakimlerinin se\u00e7men oldu\u011fu se\u00e7imlerde, 10 as\u0131l 6 yedek olmak \u00fczere 16 \u00fcye se\u00e7ildi. Bunun 2&#8217;si Bakanl\u0131k \u00e7al\u0131\u015fan\u0131. Di\u011ferleri k\u00fcrs\u00fcde g\u00f6rev yapan insanlar. Bunlar\u0131 se\u00e7enlerin kitlesi ne g\u00f6be\u011fini ka\u015f\u0131yan adam ne bidon kafal\u0131 adam&#8230; Bunlar\u0131n her biri trilyonluk tazminat dosyalar\u0131nda karar veren, h\u00fcrriyeti ba\u011flay\u0131c\u0131 ceza veren hakimler ve bunlar\u0131n soru\u015fturmas\u0131n\u0131 yapan savc\u0131lard\u0131r.<\/p>\n<p style=\"text-align: justify;\">Y\u00fcksek Se\u00e7im Kurulu \u00fcyeleri, Yarg\u0131tay ve Dan\u0131\u015ftay taraf\u0131ndan olu\u015fturulan kuruldur. Se\u00e7im sonras\u0131nda yap\u0131lan itirazlara ve feryatlara \u015fu kar\u015f\u0131l\u0131\u011f\u0131 vermi\u015ftir, &#8217;81 vilayette kurulan sand\u0131klarda se\u00e7imler sa\u011fl\u0131kl\u0131 olarak tamamlanm\u0131\u015f bir tek \u015fikayet s\u00f6z konusu olmam\u0131\u015ft\u0131r&#8217;. Bu se\u00e7imlerde ortaya \u00e7\u0131kan irade, tamamen hakim ve savc\u0131lar\u0131m\u0131z\u0131n kendi kararlar\u0131yla olu\u015fmu\u015ftur.&#8221;<\/p>\n<p style=\"text-align: justify;\">Bakan Ergin, ba\u015fka bir soruyu yan\u0131tlarken Diyarbak\u0131r&#8217;daki eski cezaevinin y\u0131k\u0131larak yerine yeni bir cezaevi yap\u0131laca\u011f\u0131 y\u00f6n\u00fcndeki bilginin yanl\u0131\u015f oldu\u011funu s\u00f6yledi. Cezaevinin binas\u0131n\u0131n Milli Emlak Genel M\u00fcd\u00fcrl\u00fc\u011f\u00fcne ait oldu\u011funu ve bu kuruma teslim edilece\u011fini belirten Ergin, &#8221;H\u00fck\u00fcmetimiz bu cezaevinin ne yap\u0131laca\u011f\u0131 konusundaki talepleri de\u011ferlendirecektir&#8221; dedi.<\/p>\n<p style=\"text-align: justify;\"><strong>\u00d6NERGE TARTI\u015eMAYA NEDEN OLDU<\/strong><\/p>\n<p style=\"text-align: justify;\">G\u00f6r\u00fc\u015fmelerde, AK Parti Isparta Milletvekili S\u00fcreyya Sadi Bilgi\u00e7, Yarg\u0131tay b\u00fct\u00e7esine, ta\u015f\u0131ma hizmeti, yakacak al\u0131mlar\u0131 ve temizlik hizmeti i\u00e7in 350 bin TL&#8217;lik ek \u00f6denek konulmas\u0131n\u0131 ve bu \u00f6dene\u011fin bilgisayar al\u0131mlar\u0131ndan ve di\u011fer gider tertibinden k\u0131s\u0131tlama yap\u0131larak sa\u011flanmas\u0131n\u0131 \u00f6ng\u00f6ren \u00f6nerge verdi. \u00d6nerge, muhalefet milletvekillerinin tepkisine neden oldu. Muhalefet milletvekilleri, b\u00fct\u00e7enin k\u0131sa s\u00fcrede haz\u0131rland\u0131\u011f\u0131n\u0131 daha sonra bu t\u00fcr yollara ba\u015fvuruldu\u011funu s\u00f6yledi.<\/p>\n<p style=\"text-align: justify;\">Bakan Ergin ise Yarg\u0131tay Genel Sekreterli\u011finin iste\u011fi \u00fczerine \u00f6nergenin verildi\u011fini belirterek, &#8221;\u0130ster oy verirsiniz, ister vermezsiniz&#8221; dedi.<\/p>\n<p style=\"text-align: justify;\">Bu s\u00f6zler de muhalefet milletvekillerinin tepkisine neden oldu. MHP Sakarya Milletvekili M\u00fcnir Kutluata, Bakan Ergin&#8217;in \u00fcslubunun uygun olmad\u0131\u011f\u0131n\u0131 s\u00f6yledi.<\/p>\n<p style=\"text-align: justify;\">Ergin ise saat 11.00&#8217;den beri devam eden g\u00f6r\u00fc\u015fmelerde, &#8221;hakaret ve a\u015fa\u011f\u0131lamaya varan&#8221; s\u00f6zler ifade edildi\u011fini s\u00f6yledi. Ergin, kendisinin kimseyi incitmek gibi bir niyetinin olmad\u0131\u011f\u0131n\u0131 ifade etti. Yap\u0131lan oylamada \u00f6nerge kabul edildi.<\/p>\n<p style=\"text-align: justify;\">G\u00f6r\u00fc\u015fmelerin ard\u0131ndan Adalet Bakanl\u0131\u011f\u0131, T\u00fcrkiye Adalet Akademisi Ba\u015fkanl\u0131\u011f\u0131, Ceza ve \u0130nfaz Kurumlar\u0131 ile Tutukevleri \u0130\u015fyurtlar\u0131 Kurumu, Anayasa Mahkemesi, Yarg\u0131tay ve Dan\u0131\u015ftay\u0131n b\u00fct\u00e7eleri kabul edildi.<\/p>\n<p style=\"text-align: justify;\"><a href=\"http:\/\/www.gazeteport.com.tr\/SIYASET\/NEWS\/GP_797017\" target=\"_blank\"><span style=\"color: #888888;\">Kaynak : GAZETEPORT<\/span><\/a><\/p>\n","protected":false},"excerpt":{"rendered":"<p style=\"text-align: center;\">\n<p style=\"text-align: justify;\">Adalet Bakan\u0131 Sadullah Ergin, 12 Eyl\u00fclc\u00fclerle ilgili soru\u015fturma dosyas\u0131na takipsizlik karar\u0131 verilmesiyle ilgili olarak, &#8220;Savc\u0131l\u0131\u011f\u0131n teredd\u00fcd\u00fc var, yarg\u0131lan\u0131r ya da yarg\u0131lanmaz diyemem&#8221; yorumunu yapt\u0131.<\/p>\n<p style=\"text-align: justify;\">ANKARA- Adalet Bakan\u0131 Sadullah Ergin, izinsiz dinlemeler ile ilgili cezalar\u0131n daha cayd\u0131r\u0131c\u0131 hale getirilece\u011fini, bu y\u00f6nde d\u00fczenleme i\u00e7eren tasar\u0131n\u0131n yak\u0131nda Parlamentoya g\u00f6nderilece\u011fini bildirdi. <\/p>\n","protected":false},"author":1,"featured_media":0,"comment_status":"open","ping_status":"closed","sticky":false,"template":"","format":"standard","meta":{"footnotes":""},"categories":[105],"tags":[],"class_list":["post-27015","post","type-post","status-publish","format-standard","hentry","category-gundem","odd"],"_links":{"self":[{"href":"http:\/\/www.korhanyilmaz.com\/index.php?rest_route=\/wp\/v2\/posts\/27015","targetHints":{"allow":["GET"]}}],"collection":[{"href":"http:\/\/www.korhanyilmaz.com\/index.php?rest_route=\/wp\/v2\/posts"}],"about":[{"href":"http:\/\/www.korhanyilmaz.com\/index.php?rest_route=\/wp\/v2\/types\/post"}],"author":[{"embeddable":true,"href":"http:\/\/www.korhanyilmaz.com\/index.php?rest_route=\/wp\/v2\/users\/1"}],"replies":[{"embeddable":true,"href":"http:\/\/www.korhanyilmaz.com\/index.php?rest_route=%2Fwp%2Fv2%2Fcomments&post=27015"}],"version-history":[{"count":0,"href":"http:\/\/www.korhanyilmaz.com\/index.php?rest_route=\/wp\/v2\/posts\/27015\/revisions"}],"wp:attachment":[{"href":"http:\/\/www.korhanyilmaz.com\/index.php?rest_route=%2Fwp%2Fv2%2Fmedia&parent=27015"}],"wp:term":[{"taxonomy":"category","embeddable":true,"href":"http:\/\/www.korhanyilmaz.com\/index.php?rest_route=%2Fwp%2Fv2%2Fcategories&post=27015"},{"taxonomy":"post_tag","embeddable":true,"href":"http:\/\/www.korhanyilmaz.com\/index.php?rest_route=%2Fwp%2Fv2%2Ftags&post=27015"}],"curies":[{"name":"wp","href":"https:\/\/api.w.org\/{rel}","templated":true}]}}