{"id":27009,"date":"2010-11-08T09:59:08","date_gmt":"2010-11-08T07:59:08","guid":{"rendered":"http:\/\/www.korhanyilmaz.com\/?p=27009"},"modified":"2010-11-08T09:59:08","modified_gmt":"2010-11-08T07:59:08","slug":"devlette-buyuk-cemaat-savasi","status":"publish","type":"post","link":"http:\/\/www.korhanyilmaz.com\/?p=27009","title":{"rendered":"Devlette b\u00fcy\u00fck cemaat sava\u015f\u0131!"},"content":{"rendered":"<p style=\"text-align: center;\"><a href=\"http:\/\/www.korhanyilmaz.com\/wp-content\/uploads\/2010\/11\/166.jpg\"  class=\"lightview\"><img loading=\"lazy\" decoding=\"async\" class=\"aligncenter size-full wp-image-27010\" src=\"http:\/\/www.korhanyilmaz.com\/wp-content\/uploads\/2010\/11\/166.jpg\" alt=\"\" width=\"420\" height=\"210\" \/><\/a><\/p>\n<p style=\"text-align: justify;\"><strong>Cemaatler devlette yer kapma sava\u015f\u0131na girdi&#8230;<\/strong><\/p>\n<p style=\"text-align: justify;\">Yeni Akit Gazetesi yazar\u0131 \u015eaban \u015eim\u015fek, &#8220;devlette yer kapma sava\u015f\u0131&#8221;n\u0131 anlatt\u0131\u011f\u0131 yaz\u0131s\u0131nda cemaatlerin devlet i\u00e7inde kadrola\u015fabilmek i\u00e7in birbirlerine hayat hakk\u0131 tan\u0131mad\u0131klar\u0131n\u0131 belirtti. Yaz\u0131s\u0131na &#8220;Devleti ele ge\u00e7irmek tabirini kullanmak istemiyorum&#8221; notu d\u00fc\u015fen \u015eim\u015fek, &#8220;Cemaatlere bunlan m\u00fcstahak g\u00f6renlerin cemaatsizlere neyi reva g\u00f6rd\u00fcklerini s\u00f6ylemeye gerek yok&#8221; diye yazd\u0131.. <!--more--><\/p>\n<p style=\"text-align: justify;\">M\u0130LL\u0130 E\u011fitim Bakanl\u0131\u011f\u0131&#8217;n\u0131n eski m\u00fcste\u015far yard\u0131mc\u0131lar\u0131ndan Yeni Akit Gazetesi yazar\u0131 Prof. \u015eaban \u015eim\u015fek, d\u00fcn kaleme ald\u0131\u011f\u0131 &#8220;Allah bu memleketi cemaat\u00e7ilikten korusun!.. Amin&#8221; ba\u015fl\u0131kl\u0131 yaz\u0131s\u0131nda, dini cemaatlerin devlet i\u00e7indeki kadrola\u015fmas\u0131n\u0131n \u00e7ok dikkat \u00e7ekici bir noktaya ula\u015ft\u0131\u011f\u0131n\u0131 ileri s\u00fcrd\u00fc. AK Parti&#8217;ye cemaat kadrola\u015fmas\u0131 konusunda \u00f6nlem almay\u0131 \u00f6neren \u015eim\u015fek, yaz\u0131s\u0131n\u0131 &#8220;Bu belki ileride, parti i\u00e7erisindeki cemaate dayal\u0131 gruplar\u0131n yukar\u0131dan gelen (kutsal bir emir gibi addettikleri) talimatlarla hareket ederek partiyi b\u00f6lmeleri tehlikesine kar\u015f\u0131 da \u015fimdiden al\u0131nm\u0131\u015f bir tedbir olacakt\u0131r&#8221; diye bitirdi.<\/p>\n<p style=\"text-align: justify;\">\u0130\u015fte \u015eim\u015fek&#8217;in yaz\u0131s\u0131ndan \u00f6zetle \u00e7arp\u0131c\u0131 b\u00f6l\u00fcmler:<\/p>\n<p style=\"text-align: justify;\"><strong>\u00d6TEK\u0130LE\u015eT\u0130R\u0130YORLAR:<\/strong> Bug\u00fcn, geli\u015fmeler onu g\u00f6steriyor ki, cemaatler aras\u0131nda k\u0131yas\u0131ya bir &#8220;devlette yer kapma sava\u015f\u0131&#8221; ya\u015fanmakta (&#8216;Devleti ele ge\u00e7irmek&#8217; tabirini kullanmak istemiyorum) ve bunu yaparken de di\u011ferlerini \u00f6tekile\u015ftirme, b\u00fcy\u00fcmelerine engel olma, m\u00fcmk\u00fcn oldu\u011fu kadar zay\u0131flatma, sistem d\u0131\u015f\u0131na itme gibi alt\u0131nc\u0131 kol faaliyetleri s\u00fcrd\u00fcr\u00fclmektedir.<\/p>\n<p style=\"text-align: justify;\"><strong>CEMAATS\u0130ZLER:<\/strong> Bu arada, dinsel anlamda karde\u015f saymalar\u0131 gereken ama g\u00fcnl\u00fck pratikte rakip gibi alg\u0131lad\u0131klar\u0131 cemaatlere bunlar\u0131 m\u00fcstahak g\u00f6renlerin ba\u015fka kategorilere koyduklar\u0131 (cemaatsiz!) vatanda\u015flara neyi reva g\u00f6rd\u00fcklerini s\u00f6ylemeye \u00e7ok da gerek yoktur san\u0131yorum!<\/p>\n<p style=\"text-align: justify;\"><strong>\u00d6RT\u00dcL\u00dc SAVA\u015e:<\/strong> A\u00e7\u0131k y\u00fcreklilikle ve cesaretle s\u00f6ylemek gerekiyor: D\u00fcn milleti payla\u015fmak i\u00e7in (tabii \u0130slam ad\u0131na ve o insanlar\u0131 kurtarmak i\u00e7in!) yap\u0131lan \u00f6rt\u00fcl\u00fc m\u00fccadele, bug\u00fcn devleti(n zenginli\u011fini) payla\u015fmak \u00fczere (yine \u0130slam ad\u0131na ve hem insanlar\u0131, hem memleketi kurtarmak i\u00e7in!) verilen \u00f6rt\u00fcl\u00fc bir sava\u015fa d\u00f6n\u00fc\u015fm\u00fc\u015f durumdad\u0131r.<\/p>\n<p style=\"text-align: justify;\"><strong>YURT\u0130\u00c7\u0130YLE SINIRLI DE\u011e\u0130L: <\/strong><\/p>\n<p style=\"text-align: justify;\">Konu\u015ftu\u011fum baz\u0131 cemaat ehli dostlar\u0131n anlatt\u0131\u011f\u0131na g\u00f6re bu \u00f6rt\u00fcl\u00fc sava\u015ftaki meydan sadece yurti\u00e7iyle de s\u0131n\u0131rl\u0131 de\u011fil!<\/p>\n<p style=\"text-align: justify;\"><strong>Nak\u015fi \u0130ddias\u0131 <\/strong><\/p>\n<p style=\"text-align: justify;\">BA\u015eBAKAN Erdo\u011fan&#8217;\u0131n hem\u015ferisi olan \u015eim\u015fek, Van 100. Y\u0131l \u00dcniversitesinde \u00f6\u011fretim g\u00f6revlisi olarak \u00e7al\u0131\u015ft\u0131\u011f\u0131 9 y\u0131lda d\u00f6nemin rekt\u00f6r\u00fc Y\u00fccel A\u015fk\u0131n&#8217;la ters d\u00fc\u015ft\u00fc. Bir soru\u015fturma kapsam\u0131nda tutuklanan A\u015fk\u0131n&#8217;\u0131n kasas\u0131ndan \u00e7\u0131kt\u0131\u011f\u0131 iddia edilen fi\u015flemelerde \u015eim\u015fek&#8217;in &#8220;Nak\u015fibendi&#8221;, &#8220;DYP tandansl\u0131 oldu\u011fu&#8221; ifadesi yer ald\u0131. 2003&#8217;te \u00fcniversitede bir d\u00f6nem birlikte \u00e7al\u0131\u015ft\u0131\u011f\u0131 d\u00f6nemin Milli E\u011fitim Bakan\u0131 H\u00fcseyin \u00c7elik&#8217;in talebiyle Milli E\u011fitim Bakanl\u0131\u011f\u0131 M\u00fcste\u015far Yard\u0131mc\u0131s\u0131 olarak atand\u0131. 2.5 y\u0131ll\u0131k g\u00f6revi s\u0131ras\u0131nda d\u00f6nemin Cumhurba\u015fkan\u0131 Ahmet Necdet Sezer taraf\u0131ndan veto edilen yeni Y\u00d6K yasas\u0131n\u0131n haz\u0131rlanmas\u0131nda b\u00fcy\u00fck rol oynayan \u015eim\u015fek, Bakan \u00c7elik&#8217;le fikir ayr\u0131l\u0131\u011f\u0131na d\u00fc\u015f\u00fcnce mesle\u011fine geri d\u00f6nd\u00fc. &#8220;K\u0131rm\u0131z\u0131 \u00c7izgi Y\u00d6K&#8221; adl\u0131 bir kitab\u0131 bulunan \u015eim\u015fek, halen Rize \u00dcniversitesi T\u0131p Fak\u00fcltesi \u00f6\u011fretim g\u00f6revlisi ve Yeni Akit Gazetesi yazar\u0131. (Habert\u00fcrk)<\/p>\n<p style=\"text-align: justify;\"><a href=\"http:\/\/haber.gazetevatan.com\/devlette-buyuk-cemaat-savasi\/339314\/1\/Gundem\" target=\"_blank\"><span style=\"color: #888888;\">Kaynak : VATAN<\/span><\/a><\/p>\n","protected":false},"excerpt":{"rendered":"<p style=\"text-align: center;\">\n<p style=\"text-align: justify;\">Cemaatler devlette yer kapma sava\u015f\u0131na girdi&#8230;<\/p>\n<p style=\"text-align: justify;\">Yeni Akit Gazetesi yazar\u0131 \u015eaban \u015eim\u015fek, &#8220;devlette yer kapma sava\u015f\u0131&#8221;n\u0131 anlatt\u0131\u011f\u0131 yaz\u0131s\u0131nda cemaatlerin devlet i\u00e7inde kadrola\u015fabilmek i\u00e7in birbirlerine hayat hakk\u0131 tan\u0131mad\u0131klar\u0131n\u0131 belirtti. Yaz\u0131s\u0131na &#8220;Devleti ele ge\u00e7irmek tabirini kullanmak istemiyorum&#8221; notu d\u00fc\u015fen \u015eim\u015fek, &#8220;Cemaatlere bunlan m\u00fcstahak g\u00f6renlerin cemaatsizlere neyi reva g\u00f6rd\u00fcklerini s\u00f6ylemeye gerek <\/p>\n","protected":false},"author":1,"featured_media":0,"comment_status":"open","ping_status":"closed","sticky":false,"template":"","format":"standard","meta":{"footnotes":""},"categories":[105],"tags":[],"class_list":["post-27009","post","type-post","status-publish","format-standard","hentry","category-gundem","odd"],"_links":{"self":[{"href":"http:\/\/www.korhanyilmaz.com\/index.php?rest_route=\/wp\/v2\/posts\/27009","targetHints":{"allow":["GET"]}}],"collection":[{"href":"http:\/\/www.korhanyilmaz.com\/index.php?rest_route=\/wp\/v2\/posts"}],"about":[{"href":"http:\/\/www.korhanyilmaz.com\/index.php?rest_route=\/wp\/v2\/types\/post"}],"author":[{"embeddable":true,"href":"http:\/\/www.korhanyilmaz.com\/index.php?rest_route=\/wp\/v2\/users\/1"}],"replies":[{"embeddable":true,"href":"http:\/\/www.korhanyilmaz.com\/index.php?rest_route=%2Fwp%2Fv2%2Fcomments&post=27009"}],"version-history":[{"count":0,"href":"http:\/\/www.korhanyilmaz.com\/index.php?rest_route=\/wp\/v2\/posts\/27009\/revisions"}],"wp:attachment":[{"href":"http:\/\/www.korhanyilmaz.com\/index.php?rest_route=%2Fwp%2Fv2%2Fmedia&parent=27009"}],"wp:term":[{"taxonomy":"category","embeddable":true,"href":"http:\/\/www.korhanyilmaz.com\/index.php?rest_route=%2Fwp%2Fv2%2Fcategories&post=27009"},{"taxonomy":"post_tag","embeddable":true,"href":"http:\/\/www.korhanyilmaz.com\/index.php?rest_route=%2Fwp%2Fv2%2Ftags&post=27009"}],"curies":[{"name":"wp","href":"https:\/\/api.w.org\/{rel}","templated":true}]}}