{"id":27006,"date":"2010-11-08T12:07:44","date_gmt":"2010-11-08T10:07:44","guid":{"rendered":"http:\/\/www.korhanyilmaz.com\/?p=27006"},"modified":"2010-11-08T12:07:44","modified_gmt":"2010-11-08T10:07:44","slug":"haberal-kararina-cok-tartisilacak-yorum","status":"publish","type":"post","link":"http:\/\/www.korhanyilmaz.com\/?p=27006","title":{"rendered":"Haberal karar\u0131na \u00e7ok tart\u0131\u015f\u0131lacak yorum!"},"content":{"rendered":"<p style=\"text-align: center;\"><a href=\"http:\/\/www.korhanyilmaz.com\/wp-content\/uploads\/2010\/11\/165.jpg\"  class=\"lightview\"><img loading=\"lazy\" decoding=\"async\" class=\"aligncenter size-full wp-image-27007\" src=\"http:\/\/www.korhanyilmaz.com\/wp-content\/uploads\/2010\/11\/165.jpg\" alt=\"\" width=\"420\" height=\"210\" \/><\/a><\/p>\n<p style=\"text-align: justify;\">Bakan Yaz\u0131c\u0131: Bu insanlar\u0131n tutukluluk s\u00fcrelerinin 18 ayd\u0131r devam etmesi, \u2019haks\u0131zl\u0131\u011fa u\u011frad\u0131lar tahliye edilsinler\u2019 gerek\u00e7esini hakl\u0131 k\u0131lmaz. Zaten bunlar\u0131n eylemi olsayd\u0131 yarg\u0131lamay\u0131 onlar yapacakt\u0131, mahkemeleri onlar kuracakt\u0131. O zaman i\u015f i\u015ften ge\u00e7mi\u015f olacakt\u0131.<!--more--><\/p>\n<p style=\"text-align: justify;\">Devlet Bakan\u0131 Hayati Yaz\u0131c\u0131, Yarg\u0131tay\u2019\u0131n hakimlerle ilgili tazminat karar\u0131na ili\u015fkin olarak, &#8220;Bu olay\u0131 irdeledi\u011fimizde \u00e7ok geni\u015f delil taktirine sahip ceza hakimlerinin, ceza savc\u0131lar\u0131n\u0131n bakt\u0131klar\u0131 i\u015flemlerin, hukuk yarg\u0131lamas\u0131 yapan Yarg\u0131tay 4. Hukuk Dairesi taraf\u0131ndan de\u011ferlendirilmesini fevkalade yanl\u0131\u015f buluyorum&#8221; dedi.<\/p>\n<p style=\"text-align: justify;\">Devlet Bakan\u0131 Hayati Yaz\u0131c\u0131, \u0130stanbul Barosu Genel Kurul Toplant\u0131s\u0131\u2019n\u0131n ard\u0131ndan AA muhabirinin, Yarg\u0131tay 4. Hukuk Dairesi\u2019nin hakimlerle ilgili tazminat karar\u0131 ile &#8220;Ergenekon&#8221; davas\u0131na ili\u015fkin sorular\u0131 \u00fczerine bir de\u011ferlendirme de bulundu.<\/p>\n<p style=\"text-align: justify;\">Yarg\u0131tay 4. Hukuk Dairesi\u2019nin karar\u0131n\u0131n nihai oldu\u011funu belirten Yaz\u0131c\u0131, &#8220;Ceza Usul Kanunu\u2019nda, ceza yarg\u0131lamas\u0131nda, b\u00fct\u00fcn i\u015flemlere ili\u015fkin itiraz yollar\u0131 belirlenmi\u015f. Mahkeme heyeti davas\u0131 a\u00e7\u0131lmam\u0131\u015f dosyay\u0131 ele al\u0131r, tutululuk \u015fartlar\u0131 var m\u0131 yok mu, yanl\u0131\u015fl\u0131k var m\u0131 yok mu diye inceler. \u00d6zellikle bu somut olayda oldu\u011fu gibi, Mehmet Haberal ile ilgili y\u00fcr\u00fct\u00fclen i\u015flemlerde, tazminat sonucunu do\u011furacak \u015fekilde bir de\u011ferlendirme yap\u0131lmas\u0131n\u0131 yad\u0131rgad\u0131\u011f\u0131m\u0131 ifade etmek isterim. Ama mahkeme bir karar vermi\u015f&#8221; diye konu\u015ftu.<\/p>\n<p style=\"text-align: justify;\">Yaz\u0131c\u0131, hukuk yarg\u0131lamalar\u0131nda, yarg\u0131laman\u0131n taraflar\u0131n \u00f6ne s\u00fcrd\u00fc\u011f\u00fc delillere ba\u011fl\u0131 oldu\u011funu ifade ederek, taraflar bir delil \u00f6ne s\u00fcrmemi\u015fse, hakim bilse bile onu dikkate almayaca\u011f\u0131n\u0131 vurgulayarak, &#8220;Hakim karar\u0131n\u0131 ona dayand\u0131ramaz. Bu bak\u0131mdan olay\u0131 irdeledi\u011fimizde \u00e7ok geni\u015f delil taktirine sahip ceza hakimlerinin, ceza savc\u0131lar\u0131n\u0131n bakt\u0131klar\u0131 i\u015flemlerin, hukuk yarg\u0131lamas\u0131 yapan Yarg\u0131tay 4. Hukuk Dairesi taraf\u0131ndan de\u011ferlendirilmesini fevkalade yanl\u0131\u015f buluyorum&#8221; dedi.<\/p>\n<p style=\"text-align: justify;\">Bu a\u00e7\u0131dan konunun irdelenmesinin gerekti\u011fini, hi\u00e7 kimsenin hakimlere, mahkemelere emir ve talimat g\u00f6nderemeyece\u011fini, tavsiye de bulunamayaca\u011f\u0131n\u0131 belirten Yaz\u0131c\u0131, \u015f\u00f6yle devam etti:<\/p>\n<p style=\"text-align: justify;\">&#8220;Ceza ile u\u011fra\u015fan hakim ve savc\u0131lar\u0131n yapt\u0131klar\u0131 i\u015flemler, o denli geni\u015f itiraz prosed\u00fcr\u00fcne tabidir. Nihai kararlar\u0131nda yarg\u0131 kriti\u011fine ba\u011fl\u0131yken b\u00f6yle bir a\u015famada bu hakim ve savc\u0131lar\u0131n i\u015flemlerinin ayr\u0131ca dava konusu yap\u0131l\u0131yor olmas\u0131, bundan b\u00f6yle onlara b\u00f6yle yo\u011fun bir bask\u0131ya yol a\u00e7aca\u011f\u0131 gibi, ayn\u0131 zamanda da do\u011frudan do\u011fruya bu savc\u0131 ve hakimlere m\u00fcdahaledir. Ve bunun kesinle\u015fmesi halinde bundan b\u00f6yle san\u0131r\u0131m ki san\u0131klar\u0131n \u00e7o\u011fu kendileriyle ilgili i\u015flem yapm\u0131\u015f ceza hakimlerini, kendileriyle ilgili kovu\u015fturma y\u00fcr\u00fctm\u00fc\u015f savc\u0131lar\u0131n i\u015flemlerini, tazminat davalar\u0131na konu alacaklar. B\u00fct\u00fcn bu a\u00e7\u0131lardan bu karar\u0131n sa\u011fl\u0131kl\u0131 sonu\u00e7lara yol a\u00e7mayaca\u011f\u0131 kanaatindeyim. Ha \u015funu s\u00f6ylemek istemiyorum.<\/p>\n<p style=\"text-align: justify;\">Bir hukuk devletinde elbette herkesin i\u015fleriyle alakal\u0131 bir yarg\u0131sal s\u00fcre\u00e7 olmal\u0131. Ancak hakim ve savc\u0131lar\u0131n i\u015flemleri ile ilgili yasal bir mekanizma var. Nihai kararlar\u0131n da temyizi var. Bu olay\u0131 \u00e7ok ilgin\u00e7 buldu\u011fumu ifade ediyorum.&#8221;<\/p>\n<p style=\"text-align: justify;\"><strong>-&#8220;H\u0130\u00c7 K\u0130MSE, KRALDAN DAHA \u00c7OK KRALCI OLMAMALI&#8221;- <\/strong><\/p>\n<p style=\"text-align: justify;\">&#8220;Ergenekon&#8221; s\u00fcrecinde yarg\u0131lamalar sonucu tutuklananlarla ilgili ele\u015ftirilere ili\u015fkin de Yaz\u0131c\u0131, bu konular\u0131 yarg\u0131 erki d\u0131\u015f\u0131ndaki ki\u015filerin \u00e7ok konu\u015fmas\u0131n\u0131n yanl\u0131\u015f oldu\u011funu belirtti.<\/p>\n<p style=\"text-align: justify;\">Yaz\u0131c\u0131, yarg\u0131 \u00f6n\u00fcnde herkesin e\u015fit oldu\u011funu belirterek, &#8220;Camideki insanlar nas\u0131l e\u015fit bir pozisyonda saf tutuyorlarsa, onlar gibi e\u015fittir. Yarg\u0131 da insanlar\u0131n s\u0131fatlar\u0131na bak\u0131lmaz&#8221; dedi.Ki\u015filerin s\u0131fatlar\u0131na bak\u0131larak, yarg\u0131lama i\u015flemi s\u00fcrd\u00fcr\u00fcl\u00fcyorsa orada hukuk devletinin varl\u0131\u011f\u0131ndan s\u00f6z edilemeyece\u011fini belirten Yaz\u0131c\u0131, \u015funlar\u0131 s\u00f6yledi:<\/p>\n<p style=\"text-align: justify;\">&#8220;Hakimlerin vicdanlar\u0131 yok mu yani? Biz ne kadar vicdanl\u0131ysak onlar da vicdanl\u0131. Bizden belki de daha vicdanl\u0131. Hi\u00e7bir hakim, vicdan\u0131n\u0131n kabul etmedi\u011fi bir sonucun savunucusu olamaz. Hakim ve savc\u0131l\u0131k \u00e7ok \u00f6nemli bir meslektir. Ha bunlara ra\u011fmen yarg\u0131 hi\u00e7 hata yapmaz da demek istemiyorum. Bu insanlar\u0131n tutukluluk s\u00fcrelerinin 18 ayd\u0131r devam etmesi, \u2019haks\u0131zl\u0131\u011fa u\u011frad\u0131lar tahliye edilsinler\u2019 gerek\u00e7esini hakl\u0131 k\u0131lmaz. Mutlaka onlar\u0131n orada tutulmas\u0131n\u0131n gerek\u00e7esi var. Darbe te\u015febb\u00fcs\u00fc ba\u015fl\u0131 ba\u015f\u0131na su\u00e7. \u2019Bunlar\u0131n hi\u00e7 eylemi yok. Bunlar\u0131 oturup konu\u015ftular\u2019 demek olmaz. Zaten bunlar\u0131n eylemi olsayd\u0131 yarg\u0131lamay\u0131 onlar yapacakt\u0131, mahkemeleri onlar kuracakt\u0131. O zaman i\u015f i\u015ften ge\u00e7mi\u015f olacakt\u0131. Siz bunlar\u0131 yarg\u0131layabiliyorsan\u0131z, te\u015febb\u00fcs a\u015famas\u0131nda kald\u0131klar\u0131 i\u00e7in yarg\u0131layabiliyorsunuz. Zaten bunlar ba\u015far\u0131ya ula\u015ft\u0131ktan sonra, kendi hukuklar\u0131n\u0131 kendileri kurarlard\u0131. Onun i\u00e7in bunlar\u0131 yad\u0131rgamamak laz\u0131m.<\/p>\n<p style=\"text-align: justify;\">Zaten bunlar zihinsel olarak geli\u015fen su\u00e7lard\u0131r. Ortada bir plan var. Yani bu plan\u0131n i\u00e7erisinde yer alman\u0131n da ceza kanununca \u00f6ng\u00f6r\u00fclm\u00fc\u015f bir cezas\u0131 var. Soru\u015fturma bu kapsamda y\u00fcr\u00fcyor. Yani hi\u00e7 kimsenin kraldan daha fazla kralc\u0131 olmamas\u0131 gerekiyor diye d\u00fc\u015f\u00fcn\u00fcyorum. Bu soru\u015fturmay\u0131 y\u00fcr\u00fcten insanlar \u00f6nemli bir g\u00f6rev y\u00fcr\u00fct\u00fcyorlar. \u0130nsanlar\u0131n \u015fevkini k\u0131racak \u015feylerden de uzak durmak gerekiyor.&#8221;<\/p>\n<p style=\"text-align: justify;\"><span style=\"color: #888888;\">Kaynak : VATAN<\/span><\/p>\n","protected":false},"excerpt":{"rendered":"<p style=\"text-align: center;\">\n<p style=\"text-align: justify;\">Bakan Yaz\u0131c\u0131: Bu insanlar\u0131n tutukluluk s\u00fcrelerinin 18 ayd\u0131r devam etmesi, \u2019haks\u0131zl\u0131\u011fa u\u011frad\u0131lar tahliye edilsinler\u2019 gerek\u00e7esini hakl\u0131 k\u0131lmaz. Zaten bunlar\u0131n eylemi olsayd\u0131 yarg\u0131lamay\u0131 onlar yapacakt\u0131, mahkemeleri onlar kuracakt\u0131. O zaman i\u015f i\u015ften ge\u00e7mi\u015f olacakt\u0131.<\/p>\n","protected":false},"author":1,"featured_media":0,"comment_status":"open","ping_status":"closed","sticky":false,"template":"","format":"standard","meta":{"footnotes":""},"categories":[105],"tags":[],"class_list":["post-27006","post","type-post","status-publish","format-standard","hentry","category-gundem","odd"],"_links":{"self":[{"href":"http:\/\/www.korhanyilmaz.com\/index.php?rest_route=\/wp\/v2\/posts\/27006","targetHints":{"allow":["GET"]}}],"collection":[{"href":"http:\/\/www.korhanyilmaz.com\/index.php?rest_route=\/wp\/v2\/posts"}],"about":[{"href":"http:\/\/www.korhanyilmaz.com\/index.php?rest_route=\/wp\/v2\/types\/post"}],"author":[{"embeddable":true,"href":"http:\/\/www.korhanyilmaz.com\/index.php?rest_route=\/wp\/v2\/users\/1"}],"replies":[{"embeddable":true,"href":"http:\/\/www.korhanyilmaz.com\/index.php?rest_route=%2Fwp%2Fv2%2Fcomments&post=27006"}],"version-history":[{"count":0,"href":"http:\/\/www.korhanyilmaz.com\/index.php?rest_route=\/wp\/v2\/posts\/27006\/revisions"}],"wp:attachment":[{"href":"http:\/\/www.korhanyilmaz.com\/index.php?rest_route=%2Fwp%2Fv2%2Fmedia&parent=27006"}],"wp:term":[{"taxonomy":"category","embeddable":true,"href":"http:\/\/www.korhanyilmaz.com\/index.php?rest_route=%2Fwp%2Fv2%2Fcategories&post=27006"},{"taxonomy":"post_tag","embeddable":true,"href":"http:\/\/www.korhanyilmaz.com\/index.php?rest_route=%2Fwp%2Fv2%2Ftags&post=27006"}],"curies":[{"name":"wp","href":"https:\/\/api.w.org\/{rel}","templated":true}]}}