{"id":27002,"date":"2010-11-08T11:59:43","date_gmt":"2010-11-08T09:59:43","guid":{"rendered":"http:\/\/www.korhanyilmaz.com\/?p=27002"},"modified":"2010-11-08T11:59:43","modified_gmt":"2010-11-08T09:59:43","slug":"chpde-tuzuk-tartismasi","status":"publish","type":"post","link":"http:\/\/www.korhanyilmaz.com\/?p=27002","title":{"rendered":"CHP&#8217;de t\u00fcz\u00fck tart\u0131\u015fmas\u0131"},"content":{"rendered":"<p style=\"text-align: center;\"><a href=\"http:\/\/www.korhanyilmaz.com\/wp-content\/uploads\/2010\/11\/164.jpg\"  class=\"lightview\"><img loading=\"lazy\" decoding=\"async\" class=\"aligncenter size-full wp-image-27003\" src=\"http:\/\/www.korhanyilmaz.com\/wp-content\/uploads\/2010\/11\/164.jpg\" alt=\"\" width=\"414\" height=\"219\" \/><\/a><\/p>\n<p style=\"text-align: justify;\">ANKARA &#8211; CHP Genel Sekreteri S\u00fcheyl Batum: Se\u00e7imden hemen sonra t\u00fcz\u00fc\u011f\u00fcm\u00fcz\u00fc de\u011fi\u015ftirece\u011fiz.<\/p>\n<p style=\"text-align: justify;\">CHP Genel Ba\u015fkan\u0131 Kemal K\u0131l\u0131\u00e7daro\u011flu, kendisini ziyaret eden 78 eski milletvekiline hitaben &#8221;Kendi i\u00e7imizde ge\u00e7mi\u015fte ya\u015fanan k\u0131rg\u0131nl\u0131klar olabilir. Onlar\u0131 da bir tarafa b\u0131rakaca\u011f\u0131z. Tek y\u00fcrek, kararl\u0131 yola \u00e7\u0131kan bir grup olaca\u011f\u0131z&#8221; dedi.<\/p>\n<p style=\"text-align: justify;\">CHP ve DSP&#8217;de g\u00f6rev yapm\u0131\u015f 78 eski milletvekili, K\u0131l\u0131\u00e7daro\u011flu&#8217;nu ziyaret ederek kendisine ve yeni y\u00f6netime desteklerini a\u00e7\u0131klad\u0131. <!--more--><\/p>\n<p style=\"text-align: justify;\">Grup ad\u0131na konu\u015fan 20. D\u00f6nem Ad\u0131yaman Milletvekili Celal Topkan, AK Parti h\u00fck\u00fcmetini ele\u015ftirerek, de\u011fi\u015fimci ve d\u00f6n\u00fc\u015f\u00fcmc\u00fc bir s\u00f6ylemle yola \u00e7\u0131kan K\u0131l\u0131\u00e7daro\u011flu&#8217;nun yan\u0131nda olduklar\u0131n\u0131 s\u00f6yledi.<\/p>\n<p style=\"text-align: justify;\">Kemal K\u0131l\u0131\u00e7daro\u011flu da eski milletvekillerine desteklerinden dolay\u0131 te\u015fekk\u00fcr etti.<\/p>\n<p style=\"text-align: justify;\">&#8221;Yola \u00e7\u0131kt\u0131k. Halka do\u011fru gidiyoruz, halka do\u011fru gidece\u011fiz&#8221; diyen K\u0131l\u0131\u00e7daro\u011flu, bu yolculukta herkesin deste\u011fini istedi.<\/p>\n<p style=\"text-align: justify;\">T\u00fcm T\u00fcrkiye&#8217;ye ula\u015fmay\u0131 hedeflediklerini belirten K\u0131l\u0131\u00e7daro\u011flu, \u015funlar\u0131 kaydetti:<\/p>\n<p style=\"text-align: justify;\">&#8221;D\u00fcn Say\u0131n Ba\u015fbakan yapt\u0131\u011f\u0131 bir konu\u015fmada diyor ki; &#8216;Sivas&#8217;\u0131n \u00f6tesine ge\u00e7emiyorlar&#8217;. Herhalde bizim gitti\u011fimiz yerleri g\u00f6rm\u00fcyor veya g\u00f6rmek istemiyor. E\u011fer Sivas&#8217;\u0131n \u00f6tesinde bir sorun varsa d\u00f6n\u00fcp Say\u0131n Ba\u015fbakan&#8217;\u0131n kendisine bir bakmas\u0131 laz\u0131m. Kendisi y\u00f6netmiyor mu bu \u00fclkeyi? Acaba bir sorun varsa o sorunu ortadan kald\u0131rmak onun g\u00f6revi de\u011fil mi? Demokrasiyi k\u00f6kl\u00fcle\u015ftirmek, sa\u011flamla\u015ft\u0131rmak onun g\u00f6revi de\u011fil mi? Ama o ne derse desin biz yolumuza devam edece\u011fiz. Kararl\u0131l\u0131kla, istikrarl\u0131, g\u00fcven vererek, k\u0131r\u0131p d\u00f6kmeden yolumuza devam edece\u011fiz.<\/p>\n<p style=\"text-align: justify;\">Kendi i\u00e7imizde ge\u00e7mi\u015fte ya\u015fanan k\u0131rg\u0131nl\u0131klar olabilir. Onlar\u0131 da bir tarafa b\u0131rakaca\u011f\u0131z. Tek y\u00fcrek, kararl\u0131 yola \u00e7\u0131kan bir grup olaca\u011f\u0131z. E\u011fer bunu yaparsak iktidar olmamam\u0131z i\u00e7in hi\u00e7bir neden yok.&#8221;<\/p>\n<p style=\"text-align: justify;\">Bug\u00fcn T\u00fcrk-\u0130\u015f&#8217;i ziyaret etti\u011fini ve Genel Ba\u015fkan Mustafa Kumlu&#8217;nun ya\u015fanan ekonomik sorunlar\u0131 kendisine aktard\u0131\u011f\u0131n\u0131 ifade eden K\u0131l\u0131\u00e7daro\u011flu, bu s\u00f6zlere kendisinin de kat\u0131ld\u0131\u011f\u0131n\u0131 vurgulad\u0131.<\/p>\n<p style=\"text-align: justify;\">CHP&#8217;nin her zaman haks\u0131zl\u0131klara u\u011frayanlar\u0131n yan\u0131nda olaca\u011f\u0131n\u0131 dile getiren CHP lideri, sorunlara \u00e7\u00f6z\u00fcm \u00fcreteceklerini belirtti. Sosyal devleti yeniden egemen k\u0131lacaklar\u0131n\u0131 ifade eden K\u0131l\u0131\u00e7daro\u011flu, &#8221;Kimsesizlerin kimsesi olaca\u011f\u0131z. E\u011fer bunu yaparsak iktidar kap\u0131m\u0131zdad\u0131r&#8221; dedi.<\/p>\n<p style=\"text-align: justify;\"><strong>&#8221;\u00c7ALI\u015eAN \u00d6RG\u00dcT BA\u015eIMIZIN \u00dcST\u00dcNDE&#8221; <\/strong><\/p>\n<p style=\"text-align: justify;\">Ge\u00e7mi\u015fteki k\u0131rg\u0131nl\u0131klar\u0131 b\u0131rakarak yola devam edeceklerini dile getiren K\u0131l\u0131\u00e7daro\u011flu, &#8221;Size s\u00f6z veriyorum \u00e7ok \u00e7al\u0131\u015faca\u011f\u0131m, \u00fcretece\u011fim. Pazar g\u00fcnleri de \u00e7al\u0131\u015faca\u011f\u0131m. \u00d6yle birileri gibi dinlenmeyece\u011fiz. S\u00fcrekli \u00e7al\u0131\u015faca\u011f\u0131z ama iste\u011fim sizler de \u00e7al\u0131\u015f\u0131n, \u00f6rg\u00fctlerimiz de \u00e7al\u0131\u015facak. \u00c7al\u0131\u015fan \u00f6rg\u00fct ba\u015f\u0131m\u0131z\u0131n \u00fcst\u00fcnde&#8221; diye konu\u015ftu.<\/p>\n<p style=\"text-align: justify;\">T\u00fcrkiye&#8217;nin karanl\u0131k bir s\u00fcrecin i\u00e7ine girdi\u011fini ileri s\u00fcren CHP lideri, medya \u00fczerinde yo\u011fun bask\u0131 oldu\u011funu, iktidar\u0131 ele\u015ftirmenin neredeyse su\u00e7 haline geldi\u011fini savundu.<\/p>\n<p style=\"text-align: justify;\">&#8221;E\u011fer Say\u0131n Ba\u015fbakan&#8217;a kar\u015f\u0131 birileri kalk\u0131p bir \u015fey s\u00f6ylerse a\u011f\u0131zlar\u0131 kapat\u0131l\u0131p, d\u0131\u015far\u0131 \u00e7\u0131kar\u0131l\u0131p nezarete al\u0131n\u0131yor&#8221; diyen K\u0131l\u0131\u00e7daro\u011flu, &#8221;Demokrasiyi T\u00fcrkiye&#8217;ye yeniden getireceklerini&#8221; ifade etti.<\/p>\n<p style=\"text-align: justify;\">Ele\u015ftiriye de sayg\u0131l\u0131 olacaklar\u0131n\u0131 belirten K\u0131l\u0131\u00e7daro\u011flu, T\u00fcrkiye&#8217;nin CHP iktidar\u0131na ihtiyac\u0131 oldu\u011funu s\u00f6yledi. K\u0131l\u0131\u00e7daro\u011flu, &#8221;Raydan \u00e7\u0131kan T\u00fcrkiye&#8217;nin tekrar ray\u0131na oturmas\u0131 i\u00e7in CHP&#8217;ye ihtiyac\u0131 var&#8221; dedi. Kemal K\u0131l\u0131\u00e7daro\u011flu, \u00f6n\u00fcm\u00fczdeki 25 y\u0131l i\u00e7erisinde T\u00fcrkiye&#8217;yi d\u00fcnyan\u0131n say\u0131l\u0131 \u00e7a\u011fda\u015f \u00fclkelerinden biri haline getirmeyi hedeflediklerini s\u00f6yledi.<\/p>\n<p style=\"text-align: justify;\"><strong>BATUM: &#8221;\u015eU AN G\u00dcNDEM\u0130M\u0130ZDE B\u0130R SE\u00c7\u0130ML\u0130 KURULTAY YOK&#8221; <\/strong><\/p>\n<p style=\"text-align: justify;\">CHP Genel Sekreteri S\u00fcheyl Batum da toplant\u0131dan ayr\u0131l\u0131rken gazetecilerin sorular\u0131n\u0131 yan\u0131tlad\u0131.<\/p>\n<p style=\"text-align: justify;\">2011&#8217;de yap\u0131lacak genel se\u00e7imlerin ard\u0131ndan CHP&#8217;nin daha demokratik bir t\u00fcz\u00fc\u011fe kavu\u015fturulaca\u011f\u0131n\u0131 belirten Batum, \u015fu an g\u00fcndemlerinden bir se\u00e7imli kurultay olmad\u0131\u011f\u0131n\u0131 s\u00f6yledi.<\/p>\n<p style=\"text-align: justify;\"><a href=\"http:\/\/www.gazeteport.com.tr\/SIYASET\/NEWS\/GP_796682\" target=\"_blank\"><span style=\"color: #888888;\">Kaynak : GAZETEPORT<\/span><\/a><\/p>\n","protected":false},"excerpt":{"rendered":"<p style=\"text-align: center;\">\n<p style=\"text-align: justify;\">ANKARA &#8211; CHP Genel Sekreteri S\u00fcheyl Batum: Se\u00e7imden hemen sonra t\u00fcz\u00fc\u011f\u00fcm\u00fcz\u00fc de\u011fi\u015ftirece\u011fiz.<\/p>\n<p style=\"text-align: justify;\">CHP Genel Ba\u015fkan\u0131 Kemal K\u0131l\u0131\u00e7daro\u011flu, kendisini ziyaret eden 78 eski milletvekiline hitaben &#8221;Kendi i\u00e7imizde ge\u00e7mi\u015fte ya\u015fanan k\u0131rg\u0131nl\u0131klar olabilir. Onlar\u0131 da bir tarafa b\u0131rakaca\u011f\u0131z. Tek y\u00fcrek, kararl\u0131 yola \u00e7\u0131kan bir grup olaca\u011f\u0131z&#8221; dedi.<\/p>\n<p style=\"text-align: justify;\">CHP ve <\/p>\n","protected":false},"author":1,"featured_media":0,"comment_status":"open","ping_status":"closed","sticky":false,"template":"","format":"standard","meta":{"footnotes":""},"categories":[105],"tags":[],"class_list":["post-27002","post","type-post","status-publish","format-standard","hentry","category-gundem","odd"],"_links":{"self":[{"href":"http:\/\/www.korhanyilmaz.com\/index.php?rest_route=\/wp\/v2\/posts\/27002","targetHints":{"allow":["GET"]}}],"collection":[{"href":"http:\/\/www.korhanyilmaz.com\/index.php?rest_route=\/wp\/v2\/posts"}],"about":[{"href":"http:\/\/www.korhanyilmaz.com\/index.php?rest_route=\/wp\/v2\/types\/post"}],"author":[{"embeddable":true,"href":"http:\/\/www.korhanyilmaz.com\/index.php?rest_route=\/wp\/v2\/users\/1"}],"replies":[{"embeddable":true,"href":"http:\/\/www.korhanyilmaz.com\/index.php?rest_route=%2Fwp%2Fv2%2Fcomments&post=27002"}],"version-history":[{"count":0,"href":"http:\/\/www.korhanyilmaz.com\/index.php?rest_route=\/wp\/v2\/posts\/27002\/revisions"}],"wp:attachment":[{"href":"http:\/\/www.korhanyilmaz.com\/index.php?rest_route=%2Fwp%2Fv2%2Fmedia&parent=27002"}],"wp:term":[{"taxonomy":"category","embeddable":true,"href":"http:\/\/www.korhanyilmaz.com\/index.php?rest_route=%2Fwp%2Fv2%2Fcategories&post=27002"},{"taxonomy":"post_tag","embeddable":true,"href":"http:\/\/www.korhanyilmaz.com\/index.php?rest_route=%2Fwp%2Fv2%2Ftags&post=27002"}],"curies":[{"name":"wp","href":"https:\/\/api.w.org\/{rel}","templated":true}]}}