{"id":26996,"date":"2010-11-07T11:49:33","date_gmt":"2010-11-07T09:49:33","guid":{"rendered":"http:\/\/www.korhanyilmaz.com\/?p=26996"},"modified":"2010-11-07T11:49:33","modified_gmt":"2010-11-07T09:49:33","slug":"chpde-simsek-operasyonu","status":"publish","type":"post","link":"http:\/\/www.korhanyilmaz.com\/?p=26996","title":{"rendered":"CHP&#8217;de &#8216;\u015eim\u015fek&#8217; operasyonu"},"content":{"rendered":"<p style=\"text-align: justify;\"><a href=\"http:\/\/www.korhanyilmaz.com\/wp-content\/uploads\/2010\/11\/163.jpg\"  class=\"lightview\"><img loading=\"lazy\" decoding=\"async\" class=\"aligncenter size-full wp-image-26997\" src=\"http:\/\/www.korhanyilmaz.com\/wp-content\/uploads\/2010\/11\/163.jpg\" alt=\"\" width=\"449\" height=\"231\" \/><\/a><\/p>\n<p style=\"text-align: justify;\">G\u00fcrsel Tekin, \u00d6nder Sav&#8217;a destek veren \u0130stanbul \u0130l Ba\u015fkan\u0131 Berhan \u015eim\u015fek&#8217;e ve il y\u00f6netimine &#8216;\u0130stifa edin. Elimizi rahatlat\u0131n, nefes ald\u0131r\u0131n&#8217; mesaj\u0131 g\u00f6nderdi.<\/p>\n<p style=\"text-align: justify;\">ANKARA &#8211; Parti i\u00e7inde istedi\u011fi hamleyi yaparak kendi y\u00f6netimini olu\u015fturan CHP Genel Ba\u015fkan\u0131 Kemal K\u0131l\u0131\u00e7daro\u011flu, \u015fimdi g\u00f6z\u00fcn\u00fc \u00f6rg\u00fctlere dikti. &#8216;Aktif ve \u00e7al\u0131\u015fan&#8217; \u00f6rg\u00fctlerle se\u00e7ime gitmeyi hedefleyen K\u0131l\u0131\u00e7daro\u011flu, d\u00fc\u011fmeye bast\u0131. Operasyon \u0130stanbul \u00f6rg\u00fct\u00fcnden ba\u015fl\u0131yor. K\u0131l\u0131\u00e7daro\u011flu, parti i\u00e7indeki son geli\u015fmeleri &#8216;CHP&#8217;de ta\u015flar yerine oturdu&#8217; diye de\u011ferlendirdi.<!--more--><\/p>\n<p style=\"text-align: justify;\"><strong>BENDEN FAZLA \u00c7ALI\u015eILMALI<\/strong><\/p>\n<p style=\"text-align: justify;\">Yeni MYK ile \u00fcst \u00fcste toplant\u0131lar yapan K\u0131l\u0131\u00e7daro\u011flu, \u00f6rg\u00fctlerin harekete ge\u00e7irilmesi gerekti\u011fini s\u00f6yledi. K\u0131l\u0131\u00e7daro\u011flu, &#8216;Sadece genel ba\u015fkan\u0131n \u00e7al\u0131\u015fmas\u0131yla olmaz, \u00f6rg\u00fctler genel ba\u015fkandan fazla \u00e7al\u0131\u015fmal\u0131&#8217; mesaj\u0131n\u0131 verdi.<\/p>\n<p style=\"text-align: justify;\"><strong>\u0130STANBUL&#8217;DAN BA\u015eLAYACAK<\/strong><\/p>\n<p style=\"text-align: justify;\">Bu mesaj \u00fczerine \u00d6rg\u00fctten Sorumlu Genel Ba\u015fkan Yard\u0131mc\u0131s\u0131 G\u00fcrsel Tekin, derhal harekete ge\u00e7erek \u00e7al\u0131\u015fmalara ba\u015flad\u0131. Genel merkezdeki yenile\u015fme operasyonunun \u00f6rg\u00fctlere de yay\u0131lmas\u0131 \u00fczerinde durulurken, ilk hamle \u0130stanbul&#8217;a yap\u0131ld\u0131. Tekin, \u00d6nder Sav&#8217;a destek veren \u0130stanbul \u0130l Ba\u015fkan\u0131 Berhan \u015eim\u015fek&#8217;e ve il y\u00f6netimine &#8216;\u0130stifa edin. Elimizi rahatlat\u0131n, nefes ald\u0131r\u0131n&#8217; mesaj\u0131 g\u00f6nderdi. Bu anlay\u0131\u015f\u0131n T\u00fcrkiye geneline de yayg\u0131nla\u015ft\u0131r\u0131lmas\u0131 bekleniyor.<\/p>\n<p style=\"text-align: justify;\"><strong>BATUM &#8211; SAV SICAKLI\u011eI<\/strong><\/p>\n<p style=\"text-align: justify;\">CHP&#8217;DE eski genel sekreter ile yeni Genel Sekreter S\u00fcheyl Batum aras\u0131nda var oldu\u011fu iddia edilen so\u011fukluk, s\u0131cak bir halef-selef ili\u015fkisine d\u00f6n\u00fc\u015ft\u00fc. Sav, Batum&#8217;u telefonla arayarak, &#8216;Oday\u0131 bo\u015faltmam i\u00e7in birka\u00e7 g\u00fcn izin ver&#8217; dedi. Batum da, &#8216;\u0130stedi\u011finiz zaman bo\u015faltabilirsiniz&#8217; kar\u015f\u0131l\u0131\u011f\u0131n\u0131 verdi. Batum, \u00f6nceki g\u00fcnk\u00fc Ecevit toplant\u0131s\u0131nda da Sav&#8217;\u0131 kap\u0131da kar\u015f\u0131lam\u0131\u015f ve toplant\u0131 salonuna kadar e\u015flik etmi\u015fti. Batum, bu durumun normal oldu\u011funu belirterek, &#8216;\u00d6nder Bey partiyi seven, \u00e7ok medeni ve nazik bir insan. Kendisine sayg\u0131m\u0131z b\u00fcy\u00fck&#8217; dedi.<\/p>\n<p style=\"text-align: justify;\"><a href=\"http:\/\/www.gazeteport.com.tr\/SIYASET\/NEWS\/GP_796182\" target=\"_blank\"><span style=\"color: #888888;\">Kaynak : GAZETEPORT<\/span><\/a><\/p>\n","protected":false},"excerpt":{"rendered":"<p style=\"text-align: justify;\">\n<p style=\"text-align: justify;\">G\u00fcrsel Tekin, \u00d6nder Sav&#8217;a destek veren \u0130stanbul \u0130l Ba\u015fkan\u0131 Berhan \u015eim\u015fek&#8217;e ve il y\u00f6netimine &#8216;\u0130stifa edin. Elimizi rahatlat\u0131n, nefes ald\u0131r\u0131n&#8217; mesaj\u0131 g\u00f6nderdi.<\/p>\n<p style=\"text-align: justify;\">ANKARA &#8211; Parti i\u00e7inde istedi\u011fi hamleyi yaparak kendi y\u00f6netimini olu\u015fturan CHP Genel Ba\u015fkan\u0131 Kemal K\u0131l\u0131\u00e7daro\u011flu, \u015fimdi g\u00f6z\u00fcn\u00fc \u00f6rg\u00fctlere dikti. &#8216;Aktif ve \u00e7al\u0131\u015fan&#8217; \u00f6rg\u00fctlerle se\u00e7ime gitmeyi hedefleyen <\/p>\n","protected":false},"author":1,"featured_media":0,"comment_status":"open","ping_status":"closed","sticky":false,"template":"","format":"standard","meta":{"footnotes":""},"categories":[105],"tags":[],"class_list":["post-26996","post","type-post","status-publish","format-standard","hentry","category-gundem","odd"],"_links":{"self":[{"href":"http:\/\/www.korhanyilmaz.com\/index.php?rest_route=\/wp\/v2\/posts\/26996","targetHints":{"allow":["GET"]}}],"collection":[{"href":"http:\/\/www.korhanyilmaz.com\/index.php?rest_route=\/wp\/v2\/posts"}],"about":[{"href":"http:\/\/www.korhanyilmaz.com\/index.php?rest_route=\/wp\/v2\/types\/post"}],"author":[{"embeddable":true,"href":"http:\/\/www.korhanyilmaz.com\/index.php?rest_route=\/wp\/v2\/users\/1"}],"replies":[{"embeddable":true,"href":"http:\/\/www.korhanyilmaz.com\/index.php?rest_route=%2Fwp%2Fv2%2Fcomments&post=26996"}],"version-history":[{"count":0,"href":"http:\/\/www.korhanyilmaz.com\/index.php?rest_route=\/wp\/v2\/posts\/26996\/revisions"}],"wp:attachment":[{"href":"http:\/\/www.korhanyilmaz.com\/index.php?rest_route=%2Fwp%2Fv2%2Fmedia&parent=26996"}],"wp:term":[{"taxonomy":"category","embeddable":true,"href":"http:\/\/www.korhanyilmaz.com\/index.php?rest_route=%2Fwp%2Fv2%2Fcategories&post=26996"},{"taxonomy":"post_tag","embeddable":true,"href":"http:\/\/www.korhanyilmaz.com\/index.php?rest_route=%2Fwp%2Fv2%2Ftags&post=26996"}],"curies":[{"name":"wp","href":"https:\/\/api.w.org\/{rel}","templated":true}]}}