{"id":26992,"date":"2010-11-06T22:24:42","date_gmt":"2010-11-06T20:24:42","guid":{"rendered":"http:\/\/www.korhanyilmaz.com\/?p=26992"},"modified":"2010-11-06T22:24:42","modified_gmt":"2010-11-06T20:24:42","slug":"yeni-hsykda-gorus-ayriligi","status":"publish","type":"post","link":"http:\/\/www.korhanyilmaz.com\/?p=26992","title":{"rendered":"Yeni HSYK&#8217;da g\u00f6r\u00fc\u015f ayr\u0131l\u0131\u011f\u0131"},"content":{"rendered":"<p style=\"text-align: center;\"><a href=\"http:\/\/www.korhanyilmaz.com\/wp-content\/uploads\/2010\/11\/162.jpg\"  class=\"lightview\"><img loading=\"lazy\" decoding=\"async\" class=\"aligncenter size-full wp-image-26993\" src=\"http:\/\/www.korhanyilmaz.com\/wp-content\/uploads\/2010\/11\/162.jpg\" alt=\"\" width=\"420\" height=\"210\" \/><\/a><\/p>\n<p style=\"text-align: justify;\"><strong>Bakanl\u0131\u011f\u0131n tasla\u011f\u0131 de\u011fi\u015ftirildi.<\/strong><\/p>\n<p style=\"text-align: justify;\">Anayasa de\u011fi\u015fikli\u011fi ile yap\u0131s\u0131 de\u011fi\u015fen yeni HSYK\u2019da, \u00fcnvanl\u0131 hakim ve savc\u0131 kararnamesinde Erzincan Ba\u015fsavc\u0131s\u0131 \u0130lhan Cihaner\u2019in Adana\u2019ya d\u00fcz savc\u0131 olarak atanmas\u0131 ba\u015fta olmak \u00fczere bir\u00e7ok atamaya ili\u015fkin g\u00f6r\u00fc\u015f ayr\u0131l\u0131\u011f\u0131 ya\u015fand\u0131\u011f\u0131 \u00f6\u011frenildi. Edinilen bilgiye g\u00f6re baz\u0131 HSYK \u00fcyeleri Cihaner\u2019in \u201ctenzili r\u00fctbe\u201d anlam\u0131na gelecek atamas\u0131n\u0131n da aralar\u0131nda oldu\u011fu bir\u00e7ok atama karar\u0131na itiraz etti. <!--more--><\/p>\n<p style=\"text-align: justify;\">Yap\u0131lan oylamalar sonunda bu atamalar oy\u00e7oklu\u011fu ile ger\u00e7ekle\u015fti. Atamalara itiraz eden HSYK \u00fcyeleri de karara muhalefet \u015ferhi koydular.<\/p>\n<p style=\"text-align: justify;\">Adalet Bakanl\u0131\u011f\u0131\u2019n\u0131n haz\u0131rlad\u0131\u011f\u0131 kararname tasla\u011f\u0131nda \u00e7ok say\u0131da \u00f6nemli de\u011fi\u015fiklik yap\u0131ld\u0131\u011f\u0131 ifade edildi. Adalet Bakan\u0131 ve HSYK Ba\u015fkan\u0131 Sadullah Ergin\u2019in 190 hakim ve savc\u0131n\u0131n g\u00f6rev yerinin de\u011fi\u015ftirildi\u011fi kararname g\u00f6r\u00fc\u015fmelerine kat\u0131lmad\u0131\u011f\u0131 \u00f6\u011frenildi. Bundan \u00f6nceki \u00fcnvanl\u0131 kararnamesinde bakanlar g\u00f6r\u00fc\u015fmelere kat\u0131l\u0131yordu. Ergin\u2019in son kararname g\u00f6r\u00fc\u015fmesine kat\u0131lmamas\u0131 bu y\u00fczden dikkat \u00e7ekti. Bu arada, \u00f6nceki HSYK d\u00f6neminde kararname krizi ya\u015fanmas\u0131na neden olan baz\u0131 Ergenekon hakim ve savc\u0131lar\u0131n\u0131n g\u00f6rev yerlerinin de\u011fi\u015ftirilmesi talebi yeni HSYK\u2019ya da ta\u015f\u0131nd\u0131. \u00d6nceki Kurul\u2019dan yeni HSYK\u2019ya ge\u00e7ilirken istifa etmeyen tek as\u0131l \u00fcye olan Ali Suat Ertosun\u2019un g\u00fcndeme getirdi\u011fi bu do\u011frultudaki \u00f6neriler \u00fcyelerin talebiyle incelemeye al\u0131nd\u0131. \u00dcyelerin bu \u00f6nerileri incelemesinden sonra Ertosun\u2019un \u00f6nerileri Kurul\u2019da g\u00f6r\u00fc\u015f\u00fclecek.<\/p>\n<p style=\"text-align: justify;\"><strong>Ertosun: Gizlilik kalks\u0131n <\/strong><\/p>\n<p style=\"text-align: justify;\">Bu arada HSYK \u00fcyesi Ali Suat Ertosun, VATAN\u2019a halen y\u00fcr\u00fcrl\u00fckte olan HSYK Kanunu\u2019na g\u00f6re g\u00f6r\u00fc\u015fmelerin gizli oldu\u011funu, ancak Anayasa de\u011fi\u015fikli\u011fi do\u011frultusunda haz\u0131rlanan tasar\u0131da gizlili\u011fin kald\u0131r\u0131ld\u0131\u011f\u0131n\u0131 hat\u0131rlatt\u0131. Ertosun \u201cBen son \u00fcnvanl\u0131 kararnamesi ile \u00f6nceki d\u00f6nemde verilen b\u00fct\u00fcn kararlardaki gizlili\u011fin kald\u0131r\u0131larak muhalefet \u015ferhlerinin g\u00f6r\u00fclmesini istiyorum. Anayasa de\u011fi\u015fikli\u011fi s\u0131ras\u0131nda \u00e7ok s\u00f6yledikleri gibi \u015feffafl\u0131\u011f\u0131 istiyorlarsa bu yap\u0131lmal\u0131\u201d diye konu\u015ftu.<\/p>\n<p style=\"text-align: justify;\"><a href=\"http:\/\/haber.gazetevatan.com\/yeni-hsykda-gorus-ayriligi\/339061\/1\/Gundem\" target=\"_blank\"><span style=\"color: #888888;\">Kaynak : VATAN<\/span><\/a><\/p>\n","protected":false},"excerpt":{"rendered":"<p style=\"text-align: center;\">\n<p style=\"text-align: justify;\">Bakanl\u0131\u011f\u0131n tasla\u011f\u0131 de\u011fi\u015ftirildi.<\/p>\n<p style=\"text-align: justify;\">Anayasa de\u011fi\u015fikli\u011fi ile yap\u0131s\u0131 de\u011fi\u015fen yeni HSYK\u2019da, \u00fcnvanl\u0131 hakim ve savc\u0131 kararnamesinde Erzincan Ba\u015fsavc\u0131s\u0131 \u0130lhan Cihaner\u2019in Adana\u2019ya d\u00fcz savc\u0131 olarak atanmas\u0131 ba\u015fta olmak \u00fczere bir\u00e7ok atamaya ili\u015fkin g\u00f6r\u00fc\u015f ayr\u0131l\u0131\u011f\u0131 ya\u015fand\u0131\u011f\u0131 \u00f6\u011frenildi. Edinilen bilgiye g\u00f6re baz\u0131 HSYK \u00fcyeleri Cihaner\u2019in \u201ctenzili r\u00fctbe\u201d anlam\u0131na gelecek atamas\u0131n\u0131n da aralar\u0131nda <\/p>\n","protected":false},"author":1,"featured_media":0,"comment_status":"open","ping_status":"closed","sticky":false,"template":"","format":"standard","meta":{"footnotes":""},"categories":[105],"tags":[],"class_list":["post-26992","post","type-post","status-publish","format-standard","hentry","category-gundem","odd"],"_links":{"self":[{"href":"http:\/\/www.korhanyilmaz.com\/index.php?rest_route=\/wp\/v2\/posts\/26992","targetHints":{"allow":["GET"]}}],"collection":[{"href":"http:\/\/www.korhanyilmaz.com\/index.php?rest_route=\/wp\/v2\/posts"}],"about":[{"href":"http:\/\/www.korhanyilmaz.com\/index.php?rest_route=\/wp\/v2\/types\/post"}],"author":[{"embeddable":true,"href":"http:\/\/www.korhanyilmaz.com\/index.php?rest_route=\/wp\/v2\/users\/1"}],"replies":[{"embeddable":true,"href":"http:\/\/www.korhanyilmaz.com\/index.php?rest_route=%2Fwp%2Fv2%2Fcomments&post=26992"}],"version-history":[{"count":0,"href":"http:\/\/www.korhanyilmaz.com\/index.php?rest_route=\/wp\/v2\/posts\/26992\/revisions"}],"wp:attachment":[{"href":"http:\/\/www.korhanyilmaz.com\/index.php?rest_route=%2Fwp%2Fv2%2Fmedia&parent=26992"}],"wp:term":[{"taxonomy":"category","embeddable":true,"href":"http:\/\/www.korhanyilmaz.com\/index.php?rest_route=%2Fwp%2Fv2%2Fcategories&post=26992"},{"taxonomy":"post_tag","embeddable":true,"href":"http:\/\/www.korhanyilmaz.com\/index.php?rest_route=%2Fwp%2Fv2%2Ftags&post=26992"}],"curies":[{"name":"wp","href":"https:\/\/api.w.org\/{rel}","templated":true}]}}