{"id":26986,"date":"2010-11-06T15:42:01","date_gmt":"2010-11-06T13:42:01","guid":{"rendered":"http:\/\/www.korhanyilmaz.com\/?p=26986"},"modified":"2010-11-06T15:42:01","modified_gmt":"2010-11-06T13:42:01","slug":"mayinci-general-tutuklandi","status":"publish","type":"post","link":"http:\/\/www.korhanyilmaz.com\/?p=26986","title":{"rendered":"May\u0131nc\u0131 general tutukland\u0131!"},"content":{"rendered":"<p style=\"text-align: center;\"><a href=\"http:\/\/www.korhanyilmaz.com\/wp-content\/uploads\/2010\/11\/161.jpg\"  class=\"lightview\"><img loading=\"lazy\" decoding=\"async\" class=\"aligncenter size-full wp-image-26988\" src=\"http:\/\/www.korhanyilmaz.com\/wp-content\/uploads\/2010\/11\/161.jpg\" alt=\"\" width=\"278\" height=\"226\" \/><\/a><\/p>\n<p style=\"text-align: justify;\">Hakkari\u2019nin \u00c7ukurca il\u00e7esi Hantepe mevkiinde ge\u00e7en y\u0131l 6 Mehmet\u00e7i\u011fi \u015fehit eden may\u0131nlar\u0131 d\u00f6\u015femekle su\u00e7lanan Tu\u011fgeneral Zeki Es, Askeri Savc\u0131l\u0131k taraf\u0131ndan tutukland\u0131.<\/p>\n<p style=\"text-align: justify;\">\u0130nternette yay\u0131nlanan ses kayd\u0131nda may\u0131nlar\u0131 PKK\u2018n\u0131n de\u011fil kendisinin d\u00f6\u015fedi\u011fini s\u00f6yleyen Es\u2019in tutuklanmas\u0131 \u015fok etkisi yaratt\u0131. <!--more--><\/p>\n<p style=\"text-align: justify;\">Hakkari\u2019nin \u00c7ukurca il\u00e7esi Hantepe mevkiinde ge\u00e7ti\u011fimiz y\u0131l 27 May\u0131s\u2019ta 6 askerin \u015fehit oldu\u011fu may\u0131n patlamas\u0131yla ilgili Askeri Savc\u0131l\u0131k taraf\u0131ndan y\u00fcr\u00fct\u00fclen soru\u015fturmada \u00f6nceki g\u00fcn \u015fok bir geli\u015fme ya\u015fand\u0131. Askeri konvoyun ge\u00e7i\u015fi s\u0131ras\u0131nda patlayan may\u0131nlar\u0131 d\u00f6\u015femekle su\u00e7lanan d\u00f6nemin Hakkari Tugay Komutan\u0131 Tu\u011fgeneral Zeki Es, Cuma g\u00fcn\u00fc ak\u015fam saatlerinde tutuklanarak Mamak Askeri Cezaevi\u2019ne konuldu. Soru\u015fturma s\u00fcrerken Bursa B\u00f6lge Jandarma Komutanl\u0131\u011f\u0131 g\u00f6revine atanan ve Abdullah \u00d6calan\u2019\u0131n tutuklu oldu\u011fu \u0130mral\u0131\u2019dan da sorumlu olan Es\u2019in tutuklanmas\u0131 \u015fok etkisi yaratt\u0131.<\/p>\n<p style=\"text-align: justify;\"><strong>Askeri ara\u00e7 ge\u00e7erken patlad\u0131 <\/strong><\/p>\n<p style=\"text-align: justify;\">Tu\u011fgeneral Es\u2019in tutuklanmas\u0131na yol a\u00e7an olay, \u00c7ukurca Hantepe Mevkii\u2019nde 27 May\u0131s\u2019ta meydana geldi. Arazi arama tarama \u00e7al\u0131\u015fmas\u0131na giden ekibin ge\u00e7i\u015fi s\u0131ras\u0131nda yola d\u00f6\u015fenen may\u0131n\u0131n patlamas\u0131 s\u0131ras\u0131nda Uzman \u00c7avu\u015f Ziya Bener, Er \u00d6zkan Dumlu, Er Deniz Demirci, Er Cafer \u00c7elik, Er Kemal \u00d6zevin ve Er Adil Y\u0131ld\u0131z \u015fehit oldu. Olayda 1\u2019i a\u011f\u0131r 8 asker yaraland\u0131.<\/p>\n<p style=\"text-align: justify;\"><strong>Ba\u015fbakan randevuyu iptal etti <\/strong><\/p>\n<p style=\"text-align: justify;\">T\u00fcrkiye\u2019yi yasa bo\u011fan sald\u0131r\u0131n\u0131n PKK\u2019n\u0131n yola d\u00f6\u015fedi\u011fi may\u0131n\u0131n uzaktan kumandayla patlat\u0131lmas\u0131 sonucu ger\u00e7ekle\u015fti\u011fi a\u00e7\u0131kland\u0131. Ba\u015fbakan Recep Tayyip Erdo\u011fan, sald\u0131r\u0131dan 2 g\u00fcn sonra, 29 May\u0131s\u2019ta DTP y\u00f6neticilerine verdi\u011fi randevuyu iptal etti.<\/p>\n<p style=\"text-align: justify;\"><strong>Komutan\u0131n \u015fok ses kayd\u0131 <\/strong><\/p>\n<p style=\"text-align: justify;\">H\u00fck\u00fcmet-DTP g\u00f6r\u00fc\u015fmesinin iptaline yol a\u00e7an bu sald\u0131r\u0131n\u0131n PKK provokasyonu oldu\u011fu tart\u0131\u015fmalar\u0131 s\u00fcrerken internete d\u00fc\u015fen 3 ayr\u0131 ses kayd\u0131 \u015foka neden oldu. Hakkari T\u00fcmen Komutan\u0131 T\u00fcmgeneral G\u00fcrb\u00fcz Kaya ve \u00c7ukurca Tugay Komutan\u0131 Tu\u011fgeneral Zeki Es aras\u0131nda ge\u00e7en konu\u015fmalarda 6 askeri \u015fehit eden may\u0131nlar\u0131n PKK\u2019ya de\u011fil, TSK\u2019ya ait oldu\u011fu belirtiliyordu. Es, bu g\u00f6r\u00fc\u015fmede may\u0131nlar\u0131 bizzat kendisinin yerle\u015ftirdi\u011fini de itiraf ediyordu.<\/p>\n<p style=\"text-align: justify;\"><strong>Emniyet ses kayd\u0131n\u0131 do\u011frulad\u0131 <\/strong><\/p>\n<p style=\"text-align: justify;\">Genelkurmay Elektronik Sistemler (GES) Komutanl\u0131\u011f\u0131 taraf\u0131ndan kaydedilen bu ses kay\u0131tlar\u0131 internette yay\u0131nland\u0131ktan sonra sivil savc\u0131l\u0131k soru\u015fturma ba\u015flatt\u0131. Soru\u015fturmada Jandarma ve Emniyet Kriminal, may\u0131nlar\u0131n TSK\u2019ya ait oldu\u011funa karar verdi. Bunun \u00fczerine sivil savc\u0131l\u0131k dosyay\u0131, Askeri Savc\u0131l\u0131\u011fa g\u00f6nderdi.<\/p>\n<p style=\"text-align: justify;\"><a href=\"http:\/\/www.korhanyilmaz.com\/wp-content\/uploads\/2010\/11\/160.jpg\"  class=\"lightview\"><img loading=\"lazy\" decoding=\"async\" class=\"aligncenter size-full wp-image-26987\" src=\"http:\/\/www.korhanyilmaz.com\/wp-content\/uploads\/2010\/11\/160.jpg\" alt=\"\" width=\"320\" height=\"100\" \/><\/a><\/p>\n<p style=\"text-align: justify;\"><strong>Bu ses kay\u0131tlar\u0131 tutuklatt\u0131<\/strong><\/p>\n<p style=\"text-align: justify;\"><strong>Ses kayd\u0131 1: \u2018O may\u0131nlar\u0131 ben yerle\u015ftirdim\u2019 <\/strong><\/p>\n<p style=\"text-align: justify;\"><span style=\"text-decoration: underline;\">Hakkari T\u00fcmen Komutan\u0131 T\u00fcmgeneral G\u00fcrb\u00fcz Kaya ve \u00c7ukurca Tugay Komutan\u0131 Tu\u011fgeneral Zeki Es aras\u0131ndaki telefon konu\u015fmas\u0131 <\/span><\/p>\n<p style=\"text-align: justify;\">Z.E: Komutan\u0131m uzaktan komutal\u0131 de\u011fil. Maalesef<\/p>\n<p style=\"text-align: justify;\">G. K: De\u011fil mi?<\/p>\n<p style=\"text-align: justify;\">Z. E: De\u011fil komutan\u0131m. Uzaktan komutal\u0131 de\u011fil. Biliyorsunuz bunlar\u0131 korumak i\u00e7in ben burada s\u0131k\u0131nt\u0131l\u0131 olduklar\u0131 i\u00e7in kendim risk alarak geldim. Bizzat kendim yerle\u015ftirdim. G. K: Kolordu komutan\u0131 gelecek sabah erken saatlerde onla beraber gelicem.<\/p>\n<p style=\"text-align: justify;\">Z. E: B\u00fct\u00fcn sorumlulu\u011fu al\u0131yorum zaten komutanl\u0131k sorumlulu\u011fu olarak.<\/p>\n<p style=\"text-align: justify;\">G. K: Hepimiz al\u0131r\u0131z o konuda teredd\u00fcd\u00fcm\u00fcz yok.<\/p>\n<p style=\"text-align: justify;\">Z. E: Ben bu \u00e7ocuklar\u0131 koruyay\u0131m diye onlar\u0131 d\u00f6\u015fedim. Ama onlar demek ki bu hassasiyeti o kadar y\u0131rt\u0131nmama ra\u011fmen g\u00f6stermemi\u015fler. Komutan\u0131m sizi b\u00f6yle s\u0131k\u0131nt\u0131ya soktu\u011fum i\u00e7in kahroluyorum.<\/p>\n<p style=\"text-align: justify;\">G. K: Sen merak etme hi\u00e7 onda bir s\u0131k\u0131nt\u0131 yok. Kahrolacak bir \u015fey yok. Burada hayat\u0131m\u0131z\u0131 ortaya koyup m\u00fccadele veriyoruz. Bu m\u00fccadelenin i\u00e7erisinde birileri ufak tefek hata yapacakt\u0131r.<\/p>\n<p style=\"text-align: justify;\"><strong>Ses kayd\u0131 2: \u2018Yukar\u0131ya may\u0131nlar\u0131 \u00f6rg\u00fct yerle\u015ftirdi\u2019<\/strong><\/p>\n<p style=\"text-align: justify;\"><span style=\"text-decoration: underline;\">\u00c7ukurca Tugay Komutan\u0131 Tu\u011fgeneral Zeki Es ve Tabur Komutan\u0131 Yarbay Taner aras\u0131nda ge\u00e7en telefon konu\u015fmas\u0131&#8230;<\/span><\/p>\n<p style=\"text-align: justify;\">Z.E: Evet. Bu yukar\u0131ya nas\u0131l bildirdiniz ilk kaza olay raporunu<\/p>\n<p style=\"text-align: justify;\">T: Komutan\u0131m sadece operasyonun ba\u015flang\u0131c\u0131ndan sonra ilerleme esnas\u0131nda muhtemelen EEP\u2019ye oldu\u011fu de\u011ferlendirilen patlam\u0131\u015ft\u0131r. \u015eehit ve yaral\u0131lar\u0131n kimliklerini sayd\u0131k. De\u011ferlendirme olarak da muhtemelen b\u00f6lgede yap\u0131lan operasyonlar\u0131 engellemek maksad\u0131yla b\u00f6l\u00fcc\u00fc ter\u00f6r \u00f6rg\u00fct\u00fc mensuplar\u0131 taraf\u0131ndan EEP d\u00f6\u015fenmi\u015f olabilece\u011fi de\u011ferlendirilmektedir \u015feklinde hi\u00e7 teferruata girmeden y\u00fczeysel bir \u015fey yazd\u0131k komutan\u0131m. T\u00fcmen Komutan\u0131m\u0131z kendisi de g\u00f6rd\u00fc birka\u00e7 kez \u00f6zellikle bakarak. Olan olay\u0131 da o \u015fekilde yazd\u0131k.<\/p>\n<p style=\"text-align: justify;\">Z.E: Peki Taner var m\u0131 s\u00f6yleyece\u011fin bir \u015fey?<\/p>\n<p style=\"text-align: justify;\">T: Hastane kay\u0131tlar\u0131na ge\u00e7en 6 \u015fehit 8 yaral\u0131 olarak komutan\u0131m, bizim bildirdi\u011fimiz o \u015fekilde.<\/p>\n<p style=\"text-align: justify;\">Z.E: Anlad\u0131m Taner.<\/p>\n<p style=\"text-align: justify;\"><strong>Ses kayd\u0131 3: \u2018Konu\u015fmalar kaydediliyor, fazla konu\u015fma, dikkatli ol\u2019<\/strong><\/p>\n<p style=\"text-align: justify;\"><span style=\"text-decoration: underline;\">\u00c7ukurca Tugay Komutan\u0131 Tu\u011fgeneral Zeki Es ve ismi belli olmayan bir komutan aras\u0131nda ge\u00e7en telefon konu\u015fmas\u0131..<\/span><\/p>\n<p style=\"text-align: justify;\">KOMUTAN: Zeki sen misin abicim? Sesin biraz \u015fey. Sen yaln\u0131z m\u0131s\u0131n? Nas\u0131l?<\/p>\n<p style=\"text-align: justify;\">Z.E: Astsubay yan\u0131mda di\u011fer arkada\u015flar Asayi\u015f Komutan\u0131 ile T\u00fcmen Komutan\u0131n\u0131n yan\u0131nda<\/p>\n<p style=\"text-align: justify;\">KOMUTAN: Ha \u015feyi s\u00f6yleyece\u011fim, bu konu\u015fmalar\u0131n hepsi kaydediliyormu\u015f fazla \u015fey yapmay\u0131n. Anlad\u0131m m\u0131 dedi\u011fimi?<\/p>\n<p style=\"text-align: justify;\">Z.E: Anlad\u0131m.<\/p>\n<p style=\"text-align: justify;\">KOMUTAN: Beni arad\u0131lar s\u00f6ylediler. Senin bu arad\u0131\u011f\u0131nla ilgili<\/p>\n<p style=\"text-align: justify;\">Z.E: Kim s\u00f6yledi size?<\/p>\n<p style=\"text-align: justify;\">KOMUTAN: GES Komutan\u0131, beni arad\u0131 sabah tamam.<\/p>\n<p style=\"text-align: justify;\">Z.E: Anlad\u0131m.<\/p>\n<p style=\"text-align: justify;\">KOMUTAN: Abi hepimizin ba\u015f\u0131 sa\u011f olsun. Yapaca\u011f\u0131m\u0131z bir \u015fey yok biliyorsun. Takdiri \u0130lahi. G\u00f6rev de devam edecek tabi. Ben de d\u00fcn geldim yani ak\u015fam \u00fczeri geldim. \u00d6yle devam ediyoruz i\u015fte ne yapal\u0131m yani. \u00d6p\u00fcyorum. G\u00f6r\u00fc\u015f\u00fcr\u00fcz abici\u011fim. Herkesin ba\u015f\u0131 sa\u011f olsun. Oradakiler sana emanet moralini y\u00fcksek tut.<\/p>\n<p style=\"text-align: justify;\"><a href=\"http:\/\/haber.gazetevatan.com\/mayinci-general-tutuklandi\/338998\/1\/Gundem\" target=\"_blank\"><span style=\"color: #888888;\">Kaynak : VATAN<\/span><\/a><\/p>\n","protected":false},"excerpt":{"rendered":"<p style=\"text-align: center;\">\n<p style=\"text-align: justify;\">Hakkari\u2019nin \u00c7ukurca il\u00e7esi Hantepe mevkiinde ge\u00e7en y\u0131l 6 Mehmet\u00e7i\u011fi \u015fehit eden may\u0131nlar\u0131 d\u00f6\u015femekle su\u00e7lanan Tu\u011fgeneral Zeki Es, Askeri Savc\u0131l\u0131k taraf\u0131ndan tutukland\u0131.<\/p>\n<p style=\"text-align: justify;\">\u0130nternette yay\u0131nlanan ses kayd\u0131nda may\u0131nlar\u0131 PKK\u2018n\u0131n de\u011fil kendisinin d\u00f6\u015fedi\u011fini s\u00f6yleyen Es\u2019in tutuklanmas\u0131 \u015fok etkisi yaratt\u0131. <\/p>\n","protected":false},"author":1,"featured_media":0,"comment_status":"open","ping_status":"closed","sticky":false,"template":"","format":"standard","meta":{"footnotes":""},"categories":[105],"tags":[],"class_list":["post-26986","post","type-post","status-publish","format-standard","hentry","category-gundem","odd"],"_links":{"self":[{"href":"http:\/\/www.korhanyilmaz.com\/index.php?rest_route=\/wp\/v2\/posts\/26986","targetHints":{"allow":["GET"]}}],"collection":[{"href":"http:\/\/www.korhanyilmaz.com\/index.php?rest_route=\/wp\/v2\/posts"}],"about":[{"href":"http:\/\/www.korhanyilmaz.com\/index.php?rest_route=\/wp\/v2\/types\/post"}],"author":[{"embeddable":true,"href":"http:\/\/www.korhanyilmaz.com\/index.php?rest_route=\/wp\/v2\/users\/1"}],"replies":[{"embeddable":true,"href":"http:\/\/www.korhanyilmaz.com\/index.php?rest_route=%2Fwp%2Fv2%2Fcomments&post=26986"}],"version-history":[{"count":0,"href":"http:\/\/www.korhanyilmaz.com\/index.php?rest_route=\/wp\/v2\/posts\/26986\/revisions"}],"wp:attachment":[{"href":"http:\/\/www.korhanyilmaz.com\/index.php?rest_route=%2Fwp%2Fv2%2Fmedia&parent=26986"}],"wp:term":[{"taxonomy":"category","embeddable":true,"href":"http:\/\/www.korhanyilmaz.com\/index.php?rest_route=%2Fwp%2Fv2%2Fcategories&post=26986"},{"taxonomy":"post_tag","embeddable":true,"href":"http:\/\/www.korhanyilmaz.com\/index.php?rest_route=%2Fwp%2Fv2%2Ftags&post=26986"}],"curies":[{"name":"wp","href":"https:\/\/api.w.org\/{rel}","templated":true}]}}