{"id":26978,"date":"2010-11-07T10:43:16","date_gmt":"2010-11-07T08:43:16","guid":{"rendered":"http:\/\/www.korhanyilmaz.com\/?p=26978"},"modified":"2010-11-07T10:43:16","modified_gmt":"2010-11-07T08:43:16","slug":"gul-basortusu-sorunu-fiilen-cozuldu","status":"publish","type":"post","link":"http:\/\/www.korhanyilmaz.com\/?p=26978","title":{"rendered":"G\u00fcl: &#8220;Ba\u015f\u00f6rt\u00fcs\u00fc sorunu fiilen \u00e7\u00f6z\u00fcld\u00fc&#8221;"},"content":{"rendered":"<p style=\"text-align: center;\"><a href=\"http:\/\/www.korhanyilmaz.com\/wp-content\/uploads\/2010\/11\/157.jpg\"  class=\"lightview\"><img loading=\"lazy\" decoding=\"async\" class=\"aligncenter size-full wp-image-26979\" src=\"http:\/\/www.korhanyilmaz.com\/wp-content\/uploads\/2010\/11\/157.jpg\" alt=\"\" width=\"307\" height=\"236\" \/><\/a><\/p>\n<p style=\"text-align: justify;\">Cumhurba\u015fkan\u0131 Abdullah G\u00fcl, Londra yolunda u\u00e7akta konu\u015ftu. Ter\u00f6rle m\u00fccadeleden, \u00fcniversitelerdeki t\u00fcrban sorununa \u00f6nemli mesajlar verdi. G\u00fcl, &#8220;Ter\u00f6r \u00f6rg\u00fct\u00fc izole edilmeye ba\u015flad\u0131&#8221; dedi ama yanl\u0131\u015f\u0131n d\u00fczeltilmesi i\u00e7in f\u0131rsat verilmesi gerekti\u011fini s\u00f6yledi. Cumhurba\u015fkan\u0131, ba\u015f\u00f6rt\u00fcs\u00fc konusundaki durumu da \u00f6zel televizyonlar\u0131n kurulu\u015f a\u015famas\u0131na benzetti, &#8220;Fiilen \u00e7\u00f6z\u00fcld\u00fc&#8221; diye konu\u015ftu. <!--more--><\/p>\n<p style=\"text-align: justify;\">Londra yolunda u\u00e7akta gazeteciler sordu, Cumhurba\u015fkan\u0131 Abdullah G\u00fcl yan\u0131tlad\u0131. T\u00fcrkiye g\u00fcndemine dair \u00f6nemli mesajlar verdi&#8230;<\/p>\n<p style=\"text-align: justify;\">Cumhurba\u015fkan\u0131 G\u00fcl&#8217;e g\u00f6re, \u00fcniversitelerdeki t\u00fcrban sorunu fiilen \u00e7\u00f6z\u00fclm\u00fc\u015f durumda:<\/p>\n<p style=\"text-align: justify;\">&#8220;\u00d6zel televizyon yay\u0131n\u0131nda da b\u00f6yle olmu\u015ftu. Fiili uygulama, hukuki d\u00fczenlemeden \u00f6nce gelmi\u015fti. Bu konuda ilgili hukuki d\u00fczenlemenin, ileride bir problem \u00e7\u0131kmamas\u0131 i\u00e7in sakin bir \u015fekilde yap\u0131lmas\u0131 do\u011fru olur.&#8221;<\/p>\n<p style=\"text-align: justify;\">T\u00fcrkiye&#8217;nin g\u00fcndeminin de\u011fi\u015fmeyen en \u00f6nemli maddesi ter\u00f6rle m\u00fccadele ve K\u00fcrt sorunu&#8230; G\u00fcl, &#8220;ter\u00f6r \u00f6rg\u00fct\u00fcn\u00fcn izole edilmeye ba\u015flad\u0131\u011f\u0131n\u0131&#8221; vurgulad\u0131, ama sab\u0131r istedi.<\/p>\n<p style=\"text-align: justify;\">Cumhurba\u015fkan\u0131, &#8220;Ta\u015fla silahla ter\u00f6rle bir yere var\u0131lamayaca\u011f\u0131n\u0131 herkes g\u00f6rd\u00fc&#8221; dedi. G\u00fcl&#8217;e g\u00f6re, da\u011fdakilere de f\u0131rsat verilmeli:<\/p>\n<p style=\"text-align: justify;\">&#8220;\u00d6n\u00fcm\u00fczde bir yanl\u0131\u015f varsa, d\u00fczeltebilmesi i\u00e7in kar\u015f\u0131n\u0131zdakine f\u0131rsat vereceksiniz. Bu, silahla olmaz. \u00c7ok boyutlu bir m\u00fccadele bi\u00e7imi var. Bak\u0131n, da\u011fdaki insan ne sa\u011fl\u0131kl\u0131 d\u00fc\u015f\u00fcnebilir, ne de sa\u011fl\u0131kl\u0131 bir de\u011ferlendirme yapabilir. Onun bu yoldan vazge\u00e7mesinde  de yol g\u00f6stericili\u011fi biz yapaca\u011f\u0131z.&#8221;<\/p>\n<p style=\"text-align: justify;\">Cumhurba\u015fkan\u0131 Abdullah G\u00fcl, KCK davas\u0131nda K\u00fcrt\u00e7e savunma konusundaki tart\u0131\u015fmalara da de\u011findi ve &#8220;\u0130\u00e7lerinde T\u00fcrk\u00e7e bilmeyen varsa tabii ki dilinde yapacak. Fakat mahkeme safahati bir m\u00fccadele a\u015famas\u0131na d\u00f6n\u00fc\u015ft\u00fcr\u00fcl\u00fcyorsa ona da kimse izin vermez&#8221; dedi.<\/p>\n<p style=\"text-align: justify;\">G\u00fcl, \u00fcniversitelere ve HSYK&#8217;ya yapt\u0131\u011f\u0131 atamalarla ilgili ele\u015ftirilere de yan\u0131t verdi, ele\u015ftirilerin tek yanl\u0131 yap\u0131ld\u0131\u011f\u0131n\u0131 s\u00f6yledi.<\/p>\n<p style=\"text-align: justify;\">G\u00fcl, &#8220;Bana haks\u0131zl\u0131k yap\u0131l\u0131yor. Ben Anayasa Mahkemesi&#8217;ne iki asil \u00fcye atad\u0131m. Biri asker, biri sivil. Kimsenin e\u015fini, han\u0131m\u0131 takip etmiyorum. Siyasete bula\u015f\u0131p bula\u015fmad\u0131klar\u0131na bak\u0131yorum. HSYK&#8217;da Ali Suat Ertosun&#8217;u ben atad\u0131m mesela. Alevi kesimden rekt\u00f6r atad\u0131m&#8221; diye konu\u015ftu.<\/p>\n<p style=\"text-align: justify;\">Ve Cumhurba\u015fkan\u0131 G\u00fcl&#8217;den T\u00fcrkiye&#8217;nin uluslararas\u0131 ili\u015fkileriyle ilgili iki \u00f6nemli mesaj daha.<\/p>\n<p style=\"text-align: justify;\">G\u00fcl, f\u00fcze kalkan\u0131n\u0131n konu\u015fulaca\u011f\u0131 NATO zirvesi i\u00e7in, &#8220;Amerika ve Avrupa Birli\u011fi ile ili\u015fkileri bozmaz&#8221; dedi.<\/p>\n<p style=\"text-align: justify;\">Ermenistan ile ili\u015fkilerin normalle\u015fmesi konusunda ise, &#8220;Bu mesele \u00f6lm\u00fc\u015f de de\u011fil, donmu\u015f da de\u011fil. Biraz sessiz gidiyor baz\u0131 \u015feyler&#8221; \u015feklinde konu\u015ftu.<\/p>\n<p style=\"text-align: justify;\"><a href=\"http:\/\/www.cnnturk.com\/2010\/dunya\/11\/07\/gul.basortusu.sorunu.fiilen.cozuldu\/595698.0\/index.html\" target=\"_blank\"><span style=\"color: #888888;\">CNN T\u00dcRK<\/span><\/a><\/p>\n","protected":false},"excerpt":{"rendered":"<p style=\"text-align: center;\">\n<p style=\"text-align: justify;\">Cumhurba\u015fkan\u0131 Abdullah G\u00fcl, Londra yolunda u\u00e7akta konu\u015ftu. Ter\u00f6rle m\u00fccadeleden, \u00fcniversitelerdeki t\u00fcrban sorununa \u00f6nemli mesajlar verdi. G\u00fcl, &#8220;Ter\u00f6r \u00f6rg\u00fct\u00fc izole edilmeye ba\u015flad\u0131&#8221; dedi ama yanl\u0131\u015f\u0131n d\u00fczeltilmesi i\u00e7in f\u0131rsat verilmesi gerekti\u011fini s\u00f6yledi. Cumhurba\u015fkan\u0131, ba\u015f\u00f6rt\u00fcs\u00fc konusundaki durumu da \u00f6zel televizyonlar\u0131n kurulu\u015f a\u015famas\u0131na benzetti, &#8220;Fiilen \u00e7\u00f6z\u00fcld\u00fc&#8221; diye konu\u015ftu. <\/p>\n","protected":false},"author":1,"featured_media":0,"comment_status":"open","ping_status":"closed","sticky":false,"template":"","format":"standard","meta":{"footnotes":""},"categories":[105],"tags":[],"class_list":["post-26978","post","type-post","status-publish","format-standard","hentry","category-gundem","odd"],"_links":{"self":[{"href":"http:\/\/www.korhanyilmaz.com\/index.php?rest_route=\/wp\/v2\/posts\/26978","targetHints":{"allow":["GET"]}}],"collection":[{"href":"http:\/\/www.korhanyilmaz.com\/index.php?rest_route=\/wp\/v2\/posts"}],"about":[{"href":"http:\/\/www.korhanyilmaz.com\/index.php?rest_route=\/wp\/v2\/types\/post"}],"author":[{"embeddable":true,"href":"http:\/\/www.korhanyilmaz.com\/index.php?rest_route=\/wp\/v2\/users\/1"}],"replies":[{"embeddable":true,"href":"http:\/\/www.korhanyilmaz.com\/index.php?rest_route=%2Fwp%2Fv2%2Fcomments&post=26978"}],"version-history":[{"count":0,"href":"http:\/\/www.korhanyilmaz.com\/index.php?rest_route=\/wp\/v2\/posts\/26978\/revisions"}],"wp:attachment":[{"href":"http:\/\/www.korhanyilmaz.com\/index.php?rest_route=%2Fwp%2Fv2%2Fmedia&parent=26978"}],"wp:term":[{"taxonomy":"category","embeddable":true,"href":"http:\/\/www.korhanyilmaz.com\/index.php?rest_route=%2Fwp%2Fv2%2Fcategories&post=26978"},{"taxonomy":"post_tag","embeddable":true,"href":"http:\/\/www.korhanyilmaz.com\/index.php?rest_route=%2Fwp%2Fv2%2Ftags&post=26978"}],"curies":[{"name":"wp","href":"https:\/\/api.w.org\/{rel}","templated":true}]}}