{"id":26968,"date":"2010-11-06T16:42:15","date_gmt":"2010-11-06T14:42:15","guid":{"rendered":"http:\/\/www.korhanyilmaz.com\/?p=26968"},"modified":"2010-11-06T16:42:15","modified_gmt":"2010-11-06T14:42:15","slug":"kilicdaroglu-onu-indirecegim-o-koltuktan","status":"publish","type":"post","link":"http:\/\/www.korhanyilmaz.com\/?p=26968","title":{"rendered":"K\u0131l\u0131\u00e7daro\u011flu: &#8220;Onu indirece\u011fim o koltuktan&#8221;"},"content":{"rendered":"<p style=\"text-align: center;\"><a href=\"http:\/\/www.korhanyilmaz.com\/wp-content\/uploads\/2010\/11\/156.jpg\"  class=\"lightview\"><img loading=\"lazy\" decoding=\"async\" class=\"aligncenter size-full wp-image-26969\" src=\"http:\/\/www.korhanyilmaz.com\/wp-content\/uploads\/2010\/11\/156.jpg\" alt=\"\" width=\"307\" height=\"236\" \/><\/a><\/p>\n<p style=\"text-align: justify;\">CHP Genel Ba\u015fkan\u0131 Kemal K\u0131l\u0131\u00e7daro\u011flu, Ba\u015fbakan Recep Tayyip Erdo\u011fan&#8217;\u0131n, &#8220;Halk oylamas\u0131 bitti, muhalefet Ankara&#8217;ya kapand\u0131, hatta, birileri milletin derdini bir kenara b\u0131rak\u0131p yine kendi derdine d\u00fc\u015ft\u00fc&#8221; s\u00f6z\u00fcne kar\u015f\u0131l\u0131k, &#8220;Say\u0131n Ba\u015fbakan, bug\u00fcn gelip havaalan\u0131n\u0131 g\u00f6rseydi, CHP i\u00e7ine mi kapand\u0131, d\u0131\u015far\u0131 m\u0131 a\u00e7\u0131ld\u0131 daha iyi g\u00f6r\u00fcrd\u00fc. Onu indirece\u011fim o koltuktan meraklanmas\u0131n&#8221; dedi.<!--more--><\/p>\n<p style=\"text-align: justify;\">K\u0131l\u0131\u00e7daro\u011flu, Erdal \u0130n\u00f6n\u00fc i\u00e7in d\u00fczenlenecek anma t\u00f6renine kat\u0131lmak i\u00e7in \u0130stanbul&#8217;a hareketinden \u00f6nce Esenbo\u011fa Havaliman\u0131&#8217;nda gazetecilerin sorular\u0131n\u0131 yan\u0131tlad\u0131.<\/p>\n<p style=\"text-align: justify;\">Bir gazetecinin, Yarg\u0131tay&#8217;\u0131n Mehmet Haberal ile ilgili karar\u0131n\u0131n sorulmas\u0131 \u00fczerine, &#8220;Yarg\u0131 karar\u0131d\u0131r, herkesin sayg\u0131 duymas\u0131 gerekir. Gere\u011fi neyse yap\u0131l\u0131r&#8221; dedi.<\/p>\n<p style=\"text-align: justify;\">&#8220;CHP&#8217;de art\u0131k ta\u015flar yerine oturdu mu&#8221; sorusuna da K\u0131l\u0131\u00e7daro\u011flu, &#8220;CHP&#8217;de ta\u015flar yerine oturdu&#8221; kar\u015f\u0131l\u0131\u011f\u0131n\u0131 verdi.<\/p>\n<p style=\"text-align: justify;\"><strong>&#8220;De\u011fi\u015fim CHP&#8217;nin ruhunda var&#8221; <\/strong><\/p>\n<p style=\"text-align: justify;\">Bah\u00e7e\u015fehir \u00dcniversitesi&#8217;nde d\u00fczenlenen SHP&#8217;nin Onursal Genel Ba\u015fkan\u0131 ve eski Ba\u015fbakan Yard\u0131mc\u0131s\u0131 Prof. Dr. Erdal \u0130n\u00f6n\u00fc&#8217;y\u00fc anma toplant\u0131s\u0131na kat\u0131lmak \u00fczere Ankara&#8217;dan u\u00e7akla \u0130stanbul&#8217;a gelen K\u0131l\u0131\u00e7daro\u011flu, Atat\u00fcrk Havaliman\u0131 VIP Salonu \u00f6n\u00fcnde kalabal\u0131k bir partili toplulu\u011fu taraf\u0131ndan sloganlar ve pankartlarla kar\u015f\u0131land\u0131.<\/p>\n<p style=\"text-align: justify;\">\u0130zdiham\u0131n ya\u015fand\u0131\u011f\u0131 ve zaman zaman da arbedenin \u00e7\u0131kt\u0131\u011f\u0131 kar\u015f\u0131lama s\u0131ras\u0131nda g\u00fc\u00e7l\u00fckle parti otob\u00fcs\u00fcne binen K\u0131l\u0131\u00e7daro\u011flu, otob\u00fcs\u00fcn \u00fczerine \u00e7\u0131karak partilileri selamlad\u0131 ve onlara hitap etti.<\/p>\n<p style=\"text-align: justify;\">&#8220;Bir \u015feyi unutmuyoruz; g\u00fcn\u00fcm\u00fcz birlik g\u00fcn\u00fc, beraber olma g\u00fcn\u00fc, iktidara ko\u015fma g\u00fcn\u00fc, T\u00fcrkiye&#8217;yi kurtarma g\u00fcn\u00fc&#8221; diye s\u00f6zlerine ba\u015flayan K\u0131l\u0131\u00e7daro\u011flu, \u00f6nemli bir de\u011fi\u015fim ya\u015fad\u0131klar\u0131n\u0131 ifade ederek, \u015funlar\u0131 s\u00f6yledi:<\/p>\n<p style=\"text-align: justify;\">&#8220;De\u011fi\u015fim, Cumhuriyet Halk Partisi&#8217;nin ruhunda olan bir \u015feydir. O ruhu yakalad\u0131k. \u015eimdi hep beraber, birlikte, tek y\u00fcrek, halkla i\u00e7 i\u00e7e olaca\u011f\u0131z. Tarlalarda, fabrikalarda, merdiven alt\u0131 at\u00f6lyelerde olaca\u011f\u0131z. Herkesi kucaklayaca\u011f\u0131z ve T\u00fcrkiye&#8217;yi ayd\u0131nl\u0131\u011fa \u00e7\u0131karaca\u011f\u0131z. D\u00fcn liderlerimizden birisi, efsane liderimiz B\u00fclent Ecevit&#8217;i and\u0131k. Bug\u00fcn bir ba\u015fka liderimiz Erdal \u0130n\u00f6n\u00fc&#8217;y\u00fc anaca\u011f\u0131z. Onlar bizim \u00e7izgimizi belirlemi\u015flerdi. Onlar halktan yana politika \u00fcretiyorlard\u0131. Biz sonuna kadar onlar\u0131n arkas\u0131nda olaca\u011f\u0131z. Onlar\u0131n izinden y\u00fcr\u00fcyece\u011fiz ve T\u00fcrkiye&#8217;yi ayd\u0131nl\u0131\u011fa kavu\u015fturaca\u011f\u0131z.<\/p>\n<p style=\"text-align: justify;\">\u015eunun \u00fczerini \u00f6zenle \u00e7izmek istiyorum; ayr\u0131lmayaca\u011f\u0131z, beraber olaca\u011f\u0131z, g\u00fc\u00e7l\u00fc olaca\u011f\u0131z, halk\u0131 kucaklayaca\u011f\u0131z, birlik ve beraberli\u011fimizden \u00f6d\u00fcn vermeyece\u011fiz. Ge\u00e7mi\u015fteki kavgalar\u0131 bir tarafa b\u0131rak\u0131yoruz, k\u00fcsk\u00fcnl\u00fckleri bir tarafa b\u0131rak\u0131yoruz. Cumhuriyet Halk Partisi&#8217;nin kap\u0131s\u0131 b\u00fct\u00fcn halka a\u00e7\u0131k olacakt\u0131r. Umudum sizlersiniz, umudum halkt\u0131r, halkla beraber yolumuza devam edece\u011fiz.&#8221;<\/p>\n<p style=\"text-align: justify;\"><strong>Erdo\u011fan&#8217;a an\u0131nda cevap <\/strong><\/p>\n<p style=\"text-align: justify;\">CHP Genel Ba\u015fkan\u0131 Kemal K\u0131l\u0131\u00e7daro\u011flu, Ba\u015fbakan Recep Tayyip Erdo\u011fan&#8217;\u0131n, &#8220;Halk oylamas\u0131 bitti, muhalefet Ankara&#8217;ya kapand\u0131, hatta, birileri milletin derdini bir kenara b\u0131rak\u0131p yine kendi derdine d\u00fc\u015ft\u00fc&#8221; s\u00f6z\u00fcne kar\u015f\u0131l\u0131k, &#8220;Say\u0131n Ba\u015fbakan, bug\u00fcn gelip havaalan\u0131n\u0131 g\u00f6rseydi, CHP i\u00e7ine mi kapand\u0131, d\u0131\u015far\u0131 m\u0131 a\u00e7\u0131ld\u0131 daha iyi g\u00f6r\u00fcrd\u00fc. Onu indirece\u011fim o koltuktan meraklanmas\u0131n&#8221; dedi.<\/p>\n<p style=\"text-align: center;\">[flv]http:\/\/cdn.dogantv.com.tr\/cnnturk\/haber\/06.11.2010\/basbakan.flv[\/flv]<\/p>\n<p style=\"text-align: justify;\">Eski ba\u015fbakan yard\u0131mc\u0131lar\u0131ndan Prof. Dr. Erdal \u0130n\u00f6n\u00fc&#8217;y\u00fc anma toplant\u0131s\u0131na kat\u0131lmak \u00fczere CHP \u0130stanbul \u0130l Ba\u015fkan\u0131 Berhan \u015eim\u015fek ve Genel Ba\u015fkan Yard\u0131mc\u0131s\u0131 G\u00fcrsel Tekin ile birlikte Bah\u00e7e\u015fehir \u00dcniversitesine gelen Kemal K\u0131l\u0131\u00e7daro\u011flu, gazetecilerin sorular\u0131n\u0131 yan\u0131tlad\u0131.<\/p>\n<p style=\"text-align: justify;\">K\u0131l\u0131\u00e7daro\u011flu, Ba\u015fbakan Erdo\u011fan&#8217;\u0131n, referandumdan sonra CHP&#8217;nin i\u00e7ine kapand\u0131\u011f\u0131 yolundaki s\u00f6zlerinin hat\u0131rlat\u0131lmas\u0131 \u00fczerine, Atat\u00fcrk Havaliman\u0131&#8217;ndaki kar\u015f\u0131lamay\u0131 an\u0131msatarak, &#8220;Say\u0131n Ba\u015fbakan, bug\u00fcn gelip havaalan\u0131n\u0131 g\u00f6rseydi CHP i\u00e7ine mi kapand\u0131 d\u0131\u015far\u0131 m\u0131 a\u00e7\u0131ld\u0131 daha iyi g\u00f6r\u00fcrd\u00fc&#8221; dedi.<\/p>\n<p style=\"text-align: justify;\">Bir gazetecinin, Ba\u015fbakan Erdo\u011fan&#8217;\u0131n, &#8220;CHP&#8217;nin s\u00fcrekli i\u00e7 i\u015fleriyle u\u011fra\u015fmas\u0131ndan duydu\u011fu memnuniyeti dile getirdi\u011fini&#8221; s\u00f6ylemesi \u00fczerine de, &#8220;Daha iyi ya, mutluysa mesele yok. Onu indirece\u011fim o koltuktan meraklanmas\u0131n&#8221; diye konu\u015ftu.<\/p>\n<p style=\"text-align: justify;\">CHP Genel Sekreteri S\u00fcheyl Batum da Bah\u00e7e\u015fehir \u00dcniversitesine geli\u015finde ayn\u0131 y\u00f6ndeki soru \u00fczerine, \u015funlar\u0131 s\u00f6yledi:<\/p>\n<p style=\"text-align: justify;\">&#8220;Ba\u015fbakan b\u00f6yle s\u00f6yl\u00fcyorsa sevindim. CHP&#8217;nin nas\u0131l bir anlay\u0131\u015f i\u00e7erisine girdi\u011fini daha anlayamam\u0131\u015f demektir. Biz daha \u00f6nce de amac\u0131m\u0131z\u0131 s\u00f6yledik. CHP art\u0131k, referandum sonras\u0131nda da g\u00f6stermi\u015ftir ki T\u00fcrkiye&#8217;de bu kadar bask\u0131ya bu kadar inan\u0131lmaz eziyete ra\u011fmen, hala halk\u0131n \u00e7ok b\u00fcy\u00fck bir \u00e7o\u011funlu\u011fu y\u00fczde 50&#8217;ye yak\u0131n\u0131, hatta y\u00fczde 50&#8217;si bu bask\u0131ya itibar etmeyece\u011fini, bu bask\u0131ya, tehdide boyun e\u011fmeyece\u011fini g\u00f6stermi\u015ftir. CHP de bu kitlenin tamam\u0131n\u0131n ve hatta \u015fu anda bu bask\u0131ya boyun e\u011fmek zorunda kalan kitlenin de oyuna talip oldu\u011funu ve bunu alarak iktidar olaca\u011f\u0131n\u0131 g\u00f6stermi\u015ftir. Ba\u015fbakan&#8217;\u0131n bunun fark\u0131nda olmamas\u0131, anamuhalefet partisinin bir \u00fcyesi olarak beni memnun eder. Fark\u0131nda olsa daha tehlikeli olurdu.&#8221;<\/p>\n<p style=\"text-align: justify;\">Ba\u015fbakan Erdo\u011fan&#8217;\u0131n, CHP&#8217;nin &#8220;kendi i\u00e7 dinami\u011fini oturtamam\u0131\u015f, parti i\u00e7i muhalefetle u\u011fra\u015fan parti&#8221; durumunda oldu\u011fu yolundaki s\u00f6zleri \u00fczerine de &#8220;Ba\u015fbakan&#8217;\u0131n bizim partimiz hakk\u0131nda ne d\u00fc\u015f\u00fcnd\u00fc\u011f\u00fc, beni \u00e7ok ilgilendirmiyor&#8221; diyen Batum, \u015f\u00f6yle devam etti:<\/p>\n<p style=\"text-align: justify;\">&#8220;Ba\u015fbakan, T\u00fcrkiye&#8217;de insanlar\u0131 nas\u0131l yoksulla\u015ft\u0131rd\u0131\u011f\u0131n\u0131 nas\u0131l kad\u0131nlar\u0131n i\u015f g\u00fcc\u00fcne kat\u0131l\u0131m\u0131nda 134 \u00fclke aras\u0131nda 131&#8217;inci yapt\u0131\u011f\u0131n\u0131, nas\u0131l T\u00fcrkiye&#8217;yi, &#8216;D\u00fcnyan\u0131n 17. b\u00fcy\u00fck ekonomisi yapt\u0131m&#8217; derken, servetin ki\u015filer aras\u0131ndaki da\u011f\u0131l\u0131m\u0131nda 54. \u00fclke konumuna d\u00fc\u015f\u00fcrd\u00fc\u011f\u00fcn\u00fc anlats\u0131n. Sonra da CHP&#8217;nin i\u00e7 i\u015flerine kar\u0131\u015fs\u0131n. Tabii ki Ba\u015fbakan&#8217;a, ba\u015fbakan olarak sayg\u0131m\u0131z sonsuz, ama bir siyaset\u00e7i olarak \u015fahsen beni \u00e7ok ilgilendirmiyor.&#8221;<\/p>\n<p style=\"text-align: justify;\"><strong>Sav&#8217;a mektup <\/strong><\/p>\n<p style=\"text-align: justify;\">Bu arada CHP&#8217;den yap\u0131lan a\u00e7\u0131klamada, K\u0131l\u0131\u00e7daro\u011flu&#8217;nun CHP&#8217;nin yeni y\u00f6netimi belirlendikten sonra \u00f6nceki Genel Sekreter \u00d6nder Sav&#8217;a bir te\u015fekk\u00fcr mektubu g\u00f6nderdi\u011fi belirtildi.<\/p>\n<p style=\"text-align: justify;\">K\u0131l\u0131\u00e7daro\u011flu, mektubunda \u015fu ifadelere yer verdi:<\/p>\n<p style=\"text-align: justify;\">&#8220;Yarg\u0131tay Cumhuriyet Ba\u015fsavc\u0131l\u0131\u011f\u0131n\u0131n 16 Ekim 2010 g\u00fcnl\u00fc yaz\u0131s\u0131 ve Parti t\u00fcz\u00fc\u011f\u00fcn\u00fcn 39.maddesi uyar\u0131nca Merkez Y\u00f6netim Kurulu \u00fcyeliklerine g\u00f6revlendirme yapt\u0131m. Genel Sekreter olarak Parti Meclisi \u00dcyesi S\u00fcheyl Batum&#8217;u g\u00f6revlendirdim. Partimizin en k\u0131demli \u00fcyelerinden birisi olarak, her kademede yapt\u0131\u011f\u0131n\u0131z hizmetlerden \u00f6t\u00fcr\u00fc te\u015fekk\u00fcrlerimi sunuyorum. Bundan b\u00f6yle de CHP iktidar\u0131 i\u00e7in birlikte \u00e7al\u0131\u015faca\u011f\u0131m\u0131z\u0131 umuyorum.&#8221;<\/p>\n<p style=\"text-align: justify;\"><strong>Matkap: &#8220;Ayr\u0131l\u0131k s\u00f6z konusu de\u011fil&#8221; <\/strong><\/p>\n<p style=\"text-align: justify;\">CHP Parti Meclisi (PM) \u00dcyesi Nihat Matkap, Genel Ba\u015fkan Kemal K\u0131l\u0131\u00e7daro\u011flu ile yollar\u0131n\u0131n ayr\u0131lmas\u0131n\u0131n s\u00f6z konusu olmad\u0131\u011f\u0131n\u0131 belirtti.<\/p>\n<p style=\"text-align: justify;\">Matkap, yapt\u0131\u011f\u0131 a\u00e7\u0131klamada, &#8220;Genel Sekreterlik&#8221; g\u00f6revini kabul etmedi\u011fi y\u00f6n\u00fcnde baz\u0131 haberler \u00e7\u0131kt\u0131\u011f\u0131n\u0131 belirterek, bunlar\u0131n ger\u00e7e\u011fi yans\u0131tmad\u0131\u011f\u0131n\u0131 belirtti.<\/p>\n<p style=\"text-align: justify;\">K\u0131l\u0131\u00e7daro\u011flu&#8217;nun \u00f6zel kalem m\u00fcd\u00fcr\u00fc taraf\u0131ndan 3 Kas\u0131mda yap\u0131lan Parti Meclisi toplant\u0131s\u0131 s\u0131ras\u0131nda kendisine bir not iletildi\u011fini belirten Matkap, &#8220;Not ile K\u0131l\u0131\u00e7daro\u011flu&#8217;nun benimle g\u00f6r\u00fc\u015fmek istedi\u011fi bildirildi. Ben de, toplant\u0131 bitiminde g\u00f6r\u00fc\u015fmeye gelece\u011fimi s\u00f6yledim. Toplant\u0131 uzay\u0131nca, gecikmeden kaynaklanan ileti\u015fim eksikli\u011fi, g\u00f6revi kabul etmedi\u011fim \u015feklinde alg\u0131lanm\u0131\u015f&#8221; de\u011ferlendirmesinde bulundu.<\/p>\n<p style=\"text-align: justify;\">Matkap, siyasi hayat\u0131nda her zaman do\u011frular\u0131 savundu\u011funu ifade ederek, &#8220;Tamamen ileti\u015fim ve diyalog eksikli\u011fi olaylar\u0131 bu boyuta getirdi. Tart\u0131\u015fmalar\u0131n ard\u0131ndan genel ba\u015fkan\u0131m\u0131zla 3 kez g\u00f6r\u00fc\u015ft\u00fcm. Konu ayd\u0131nland\u0131. Kemal K\u0131l\u0131\u00e7daro\u011flu ile yollar\u0131m\u0131z\u0131n ayr\u0131lmas\u0131 s\u00f6z konusu de\u011fil. Yol arkada\u015fl\u0131\u011f\u0131m\u0131z devam ediyor&#8221; diye konu\u015ftu.<\/p>\n<p style=\"text-align: justify;\"><a href=\"http:\/\/www.cnnturk.com\/2010\/turkiye\/11\/06\/kilicdaroglu.onu.indirecegim.o.koltuktan\/595618.0\/index.html\" target=\"_blank\">CNN T\u00dcRK<\/a><\/p>\n","protected":false},"excerpt":{"rendered":"<p style=\"text-align: center;\">\n<p style=\"text-align: justify;\">CHP Genel Ba\u015fkan\u0131 Kemal K\u0131l\u0131\u00e7daro\u011flu, Ba\u015fbakan Recep Tayyip Erdo\u011fan&#8217;\u0131n, &#8220;Halk oylamas\u0131 bitti, muhalefet Ankara&#8217;ya kapand\u0131, hatta, birileri milletin derdini bir kenara b\u0131rak\u0131p yine kendi derdine d\u00fc\u015ft\u00fc&#8221; s\u00f6z\u00fcne kar\u015f\u0131l\u0131k, &#8220;Say\u0131n Ba\u015fbakan, bug\u00fcn gelip havaalan\u0131n\u0131 g\u00f6rseydi, CHP i\u00e7ine mi kapand\u0131, d\u0131\u015far\u0131 m\u0131 a\u00e7\u0131ld\u0131 daha iyi g\u00f6r\u00fcrd\u00fc. Onu indirece\u011fim o koltuktan meraklanmas\u0131n&#8221; dedi.<\/p>\n","protected":false},"author":1,"featured_media":0,"comment_status":"open","ping_status":"closed","sticky":false,"template":"","format":"standard","meta":{"footnotes":""},"categories":[105],"tags":[],"class_list":["post-26968","post","type-post","status-publish","format-standard","hentry","category-gundem","odd"],"_links":{"self":[{"href":"http:\/\/www.korhanyilmaz.com\/index.php?rest_route=\/wp\/v2\/posts\/26968","targetHints":{"allow":["GET"]}}],"collection":[{"href":"http:\/\/www.korhanyilmaz.com\/index.php?rest_route=\/wp\/v2\/posts"}],"about":[{"href":"http:\/\/www.korhanyilmaz.com\/index.php?rest_route=\/wp\/v2\/types\/post"}],"author":[{"embeddable":true,"href":"http:\/\/www.korhanyilmaz.com\/index.php?rest_route=\/wp\/v2\/users\/1"}],"replies":[{"embeddable":true,"href":"http:\/\/www.korhanyilmaz.com\/index.php?rest_route=%2Fwp%2Fv2%2Fcomments&post=26968"}],"version-history":[{"count":0,"href":"http:\/\/www.korhanyilmaz.com\/index.php?rest_route=\/wp\/v2\/posts\/26968\/revisions"}],"wp:attachment":[{"href":"http:\/\/www.korhanyilmaz.com\/index.php?rest_route=%2Fwp%2Fv2%2Fmedia&parent=26968"}],"wp:term":[{"taxonomy":"category","embeddable":true,"href":"http:\/\/www.korhanyilmaz.com\/index.php?rest_route=%2Fwp%2Fv2%2Fcategories&post=26968"},{"taxonomy":"post_tag","embeddable":true,"href":"http:\/\/www.korhanyilmaz.com\/index.php?rest_route=%2Fwp%2Fv2%2Ftags&post=26968"}],"curies":[{"name":"wp","href":"https:\/\/api.w.org\/{rel}","templated":true}]}}