{"id":26965,"date":"2010-11-06T11:31:50","date_gmt":"2010-11-06T09:31:50","guid":{"rendered":"http:\/\/www.korhanyilmaz.com\/?p=26965"},"modified":"2010-11-06T11:31:50","modified_gmt":"2010-11-06T09:31:50","slug":"chpde-supriz-mektup","status":"publish","type":"post","link":"http:\/\/www.korhanyilmaz.com\/?p=26965","title":{"rendered":"CHP&#8217;de s\u00fcpriz mektup"},"content":{"rendered":"<p style=\"text-align: center;\"><a href=\"http:\/\/www.korhanyilmaz.com\/wp-content\/uploads\/2010\/11\/154.jpg\"  class=\"lightview\"><img loading=\"lazy\" decoding=\"async\" class=\"aligncenter size-full wp-image-26958\" title=\"154\" src=\"http:\/\/www.korhanyilmaz.com\/wp-content\/uploads\/2010\/11\/154.jpg\" alt=\"\" width=\"414\" height=\"219\" \/><\/a><\/p>\n<p style=\"text-align: justify;\">CHP Genel Ba\u015fkan\u0131 Kemal K\u0131l\u0131\u00e7daro\u011flu, CHP&#8217;de ta\u015flar\u0131n yerine oturdu\u011funu s\u00f6yledi. Ayr\u0131ca K\u0131l\u0131\u00e7daro\u011flu&#8217;nun, \u00d6nder Sav&#8217;a yapt\u0131g\u0131 hizmetlerden dolay\u0131 te\u015fekk\u00fcr mektubu g\u00f6nderdi\u011fi belirtildi.<\/p>\n<p style=\"text-align: justify;\">ANKARA &#8211; K\u0131l\u0131\u00e7daro\u011flu, Erdal \u0130n\u00f6n\u00fc i\u00e7in d\u00fczenlenecek anma t\u00f6renine kat\u0131lmak i\u00e7in \u0130stanbul&#8217;a hareketinden \u00f6nce Esenbo\u011fa Havaliman\u0131&#8217;nda gazetecilerin sorular\u0131n\u0131 yan\u0131tlad\u0131. <!--more--><\/p>\n<p style=\"text-align: justify;\">Bir gazetecinin, Yarg\u0131tay&#8217;\u0131n Mehmet Haberal ile ilgili karar\u0131n\u0131n sorulmas\u0131 \u00fczerine, &#8221;Yarg\u0131 karar\u0131d\u0131r, herkesin sayg\u0131 duymas\u0131 gerekir. Gere\u011fi neyse yap\u0131l\u0131r&#8221; dedi.<\/p>\n<p style=\"text-align: justify;\">&#8221;CHP&#8217;de art\u0131k ta\u015flar yerine oturdu mu&#8221; sorusuna da K\u0131l\u0131\u00e7daro\u011flu, &#8221;CHP&#8217;de ta\u015flar yerine oturdu&#8221; kar\u015f\u0131l\u0131\u011f\u0131n\u0131 verdi.<\/p>\n<p style=\"text-align: justify;\">K\u0131l\u0131\u00e7daro\u011flu, daha sonra \u0130stanbul&#8217;a gitti.<\/p>\n<p style=\"text-align: justify;\"><strong>S\u00dcPR\u0130Z MEKTUP<\/strong><\/p>\n<p style=\"text-align: justify;\">CHP Genel Ba\u015fkan Kemal K\u0131l\u0131\u00e7daro\u011flu\u2019nun, CHP\u2019nin \u00f6nceki Genel Sekreteri \u00d6nder Sav\u2019a te\u015fekk\u00fcr mektubu g\u00f6nderdi\u011fi bildirildi.<\/p>\n<p style=\"text-align: justify;\">CHP\u2019den yap\u0131lan a\u00e7\u0131klamada, K\u0131l\u0131\u00e7daro\u011flu\u2019nun CHP\u2019nin yeni y\u00f6netimi belirlendikten sonra \u00f6nceki Genel Sekreter Sav\u2019a bir te\u015fekk\u00fcr mektubu g\u00f6nderdi\u011fi belirtildi.<\/p>\n<p style=\"text-align: justify;\">K\u0131l\u0131\u00e7daro\u011flu, mektubunda \u015fu ifadelere yer verdi:<\/p>\n<p style=\"text-align: justify;\">&#8220;Yarg\u0131tay Cumhuriyet Ba\u015fsavc\u0131l\u0131\u011f\u0131n\u0131n 16 Ekim 2010 g\u00fcnl\u00fc yaz\u0131s\u0131 ve Parti t\u00fcz\u00fc\u011f\u00fcn\u00fcn 39.maddesi uyar\u0131nca Merkez Y\u00f6netim Kurulu \u00fcyeliklerine g\u00f6revlendirme yapt\u0131m. Genel Sekreter olarak Parti Meclisi \u00dcyesi S\u00fcheyl Batum\u2019u g\u00f6revlendirdim. Partimizin en k\u0131demli \u00fcyelerinden birisi olarak, her kademede yapt\u0131\u011f\u0131n\u0131z hizmetlerden \u00f6t\u00fcr\u00fc te\u015fekk\u00fcrlerimi sunuyorum. Bundan b\u00f6yle de CHP iktidar\u0131 i\u00e7in birlikte \u00e7al\u0131\u015faca\u011f\u0131m\u0131z\u0131 umuyorum.&#8221;<\/p>\n<p style=\"text-align: justify;\"><strong>HERKES\u0130 KUCAKLAYACA\u011eIZ<\/strong><\/p>\n<p style=\"text-align: justify;\">Bah\u00e7e\u015fehir \u00dcniversitesi&#8217;nde d\u00fczenlenecek programa kat\u0131lmak i\u00e7in \u0130stanbul&#8217;a gelen Kemal K\u0131l\u0131\u00e7daro\u011flu&#8217;nu kar\u015f\u0131lamak i\u00e7in binlerce partili Atat\u00fcrk Havaliman\u0131&#8217;na ak\u0131n etti. Ellerinde K\u0131l\u0131\u00e7daro\u011flu&#8217;nun foto\u011fraflar\u0131 bulunan partililer, destek pankartlar\u0131 a\u00e7t\u0131.<\/p>\n<p style=\"text-align: justify;\">CHP lideri Atat\u00fcrk Havaliman\u0131&#8217;nda ise \u015funlar\u0131 s\u00f6yledi:<\/p>\n<p style=\"text-align: justify;\">&#8220;De\u011fi\u015fim CHP\u2019nin ihtiyac\u0131 olan bir \u015feydi. Birlikte tek y\u00fcrek, halkla i\u00e7 i\u00e7e olaca\u011f\u0131z. Herkesi kucaklayaca\u011f\u0131z ve T\u00fcrkiye\u2019yi ayd\u0131nl\u0131\u011fa \u00e7\u0131karaca\u011f\u0131z. D\u00fcn liderlerimizden birisi, efsane liderimiz B\u00fclent Ecevit\u2019i an\u0131yoruz. Bug\u00fcn bir ba\u015fka liderimizi Erdal \u0130n\u00f6n\u00fc\u2019y\u00fc anaca\u011f\u0131z. Onlar halktan yanayd\u0131. Biz onlar\u0131n izinden y\u00fcr\u00fcyece\u011fiz ve T\u00fcrkiye\u2019yi ayd\u0131nl\u0131\u011fa kavu\u015fturaca\u011f\u0131z.<\/p>\n<p style=\"text-align: justify;\">Bir \u015feyin daha alt\u0131n\u0131 \u00f6zenle \u00e7izmek istiyorum. Ayr\u0131lmayaca\u011f\u0131z, beraber olaca\u011f\u0131z. Halk\u0131 kucaklayaca\u011f\u0131z. Ge\u00e7mi\u015fteki kavgalar\u0131 bir tarafa b\u0131rak\u0131yoruz. CHP\u2019nin kap\u0131s\u0131 b\u00fct\u00fcn halka a\u00e7\u0131k olacakt\u0131r.&#8221;<\/p>\n<p style=\"text-align: justify;\"><a href=\"http:\/\/www.gazeteport.com.tr\/SIYASET\/NEWS\/GP_795695\" target=\"_blank\"><span style=\"color: #888888;\">Kaynak : GAZETEPORT<\/span><\/a><\/p>\n","protected":false},"excerpt":{"rendered":"<p style=\"text-align: center;\">\n<p style=\"text-align: justify;\">CHP Genel Ba\u015fkan\u0131 Kemal K\u0131l\u0131\u00e7daro\u011flu, CHP&#8217;de ta\u015flar\u0131n yerine oturdu\u011funu s\u00f6yledi. Ayr\u0131ca K\u0131l\u0131\u00e7daro\u011flu&#8217;nun, \u00d6nder Sav&#8217;a yapt\u0131g\u0131 hizmetlerden dolay\u0131 te\u015fekk\u00fcr mektubu g\u00f6nderdi\u011fi belirtildi.<\/p>\n<p style=\"text-align: justify;\">ANKARA &#8211; K\u0131l\u0131\u00e7daro\u011flu, Erdal \u0130n\u00f6n\u00fc i\u00e7in d\u00fczenlenecek anma t\u00f6renine kat\u0131lmak i\u00e7in \u0130stanbul&#8217;a hareketinden \u00f6nce Esenbo\u011fa Havaliman\u0131&#8217;nda gazetecilerin sorular\u0131n\u0131 yan\u0131tlad\u0131. <\/p>\n","protected":false},"author":1,"featured_media":0,"comment_status":"open","ping_status":"closed","sticky":false,"template":"","format":"standard","meta":{"footnotes":""},"categories":[105],"tags":[],"class_list":["post-26965","post","type-post","status-publish","format-standard","hentry","category-gundem","odd"],"_links":{"self":[{"href":"http:\/\/www.korhanyilmaz.com\/index.php?rest_route=\/wp\/v2\/posts\/26965","targetHints":{"allow":["GET"]}}],"collection":[{"href":"http:\/\/www.korhanyilmaz.com\/index.php?rest_route=\/wp\/v2\/posts"}],"about":[{"href":"http:\/\/www.korhanyilmaz.com\/index.php?rest_route=\/wp\/v2\/types\/post"}],"author":[{"embeddable":true,"href":"http:\/\/www.korhanyilmaz.com\/index.php?rest_route=\/wp\/v2\/users\/1"}],"replies":[{"embeddable":true,"href":"http:\/\/www.korhanyilmaz.com\/index.php?rest_route=%2Fwp%2Fv2%2Fcomments&post=26965"}],"version-history":[{"count":0,"href":"http:\/\/www.korhanyilmaz.com\/index.php?rest_route=\/wp\/v2\/posts\/26965\/revisions"}],"wp:attachment":[{"href":"http:\/\/www.korhanyilmaz.com\/index.php?rest_route=%2Fwp%2Fv2%2Fmedia&parent=26965"}],"wp:term":[{"taxonomy":"category","embeddable":true,"href":"http:\/\/www.korhanyilmaz.com\/index.php?rest_route=%2Fwp%2Fv2%2Fcategories&post=26965"},{"taxonomy":"post_tag","embeddable":true,"href":"http:\/\/www.korhanyilmaz.com\/index.php?rest_route=%2Fwp%2Fv2%2Ftags&post=26965"}],"curies":[{"name":"wp","href":"https:\/\/api.w.org\/{rel}","templated":true}]}}