{"id":26957,"date":"2010-11-06T11:59:21","date_gmt":"2010-11-06T09:59:21","guid":{"rendered":"http:\/\/www.korhanyilmaz.com\/?p=26957"},"modified":"2010-11-06T11:59:21","modified_gmt":"2010-11-06T09:59:21","slug":"savin-sirri-6-odada-gizli","status":"publish","type":"post","link":"http:\/\/www.korhanyilmaz.com\/?p=26957","title":{"rendered":"Sav&#8217;\u0131n s\u0131rr\u0131 6 odada gizli"},"content":{"rendered":"<p style=\"text-align: center;\"><a href=\"http:\/\/www.korhanyilmaz.com\/wp-content\/uploads\/2010\/11\/155.jpg\"  class=\"lightview\"><img loading=\"lazy\" decoding=\"async\" class=\"aligncenter size-full wp-image-26959\" title=\"155\" src=\"http:\/\/www.korhanyilmaz.com\/wp-content\/uploads\/2010\/11\/155.jpg\" alt=\"\" width=\"449\" height=\"231\" \/><\/a><\/p>\n<p style=\"text-align: justify;\">CHP\u2019nin eski Genel Sekreteri \u00d6nder Sav\u2019\u0131n Parti Genel Merkezi\u2019nde 6 odada dosya, evrak olmak \u00fczere \u00f6nemli dok\u00fcmanlar\u0131 oldu\u011fu ortaya \u00e7\u0131kt\u0131. \u201cBenden izinsiz kimse odadan bir \u015fey \u00e7\u0131karmas\u0131n\u201d talimat\u0131 veren Sav\u2019\u0131n odas\u0131n\u0131n t\u0131kl\u0131m t\u0131kl\u0131m oldu\u011fu ve ondan ba\u015fka kimsenin neyin nerede oldu\u011funu bulamayaca\u011f\u0131 ifade edildi.<!--more--><\/p>\n<p style=\"text-align: justify;\">ANKARA &#8211; CHP\u2019nin eski Genel Sekreteri \u00d6nder Sav\u2019\u0131n Parti Genel Merkezi\u2019nde 6 odada dosya, evrak olmak \u00fczere \u00f6nemli dok\u00fcmanlar\u0131 oldu\u011fu ortaya \u00e7\u0131kt\u0131. \u201cBenden izinsiz kimse odadan bir \u015fey \u00e7\u0131karmas\u0131n\u201d talimat\u0131 veren Sav\u2019\u0131n odas\u0131n\u0131n t\u0131kl\u0131m t\u0131kl\u0131m oldu\u011fu ve ondan ba\u015fka kimsenin neyin, nerede oldu\u011funu bulamayaca\u011f\u0131 ifade edildi.<\/p>\n<p style=\"text-align: justify;\"><strong>ODA Z\u0130RVES\u0130<\/strong><\/p>\n<p style=\"text-align: justify;\">CHP\u2019li eski MYK \u00fcyelerinin oturduklar\u0131 eski odalar\u0131 bo\u015falt\u0131p bo\u015faltmama konusunda toplant\u0131 yapt\u0131klar\u0131 ortaya \u00e7\u0131kt\u0131. CHP\u2019li eski MYK \u00fcyelerinin odalar\u0131 ge\u00e7 bo\u015faltma sebebinin de, Yarg\u0131tay Cumhuriyet Ba\u015fsavc\u0131l\u0131\u011f\u0131&#8217;na yap\u0131lan ba\u015fvurunun beklenmesi karar\u0131 oldu\u011fu ortaya \u00e7\u0131kt\u0131. Eski MYK \u00fcyeleri yapt\u0131klar\u0131 toplant\u0131da; \u201cYarg\u0131tay karar\u0131n\u0131 bekleyelim. Odalar\u0131 bo\u015falt\u0131r\u0131z. Karar bizim a\u00e7\u0131m\u0131zdan olumlu olursa e\u015fyalar\u0131 tekrar ta\u015f\u0131r\u0131z. Biraz bekleyelim\u201d karar\u0131 al\u0131nd\u0131, ancak Yarg\u0131tay\u2019dan gelen karar\u0131n ard\u0131ndan da eski MYK \u00fcyeleri odalar\u0131n\u0131 bo\u015faltmaya ba\u015flad\u0131.<\/p>\n<p style=\"text-align: justify;\"><strong>SAV VE BAYKAL KOM\u015eU OLACAK<\/strong><\/p>\n<p style=\"text-align: justify;\">Genel Merkez&#8217;deki makam\u0131n\u0131 bo\u015faltmaya ba\u015flayan Sav&#8217;\u0131n, TBMM&#8217;deki odas\u0131n\u0131 kullanaca\u011f\u0131 ifade ediliyor.B\u00f6ylece yakla\u015f\u0131k 50 y\u0131ll\u0131k dostluklar\u0131 6 ay \u00f6nce \u00e7at\u0131rdayan Baykal ve Sav, TBMM&#8217;de kom\u015fu olacak. CHP&#8217;nin eski Genel Sekreteri \u00d6nder Sav&#8217;\u0131n TBMM&#8217;deki odas\u0131 A Blok&#8217;ta, CHP&#8217;nin eski Genel Ba\u015fkan\u0131 Deniz Baykal&#8217;\u0131n TBMM&#8217;deki odas\u0131 ise B Blok&#8217;ta yer al\u0131yor. B\u00f6ylece iki eski dost TBMM&#8217;de kom\u015fu olacak. (ANKA)<\/p>\n<p style=\"text-align: justify;\"><a href=\"http:\/\/www.gazeteport.com.tr\/GUNCEL\/NEWS\/GP_795718\" target=\"_blank\"><span style=\"color: #888888;\">Kaynak : GAZETEPORT<\/span><\/a><\/p>\n","protected":false},"excerpt":{"rendered":"<p style=\"text-align: center;\">\n<p style=\"text-align: justify;\">CHP\u2019nin eski Genel Sekreteri \u00d6nder Sav\u2019\u0131n Parti Genel Merkezi\u2019nde 6 odada dosya, evrak olmak \u00fczere \u00f6nemli dok\u00fcmanlar\u0131 oldu\u011fu ortaya \u00e7\u0131kt\u0131. \u201cBenden izinsiz kimse odadan bir \u015fey \u00e7\u0131karmas\u0131n\u201d talimat\u0131 veren Sav\u2019\u0131n odas\u0131n\u0131n t\u0131kl\u0131m t\u0131kl\u0131m oldu\u011fu ve ondan ba\u015fka kimsenin neyin nerede oldu\u011funu bulamayaca\u011f\u0131 ifade edildi.<\/p>\n","protected":false},"author":1,"featured_media":0,"comment_status":"open","ping_status":"closed","sticky":false,"template":"","format":"standard","meta":{"footnotes":""},"categories":[105],"tags":[],"class_list":["post-26957","post","type-post","status-publish","format-standard","hentry","category-gundem","odd"],"_links":{"self":[{"href":"http:\/\/www.korhanyilmaz.com\/index.php?rest_route=\/wp\/v2\/posts\/26957","targetHints":{"allow":["GET"]}}],"collection":[{"href":"http:\/\/www.korhanyilmaz.com\/index.php?rest_route=\/wp\/v2\/posts"}],"about":[{"href":"http:\/\/www.korhanyilmaz.com\/index.php?rest_route=\/wp\/v2\/types\/post"}],"author":[{"embeddable":true,"href":"http:\/\/www.korhanyilmaz.com\/index.php?rest_route=\/wp\/v2\/users\/1"}],"replies":[{"embeddable":true,"href":"http:\/\/www.korhanyilmaz.com\/index.php?rest_route=%2Fwp%2Fv2%2Fcomments&post=26957"}],"version-history":[{"count":0,"href":"http:\/\/www.korhanyilmaz.com\/index.php?rest_route=\/wp\/v2\/posts\/26957\/revisions"}],"wp:attachment":[{"href":"http:\/\/www.korhanyilmaz.com\/index.php?rest_route=%2Fwp%2Fv2%2Fmedia&parent=26957"}],"wp:term":[{"taxonomy":"category","embeddable":true,"href":"http:\/\/www.korhanyilmaz.com\/index.php?rest_route=%2Fwp%2Fv2%2Fcategories&post=26957"},{"taxonomy":"post_tag","embeddable":true,"href":"http:\/\/www.korhanyilmaz.com\/index.php?rest_route=%2Fwp%2Fv2%2Ftags&post=26957"}],"curies":[{"name":"wp","href":"https:\/\/api.w.org\/{rel}","templated":true}]}}