{"id":26954,"date":"2010-11-06T13:52:39","date_gmt":"2010-11-06T11:52:39","guid":{"rendered":"http:\/\/www.korhanyilmaz.com\/?p=26954"},"modified":"2010-11-06T13:52:39","modified_gmt":"2010-11-06T11:52:39","slug":"selamun-aleykum-dedirtemedi","status":"publish","type":"post","link":"http:\/\/www.korhanyilmaz.com\/?p=26954","title":{"rendered":"&#8220;Selam\u00fcn Aleyk\u00fcm&#8221; dedirtemedi"},"content":{"rendered":"<p style=\"text-align: justify;\"><a href=\"http:\/\/www.korhanyilmaz.com\/wp-content\/uploads\/2010\/11\/153.jpg\"  class=\"lightview\"><img loading=\"lazy\" decoding=\"async\" class=\"aligncenter size-full wp-image-26955\" src=\"http:\/\/www.korhanyilmaz.com\/wp-content\/uploads\/2010\/11\/153.jpg\" alt=\"\" width=\"449\" height=\"231\" \/><\/a><\/p>\n<p style=\"text-align: justify;\">Ba\u015fbakan Recep Tayyip Erdo\u011fan, sabah saatlerinde Ankara&#8217;da bir pastanenin a\u00e7\u0131l\u0131\u015f\u0131n\u0131 ger\u00e7ekle\u015ftirdi. Erdo\u011fan pastanenin maskotu olan Limon isimli papa\u011fana &#8220;Selam\u00fcn Aleyk\u00fcm&#8221; dedirtmeye \u00e7al\u0131\u015ft\u0131. Ancak papa\u011fan Erdo\u011fan&#8217;\u0131n t\u00fcm \u00e7abalar\u0131na ra\u011fmen konu\u015fmad\u0131.<!--more--><\/p>\n<p style=\"text-align: justify;\">ANKARA  &#8211; Ba\u015fbakan Recep Tayyip Erdo\u011fan, sabah saatlerinde Ankara&#8217;da bir pastanenin a\u00e7\u0131l\u0131\u015f\u0131n\u0131 ger\u00e7ekle\u015ftirdi. Erdo\u011fan pastanenin maskotu olan Limon isimli papa\u011fana &#8220;Selam\u00fcn Aleyk\u00fcm&#8221; dedirtmeye \u00e7al\u0131\u015ft\u0131. Ancak papa\u011fan Erdo\u011fan&#8217;\u0131n t\u00fcm \u00e7abalar\u0131na ra\u011fmen konu\u015fmad\u0131.<\/p>\n<p style=\"text-align: justify;\">[flv]http:\/\/cdn.dogantv.com.tr\/cnnturk\/haber\/06.11.2010\/papagan.flv[\/flv]<\/p>\n<p style=\"text-align: justify;\">Ba\u015fbakan Erdo\u011fan, Pelit Pastanesi&#8217;nin Ankara&#8217;daki ilk \u015fubesinin a\u00e7\u0131l\u0131\u015f t\u00f6renine kat\u0131ld\u0131. Pastane sekt\u00f6r\u00fcn\u00fcn \u00f6nc\u00fclerinden olan Pelit Cafe Restaurant&#8217;\u0131n \u00c7ukurambar&#8217;daki \u015fubesinin a\u00e7\u0131l\u0131\u015f\u0131na \u0130\u00e7i\u015fleri Bakan\u0131 Be\u015fir Atalay, Tar\u0131m ve K\u00f6yi\u015fleri Bakan\u0131 Mehdi Eker, AK Parti Genel Ba\u015fkan Yard\u0131mc\u0131s\u0131 Abd\u00fclkadir Aksu, Ankara B\u00fcy\u00fck\u015fehir Belediye Ba\u015fkan\u0131 Melih G\u00f6k\u00e7ek, Kamu D\u00fczeni ve G\u00fcvenli\u011fi M\u00fcste\u015far\u0131 ve eski \u0130stanbul Valisi Muammer G\u00fcler, Osmaniye Valisi<\/p>\n<p style=\"text-align: justify;\">Celalettin Cerrah ve \u00e7ok say\u0131da davetli kat\u0131ld\u0131. Ba\u015fbakan Erdo\u011fan,a\u00e7\u0131l\u0131\u015f kurdelas\u0131n\u0131 Bakanlar ve Pelit A\u015e Onursal Ba\u015fkan\u0131 Kaz\u0131m Ayan&#8217;la birlikte keserken, a\u00e7\u0131l\u0131\u015f konu\u015fmas\u0131nda sekt\u00f6r\u00fcn g\u00fc\u00e7l\u00fc isimlerinden Pelit Ma\u011fazalar Zinciri&#8217;ni \u0130stanbul&#8217;dan sonra Ankara&#8217;da da g\u00f6rmekten mutluluk duydu\u011funu s\u00f6yledi. Erdo\u011fan, Pelit&#8217;in bir marka olarak d\u00fcnyadaki hakl\u0131 yerini almas\u0131 temennisini dile getirdi.<\/p>\n<p style=\"text-align: justify;\">A\u00e7\u0131l\u0131\u015f\u0131n ard\u0131ndan Pelit Y\u00f6netim Kurulu \u00fcyeleri Selahattin Ayan ve Ali Ayan&#8217;la birlikte ma\u011fazay\u0131 gezen Erdo\u011fan, pastanenin maskotu olan Limon isimli papa\u011fanla da bir s\u00fcre ilgilendi. Pastane \u00e7al\u0131\u015fanlar\u0131, papa\u011fan\u0131n &#8220;Selam\u00fcn Aleyk\u00fcm&#8221; dedi\u011fini s\u00f6ylemeleri \u00fczerine Erdo\u011fan Limon&#8217;a &#8220;Selam\u00fcn Aleyk\u00fcm&#8221; dedirtmek i\u00e7in uzun s\u00fcre u\u011fra\u015ft\u0131. Ancak papa\u011fan Ba\u015fbakan Erdo\u011fan&#8217;\u0131n t\u00fcm \u00e7abas\u0131na ra\u011fmen konu\u015fmad\u0131.(ANKA)<\/p>\n<p style=\"text-align: justify;\"><a href=\"http:\/\/www.gazeteport.com.tr\/GUNCEL\/NEWS\/GP_795823\" target=\"_blank\"><span style=\"color: #888888;\">Kaynak : GAZETEPORT<\/span><\/a><\/p>\n","protected":false},"excerpt":{"rendered":"<p style=\"text-align: justify;\">\n<p style=\"text-align: justify;\">Ba\u015fbakan Recep Tayyip Erdo\u011fan, sabah saatlerinde Ankara&#8217;da bir pastanenin a\u00e7\u0131l\u0131\u015f\u0131n\u0131 ger\u00e7ekle\u015ftirdi. Erdo\u011fan pastanenin maskotu olan Limon isimli papa\u011fana &#8220;Selam\u00fcn Aleyk\u00fcm&#8221; dedirtmeye \u00e7al\u0131\u015ft\u0131. Ancak papa\u011fan Erdo\u011fan&#8217;\u0131n t\u00fcm \u00e7abalar\u0131na ra\u011fmen konu\u015fmad\u0131.<\/p>\n","protected":false},"author":1,"featured_media":0,"comment_status":"open","ping_status":"closed","sticky":false,"template":"","format":"standard","meta":{"footnotes":""},"categories":[105],"tags":[],"class_list":["post-26954","post","type-post","status-publish","format-standard","hentry","category-gundem","odd"],"_links":{"self":[{"href":"http:\/\/www.korhanyilmaz.com\/index.php?rest_route=\/wp\/v2\/posts\/26954","targetHints":{"allow":["GET"]}}],"collection":[{"href":"http:\/\/www.korhanyilmaz.com\/index.php?rest_route=\/wp\/v2\/posts"}],"about":[{"href":"http:\/\/www.korhanyilmaz.com\/index.php?rest_route=\/wp\/v2\/types\/post"}],"author":[{"embeddable":true,"href":"http:\/\/www.korhanyilmaz.com\/index.php?rest_route=\/wp\/v2\/users\/1"}],"replies":[{"embeddable":true,"href":"http:\/\/www.korhanyilmaz.com\/index.php?rest_route=%2Fwp%2Fv2%2Fcomments&post=26954"}],"version-history":[{"count":0,"href":"http:\/\/www.korhanyilmaz.com\/index.php?rest_route=\/wp\/v2\/posts\/26954\/revisions"}],"wp:attachment":[{"href":"http:\/\/www.korhanyilmaz.com\/index.php?rest_route=%2Fwp%2Fv2%2Fmedia&parent=26954"}],"wp:term":[{"taxonomy":"category","embeddable":true,"href":"http:\/\/www.korhanyilmaz.com\/index.php?rest_route=%2Fwp%2Fv2%2Fcategories&post=26954"},{"taxonomy":"post_tag","embeddable":true,"href":"http:\/\/www.korhanyilmaz.com\/index.php?rest_route=%2Fwp%2Fv2%2Ftags&post=26954"}],"curies":[{"name":"wp","href":"https:\/\/api.w.org\/{rel}","templated":true}]}}