{"id":26949,"date":"2010-11-05T00:25:49","date_gmt":"2010-11-04T22:25:49","guid":{"rendered":"http:\/\/www.korhanyilmaz.com\/?p=26949"},"modified":"2010-11-05T00:25:49","modified_gmt":"2010-11-04T22:25:49","slug":"iste-olay-tutanak","status":"publish","type":"post","link":"http:\/\/www.korhanyilmaz.com\/?p=26949","title":{"rendered":"\u0130\u015fte olay tutanak"},"content":{"rendered":"<p style=\"text-align: center;\"><a href=\"http:\/\/www.korhanyilmaz.com\/wp-content\/uploads\/2010\/11\/151.jpg\"  class=\"lightview\"><img loading=\"lazy\" decoding=\"async\" class=\"aligncenter size-full wp-image-26950\" src=\"http:\/\/www.korhanyilmaz.com\/wp-content\/uploads\/2010\/11\/151.jpg\" alt=\"\" width=\"449\" height=\"231\" \/><\/a><\/p>\n<p style=\"text-align: justify;\">Hanefi Avc\u0131&#8217;n\u0131n bo\u015faltt\u0131\u011f\u0131 makam odas\u0131nda ele ge\u00e7irildi\u011fi ileri s\u00fcr\u00fclen ve yasad\u0131\u015f\u0131 dinleme iddialar\u0131na konu olan ses kay\u0131tlar\u0131n\u0131n bulundu\u011fu kasetlerin k\u0131r\u0131ld\u0131\u011f\u0131 ileri s\u00fcr\u00fclm\u00fc\u015ft\u00fc.<\/p>\n<p style=\"text-align: justify;\">\u0130STANBUL \/ Hanefi Avc\u0131&#8217;n\u0131n bo\u015faltt\u0131\u011f\u0131 makam odas\u0131n\u0131n dinlenme b\u00f6l\u00fcm\u00fcnde, siyah bir \u00e7anta i\u00e7inde ele ge\u00e7irildi\u011fi ileri s\u00fcr\u00fclen 24 kaset i\u00e7indeki dinleme kay\u0131tlar\u0131n\u0131n Olay Yeri \u0130nceleme ve Kimlik Tespit \u015eube M\u00fcd\u00fcrl\u00fc\u011f\u00fc ve TUB\u0130TAK g\u00f6revlileri taraf\u0131ndan delil tespiti esnas\u0131nda k\u0131r\u0131lmas\u0131 \u00fczerine ke\u015fif yerini terk etmek isteyen Avc\u0131&#8217;n\u0131n avukat\u0131 Fidel Okan ile Kadir Alt\u0131n\u0131\u015f\u0131k aras\u0131nda s\u00fcrt\u00fc\u015fme ya\u015fand\u0131\u011f\u0131n\u0131 ve Okan&#8217;\u0131n tutturdu\u011fu tutanakla olay yerini terk etti\u011fi iddias\u0131n\u0131 kamuoyu Gazeteport&#8217;tan okumu\u015ftu.<!--more--><\/p>\n<p style=\"text-align: justify;\">\u0130ddialara g\u00f6re TUB\u0130TAK ve Olay Yeri \u0130nceleme ve Kimlik Tespit \u015eube M\u00fcd\u00fcrl\u00fc\u011f\u00fc g\u00f6revlileri yasad\u0131\u015f\u0131 dinlemelere konu olan 24 kaseti incelerken kaplar\u0131n\u0131 k\u0131rmalar\u0131na itiraz eden Hanefi Avc\u0131&#8217;n\u0131n avukat\u0131n\u0131n ke\u015fif yerini terk etmek istemesi \u00fczerine olay yerinde so\u011fuk r\u00fczgarlar esmi\u015fti.<\/p>\n<p style=\"text-align: justify;\">Fidel Okan, ses kasetlerinin i\u00e7inde bulundu\u011fu m\u00fch\u00fcrl\u00fc torban\u0131n daha \u00f6nce a\u00e7\u0131lm\u0131\u015f, olay yerinde i\u00e7inde ele ge\u00e7irildi\u011fi ileri s\u00fcr\u00fclen \u00e7antan\u0131n el konulmam\u0131\u015f oldu\u011fu, kasetlerin m\u00fch\u00fcrlerken \u00e7ekilen g\u00f6r\u00fcnt\u00fclerin \u00f6nceden g\u00f6sterilmedi\u011fini ileri s\u00fcrerek ke\u015fif yerini terk etmek istedi\u011fi tutana\u011fa kaydedildi\u011fi \u00f6\u011frenildi.<\/p>\n<p style=\"text-align: justify;\"><strong>\u0130\u015eTE OLAY TUTANAK<\/strong><\/p>\n<div id=\"attachment_26951\" style=\"width: 298px\" class=\"wp-caption alignleft\"><a href=\"http:\/\/www.korhanyilmaz.com\/wp-content\/uploads\/2010\/11\/152.jpg\"  class=\"lightview\"><img loading=\"lazy\" decoding=\"async\" aria-describedby=\"caption-attachment-26951\" class=\"size-full wp-image-26951\" style=\"margin-left: 10px; margin-right: 10px;\" src=\"http:\/\/www.korhanyilmaz.com\/wp-content\/uploads\/2010\/11\/152.jpg\" alt=\"\" width=\"288\" height=\"188\" \/><\/a><p id=\"caption-attachment-26951\" class=\"wp-caption-text\">Resmi Boyutland\u0131rmak i\u00e7in \u00fczerine t\u0131klay\u0131n<\/p><\/div>\n<p style=\"text-align: justify;\">Bilirki\u015filere yapacaklar\u0131 i\u015fler ayr\u0131 ayr\u0131 a\u00e7\u0131k bir  \u015fekilde anlat\u0131ld\u0131. Engel hallerinin olmad\u0131\u011f\u0131 anla\u015f\u0131ld\u0131. Us\u00fclen yeminleri yapt\u0131r\u0131ld\u0131. Her biri s\u00f6z alarak yapaca\u011f\u0131m\u0131z i\u015fi anlad\u0131k. S\u00fcre verildi\u011finde ilgili raporlar\u0131m\u0131z\u0131 sunaca\u011f\u0131z dediler.<\/p>\n<p style=\"text-align: justify;\">Bahse konu (24) adet teyp kaseti, haz\u0131r bulunanlar\u0131n refakatinde m\u00fch\u00fcrler bez torba i\u00e7erisinden \u00e7\u0131kart\u0131larak Olay Yeri \u0130nceleme ve Kimlik Tespit \u015eube M\u00fcd\u00fcrl\u00fc\u011f\u00fc g\u00f6revlileri taraf\u0131ndan a\u00e7\u0131ld\u0131, i\u00e7erisinde yer alan \u015feritler bo\u015f kaset d\u0131\u015f kaplar\u0131na aktar\u0131lm\u0131na ba\u015fland\u0131. Aktar\u0131m\u0131 yap\u0131lan kasetlerin \u00fczerleri bire bir numaraland\u0131r\u0131lma  \u00e7al\u0131\u015fmalar\u0131na ba\u015fland\u0131\u011f\u0131 s\u0131rada \u015f\u00fcpheli Hanefi Avc\u0131 m\u00fcdafii Avukat Fidel Okan s\u00f6z alarak beyan\u0131nda: yap\u0131lan i\u015flemin us\u00fcl ve yasaya ayk\u0131r\u0131 oldu\u011fundan yukar\u0131da da belirtilen Eski\u015fehir Emnieyt M\u00fcd\u00fcrl\u00fc\u011f\u00fcndeki makamda bulundu\u011fu iddia edilen kasetlerin m\u00fcvekkilimize ait olmad\u0131\u011f\u0131n\u0131n belli olmas\u0131ndan, ilk sayfada belirtilen iddialara hi\u00e7 bir \u015fekilde kat\u0131lmad\u0131\u011f\u0131m\u0131zdan, s\u00f6zkonusu kasetlerin \u00f6nceki g\u00f6r\u00fcnt\u00fclerinin taraf\u0131m\u0131za g\u00f6sterilmemi\u015f olmas\u0131, huzurda a\u00e7\u0131lan m\u00fch\u00fcrle torba i\u00e7erisindeki po\u015fetin daha \u00f6nce bilgimiz d\u0131\u015f\u0131nda a\u00e7\u0131lm\u0131\u015f olmas\u0131 nedeniyle bu a\u015famada huzurdan ayr\u0131l\u0131yoruz&#8230;<\/p>\n<p style=\"text-align: justify;\">Bu a\u015famaya kadarki tutanak \u00f6rne\u011fi \u00e7\u0131kart\u0131larak imza alt\u0131na al\u0131nd\u0131 ve Hanefi Avc\u0131 m\u00fcdaffi Av. Fidel Okan&#8217;a teslim edildi. 27.10.2010<\/p>\n<p style=\"text-align: justify;\"><a href=\"http:\/\/www.gazeteport.com.tr\/GUNCEL\/NEWS\/GP_794834\" target=\"_blank\"><span style=\"color: #888888;\">Kaynak : \u0130hsan Demir &#8211; GAZETEPORT<\/span><\/a><\/p>\n","protected":false},"excerpt":{"rendered":"<p style=\"text-align: center;\">\n<p style=\"text-align: justify;\">Hanefi Avc\u0131&#8217;n\u0131n bo\u015faltt\u0131\u011f\u0131 makam odas\u0131nda ele ge\u00e7irildi\u011fi ileri s\u00fcr\u00fclen ve yasad\u0131\u015f\u0131 dinleme iddialar\u0131na konu olan ses kay\u0131tlar\u0131n\u0131n bulundu\u011fu kasetlerin k\u0131r\u0131ld\u0131\u011f\u0131 ileri s\u00fcr\u00fclm\u00fc\u015ft\u00fc.<\/p>\n<p style=\"text-align: justify;\">\u0130STANBUL \/ Hanefi Avc\u0131&#8217;n\u0131n bo\u015faltt\u0131\u011f\u0131 makam odas\u0131n\u0131n dinlenme b\u00f6l\u00fcm\u00fcnde, siyah bir \u00e7anta i\u00e7inde ele ge\u00e7irildi\u011fi ileri s\u00fcr\u00fclen 24 kaset i\u00e7indeki dinleme kay\u0131tlar\u0131n\u0131n Olay Yeri \u0130nceleme ve <\/p>\n","protected":false},"author":1,"featured_media":0,"comment_status":"open","ping_status":"closed","sticky":false,"template":"","format":"standard","meta":{"footnotes":""},"categories":[105],"tags":[],"class_list":["post-26949","post","type-post","status-publish","format-standard","hentry","category-gundem","odd"],"_links":{"self":[{"href":"http:\/\/www.korhanyilmaz.com\/index.php?rest_route=\/wp\/v2\/posts\/26949","targetHints":{"allow":["GET"]}}],"collection":[{"href":"http:\/\/www.korhanyilmaz.com\/index.php?rest_route=\/wp\/v2\/posts"}],"about":[{"href":"http:\/\/www.korhanyilmaz.com\/index.php?rest_route=\/wp\/v2\/types\/post"}],"author":[{"embeddable":true,"href":"http:\/\/www.korhanyilmaz.com\/index.php?rest_route=\/wp\/v2\/users\/1"}],"replies":[{"embeddable":true,"href":"http:\/\/www.korhanyilmaz.com\/index.php?rest_route=%2Fwp%2Fv2%2Fcomments&post=26949"}],"version-history":[{"count":0,"href":"http:\/\/www.korhanyilmaz.com\/index.php?rest_route=\/wp\/v2\/posts\/26949\/revisions"}],"wp:attachment":[{"href":"http:\/\/www.korhanyilmaz.com\/index.php?rest_route=%2Fwp%2Fv2%2Fmedia&parent=26949"}],"wp:term":[{"taxonomy":"category","embeddable":true,"href":"http:\/\/www.korhanyilmaz.com\/index.php?rest_route=%2Fwp%2Fv2%2Fcategories&post=26949"},{"taxonomy":"post_tag","embeddable":true,"href":"http:\/\/www.korhanyilmaz.com\/index.php?rest_route=%2Fwp%2Fv2%2Ftags&post=26949"}],"curies":[{"name":"wp","href":"https:\/\/api.w.org\/{rel}","templated":true}]}}