{"id":26942,"date":"2010-11-04T17:45:02","date_gmt":"2010-11-04T15:45:02","guid":{"rendered":"http:\/\/www.korhanyilmaz.com\/?p=26942"},"modified":"2010-11-04T17:45:02","modified_gmt":"2010-11-04T15:45:02","slug":"gul-askere-mesaj-verdi-mi","status":"publish","type":"post","link":"http:\/\/www.korhanyilmaz.com\/?p=26942","title":{"rendered":"G\u00fcl askere mesaj verdi mi?"},"content":{"rendered":"<p style=\"text-align: center;\"><a href=\"http:\/\/www.korhanyilmaz.com\/wp-content\/uploads\/2010\/11\/132.jpg\"  class=\"lightview\"><img loading=\"lazy\" decoding=\"async\" class=\"aligncenter size-full wp-image-26943\" src=\"http:\/\/www.korhanyilmaz.com\/wp-content\/uploads\/2010\/11\/132.jpg\" alt=\"\" width=\"346\" height=\"266\" \/><\/a><\/p>\n<p style=\"text-align: justify;\">Cumhurba\u015fkan\u0131 Abdullah G\u00fcl, Genelkurmay Ba\u015fkan\u0131 Orgeneral I\u015f\u0131k Ko\u015faner ile haftal\u0131k ola\u011fan g\u00f6r\u00fc\u015fmesini yapt\u0131. Ama o ola\u011fan g\u00f6r\u00fc\u015fme bu kez de emre itaatsizlik tart\u0131\u015fmalar\u0131n\u0131n g\u00f6lgesinde ola\u011fan\u00fcst\u00fc hale geldi. Merak edilen, G\u00fcl&#8217;\u00fcn g\u00f6r\u00fc\u015fmede askerin resepsiyona kat\u0131lmamas\u0131n\u0131 g\u00fcndeme getirip getirmedi\u011fi.<!--more--><\/p>\n<p style=\"text-align: justify;\">\u00c7ankaya K\u00f6\u015fk\u00fc&#8217;ndeki 29 Ekim resepsiyonunun \u00f6ncesine &#8216;kat\u0131l\u0131m&#8217; sonras\u0131na &#8220;emre itaatsizlik&#8221; tart\u0131\u015fmas\u0131 damgas\u0131n\u0131 vurdu. AK Partili \u00d6mer \u00c7elik, &#8220;Askerin yapt\u0131\u011f\u0131 emre itaatsizlik&#8221; dedi, gerisi muhalefetten geldi.<\/p>\n<p style=\"text-align: justify;\">CHP, &#8220;O zaman Ba\u015fbakan gere\u011fini yaps\u0131n, g\u00f6revden als\u0131n&#8221; restini \u00e7ekti. \u00d6neriyi Ba\u015fbakan, &#8220;CHP&#8217;nin akl\u0131na ihtiyac\u0131m\u0131z yok&#8221; diyerek kar\u015f\u0131lad\u0131.<\/p>\n<p style=\"text-align: justify;\">Ve g\u00f6zler bu tespitin ard\u0131ndan \u00c7ankaya K\u00f6\u015fk\u00fc&#8217;ne d\u00f6nd\u00fc, ordunun ba\u015fkomutan\u0131na Cumhurba\u015fkan\u0131 Abdullah G\u00fcl&#8217;e. \u00c7\u00fcnk\u00fc G\u00fcl, haftal\u0131k ola\u011fan g\u00f6r\u00fc\u015fme i\u00e7in Genelkurmay Ba\u015fkan\u0131 Orgeneral I\u015f\u0131k Ko\u015faner&#8217;e saat 16.00&#8217;ya randevu verdi.<\/p>\n<p style=\"text-align: justify;\">Tart\u0131\u015fmal\u0131 resepsiyon ve emre itaatsizlik su\u00e7lamalar\u0131n\u0131n ard\u0131ndan ilk bulu\u015fma.<\/p>\n<p style=\"text-align: justify;\">G\u00fcl birka\u00e7 g\u00fcn \u00f6nce yapt\u0131\u011f\u0131 a\u00e7\u0131klamada, &#8220;Resepsiyon geride kald\u0131, gelece\u011fe bakal\u0131m&#8221; dedi ama 29 Ekim resepsiyonundan 6 g\u00fcn sonra ger\u00e7ekle\u015fen o  bulu\u015fmada konu g\u00fcndeme geldi mi? ola\u011fan g\u00f6r\u00fc\u015fmeyi farkl\u0131 k\u0131lan da bu oldu.<\/p>\n<p style=\"text-align: justify;\"><a href=\"http:\/\/www.cnnturk.com\/2010\/turkiye\/11\/04\/gul.askere.mesaj.verdi.mi\/595438.0\/index.html\" target=\"_blank\"><span style=\"color: #888888;\">CNN T\u00dcRK<\/span><\/a><\/p>\n","protected":false},"excerpt":{"rendered":"<p style=\"text-align: center;\">\n<p style=\"text-align: justify;\">Cumhurba\u015fkan\u0131 Abdullah G\u00fcl, Genelkurmay Ba\u015fkan\u0131 Orgeneral I\u015f\u0131k Ko\u015faner ile haftal\u0131k ola\u011fan g\u00f6r\u00fc\u015fmesini yapt\u0131. Ama o ola\u011fan g\u00f6r\u00fc\u015fme bu kez de emre itaatsizlik tart\u0131\u015fmalar\u0131n\u0131n g\u00f6lgesinde ola\u011fan\u00fcst\u00fc hale geldi. Merak edilen, G\u00fcl&#8217;\u00fcn g\u00f6r\u00fc\u015fmede askerin resepsiyona kat\u0131lmamas\u0131n\u0131 g\u00fcndeme getirip getirmedi\u011fi.<\/p>\n","protected":false},"author":1,"featured_media":0,"comment_status":"open","ping_status":"closed","sticky":false,"template":"","format":"standard","meta":{"footnotes":""},"categories":[105],"tags":[],"class_list":["post-26942","post","type-post","status-publish","format-standard","hentry","category-gundem","odd"],"_links":{"self":[{"href":"http:\/\/www.korhanyilmaz.com\/index.php?rest_route=\/wp\/v2\/posts\/26942","targetHints":{"allow":["GET"]}}],"collection":[{"href":"http:\/\/www.korhanyilmaz.com\/index.php?rest_route=\/wp\/v2\/posts"}],"about":[{"href":"http:\/\/www.korhanyilmaz.com\/index.php?rest_route=\/wp\/v2\/types\/post"}],"author":[{"embeddable":true,"href":"http:\/\/www.korhanyilmaz.com\/index.php?rest_route=\/wp\/v2\/users\/1"}],"replies":[{"embeddable":true,"href":"http:\/\/www.korhanyilmaz.com\/index.php?rest_route=%2Fwp%2Fv2%2Fcomments&post=26942"}],"version-history":[{"count":0,"href":"http:\/\/www.korhanyilmaz.com\/index.php?rest_route=\/wp\/v2\/posts\/26942\/revisions"}],"wp:attachment":[{"href":"http:\/\/www.korhanyilmaz.com\/index.php?rest_route=%2Fwp%2Fv2%2Fmedia&parent=26942"}],"wp:term":[{"taxonomy":"category","embeddable":true,"href":"http:\/\/www.korhanyilmaz.com\/index.php?rest_route=%2Fwp%2Fv2%2Fcategories&post=26942"},{"taxonomy":"post_tag","embeddable":true,"href":"http:\/\/www.korhanyilmaz.com\/index.php?rest_route=%2Fwp%2Fv2%2Ftags&post=26942"}],"curies":[{"name":"wp","href":"https:\/\/api.w.org\/{rel}","templated":true}]}}