{"id":26939,"date":"2010-11-04T21:15:35","date_gmt":"2010-11-04T19:15:35","guid":{"rendered":"http:\/\/www.korhanyilmaz.com\/?p=26939"},"modified":"2010-11-04T21:15:35","modified_gmt":"2010-11-04T19:15:35","slug":"sav-genel-sekreterlik-defterini-kapatti","status":"publish","type":"post","link":"http:\/\/www.korhanyilmaz.com\/?p=26939","title":{"rendered":"Sav genel sekreterlik defterini kapatt\u0131"},"content":{"rendered":"<p style=\"text-align: center;\"><a href=\"http:\/\/www.korhanyilmaz.com\/wp-content\/uploads\/2010\/11\/131.jpg\"  class=\"lightview\"><img loading=\"lazy\" decoding=\"async\" class=\"aligncenter size-full wp-image-26940\" src=\"http:\/\/www.korhanyilmaz.com\/wp-content\/uploads\/2010\/11\/131.jpg\" alt=\"\" width=\"307\" height=\"236\" \/><\/a><\/p>\n<p style=\"text-align: justify;\">Eski CHP Genel Sekreteri \u00d6nder Sav, &#8220;CHP Genel Sekreterli\u011fi kimsenin tapulu m\u00fclk\u00fc de\u011fil. Benim i\u00e7in art\u0131k genel sekreterlik sayfas\u0131 g\u00f6nl\u00fcmde de kapanm\u0131\u015ft\u0131r&#8221; dedi. Sav, G\u00fcrsel Tekin hak\u0131nda ise &#8220;G\u00fcrsel Tekin benim i\u00e7 d\u00fcnyamda tart\u0131\u015faca\u011f\u0131m bir isim de\u011fildir. Tart\u0131\u015f\u0131rsam beni tan\u0131yanlar beni ay\u0131plar&#8230;&#8221; diye konu\u015ftu.<!--more--><\/p>\n<p style=\"text-align: justify;\">Sav, Kanal D Ana Haber b\u00fcltenine kat\u0131larak CHP&#8217;deki son geli\u015fmelere ili\u015fkin sorular\u0131 yan\u0131tlad\u0131.<\/p>\n<p style=\"text-align: justify;\">CHP&#8217;deki geli\u015fmelere ili\u015fkin yorumlarda kullan\u0131lan ifadeleri ele\u015ftirerek, CHP&#8217;de ne devrim ne ihtilal ne de ihtilalci bulundu\u011funu belirten Sav, ya\u015fananlar\u0131n parti i\u00e7i demokrasinin do\u011fal g\u00f6r\u00fcnt\u00fcleri olarak alg\u0131lanmas\u0131n\u0131 istedi.<\/p>\n<p style=\"text-align: justify;\">Sav, &#8220;Yarg\u0131tay Cumhuriyet Ba\u015fsavc\u0131l\u0131\u011f\u0131&#8217;n\u0131n Genel Ba\u015fkan Kemal K\u0131l\u0131\u00e7daro\u011flu&#8217;nun yeni Merkez Y\u00f6netim Kurulu (MYK) listesine onay vermesinin ard\u0131ndan her \u015fey bitti mi?&#8221; sorusuna \u015fu yan\u0131t\u0131 verdi:<\/p>\n<p style=\"text-align: justify;\">&#8220;Yarg\u0131tay Cumhuriyet Ba\u015fsavc\u0131l\u0131\u011f\u0131&#8217;n\u0131n bu konuda de\u011ferlendirmelerinin temeline girecek olursak, tart\u0131\u015f\u0131lmas\u0131 gereken de\u011ferlendirmeler oldu\u011fu sonucuna var\u0131r\u0131z. CHP&#8217;nin Yarg\u0131tay Cumhuriyet Ba\u015fsavc\u0131l\u0131\u011f\u0131&#8217;n\u0131n tak\u0131ld\u0131\u011f\u0131 t\u00fcz\u00fckte de\u011fi\u015fiklik yap\u0131ld\u0131\u011f\u0131 sav\u0131 bence hukuken ge\u00e7erli de\u011fil. Bunu her zaman iddia ederim bir hukuk\u00e7u olarak.&#8221;<\/p>\n<p style=\"text-align: justify;\">Sav, Yarg\u0131tay Cumhuriyet Ba\u015fsavc\u0131l\u0131\u011f\u0131&#8217;n\u0131n bir karar makam\u0131 olmad\u0131\u011f\u0131n\u0131, iddia ve uyar\u0131 makam\u0131 oldu\u011funu vurgulad\u0131.<\/p>\n<p style=\"text-align: justify;\">Parti i\u00e7inde m\u00fccadele bitti mi?<\/p>\n<p style=\"text-align: justify;\">Parti i\u00e7inde bir m\u00fccadele verdi\u011fi ifade edilerek bu m\u00fccadelenin s\u00fcr\u00fcp s\u00fcrmedi\u011fine y\u00f6nelik soru \u00fczerine de Sav, kendisinin bu m\u00fccadeleyi kimseyi hedef alarak ve k\u0131rmak amac\u0131yla yapmad\u0131\u011f\u0131n\u0131, amac\u0131n\u0131n partinin hukukunu korumak oldu\u011funu belirtti.<\/p>\n<p style=\"text-align: justify;\">Yarg\u0131tay Cumhuriyet Ba\u015fsavc\u0131l\u0131\u011f\u0131&#8217;n\u0131n CHP&#8217;ye g\u00f6nderdi\u011fi t\u00fcz\u00fck de\u011fi\u015fikli\u011fine ili\u015fkin yaz\u0131lar\u0131n bir partinin i\u00e7 hukukuna m\u00fcdahale oldu\u011funu iddia eden Sav, m\u00fccadelenin bitip bitmedi\u011fini zaman\u0131n g\u00f6sterece\u011fini s\u00f6yledi.<\/p>\n<p style=\"text-align: justify;\">\u0130l Ba\u015fkanlar\u0131n\u0131 toplant\u0131ya \u00e7a\u011f\u0131rd\u0131\u011f\u0131 y\u00f6n\u00fcndeki haberlerin de do\u011fru olmad\u0131\u011f\u0131n\u0131 bildiren Sav, bu ama\u00e7la kimseyle bir g\u00f6r\u00fc\u015fme yapmad\u0131\u011f\u0131n\u0131 a\u00e7\u0131klad\u0131. Bu iddiay\u0131 CHP&#8217;nin yeni y\u00f6neticilerinden duyunca, g\u00fcl\u00fcp ge\u00e7ti\u011fini belirten Sav, &#8220;Tabii yeti\u015fecekler, e\u011fitilecekler, b\u00fcy\u00fcyecekler. \u0130n\u015fallah bizim ge\u00e7ti\u011fimiz a\u015famalardan onlar da ge\u00e7er. Daha ak\u0131ll\u0131 davran\u0131\u015flarda bulunurlar&#8221; dedi.<\/p>\n<p style=\"text-align: justify;\">Sav, &#8220;\u00d6nder Sav i\u00e7in CHP Genel Sekreterli\u011fi d\u00f6nemi bitti mi?&#8221; sorusu \u00fczerine de \u015funlar\u0131 s\u00f6yledi: &#8220;Gayet tabii CHP Genel Sekreterli\u011fi kimsenin tapulu m\u00fclk\u00fc de\u011fil. Benden evvel de pek \u00e7ok genel sekreter g\u00f6rev yapt\u0131. Benim ya\u015fam\u0131mda en b\u00fcy\u00fck arma\u011fanlardan biri en uzun s\u00fcreli genel sekterli\u011fi yapm\u0131\u015f olmamd\u0131r. Benim i\u00e7in art\u0131k genel sekreterlik sayfas\u0131 g\u00f6nl\u00fcmde de kapanm\u0131\u015ft\u0131r. Ben CHP ile b\u00fcy\u00fcyen, gen\u00e7lik kollar\u0131ndan bu yana o k\u00fclt\u00fcrle yeti\u015fen birisiyim. CHP&#8217;nin \u00fczerine titredim. Benim kadar titreyen bir adam da az bulunur.&#8221;<\/p>\n<p style=\"text-align: justify;\">Sav, makam odas\u0131n\u0131 ne zaman bo\u015faltaca\u011f\u0131 sorusuna da &#8220;hen\u00fcz karar vermedim&#8221; kar\u015f\u0131l\u0131\u011f\u0131n\u0131 verdi. Oda bo\u015faltmaman\u0131n bir direni\u015f i\u015fareti olmad\u0131\u011f\u0131n\u0131 belirten Sav, dost\u00e7a ve karde\u015f\u00e7e bu konuyu halledeceklerini s\u00f6yledi.<\/p>\n<p style=\"text-align: justify;\">Sav, &#8220;neden istemedi, neden tasfiye etmek istedi?&#8221; \u015feklindeki bir soruya, bu olay\u0131 bir tasfiye olarak alg\u0131lamad\u0131\u011f\u0131n\u0131, kendisinin siyasette her zaman do\u011frular\u0131 uygulamaya \u00e7al\u0131\u015fan bir anlay\u0131\u015fa sahip oldu\u011funu belirtti.<\/p>\n<p style=\"text-align: justify;\">Sav, &#8220;Bir \u015feyler yanl\u0131\u015f gitmi\u015f, demek ki&#8221; a\u00e7\u0131klamas\u0131na kar\u015f\u0131l\u0131k &#8220;yanl\u0131\u015fl\u0131k bende de\u011fil&#8221; yan\u0131t\u0131n\u0131 verdi.<\/p>\n<p style=\"text-align: justify;\"><strong>&#8220;Benimle \u00e7al\u0131\u015fmak istemedi&#8221; <\/strong><\/p>\n<p style=\"text-align: justify;\">K\u0131l\u0131\u00e7daro\u011flu&#8217;nu ba\u015fkanl\u0131\u011fa kendisinin cesaretlendirerek aday etti\u011fini belirten Sav, bunun aksini kimsenin s\u00f6yleyemeyece\u011fini kaydetti.<\/p>\n<p style=\"text-align: justify;\">Sav, &#8220;Size t\u00fcz\u00fck \u00e7er\u00e7evesinde tekrar \u00f6rg\u00fctlerden sorumlu genel ba\u015fkan yard\u0131mc\u0131l\u0131\u011f\u0131 g\u00f6revini verse bunlar olmaz m\u0131yd\u0131?&#8221; sorusuna kar\u015f\u0131l\u0131k da, &#8220;Say\u0131n K\u0131l\u0131\u00e7daro\u011flu&#8217;nun bu d\u00f6nemde benimle \u00e7al\u0131\u015fmak istemedi\u011fini tespit ettim, esas olay odur. Gerisi hikayedir&#8221; yan\u0131t\u0131n\u0131 verdi. Sav, b\u00f6yle bir durumda g\u00f6rev almayaca\u011f\u0131n\u0131 da kaydetti.<\/p>\n<p style=\"text-align: justify;\"><strong>G\u00fcrsel Tekin&#8217;e sert s\u00f6zler<\/strong><\/p>\n<p style=\"text-align: justify;\">Sav, &#8220;K\u0131l\u0131\u00e7daro\u011flu&#8217;nun, kendisinin i\u015f tutu\u015f \u015feklinden rahats\u0131z oldu\u011funu&#8221; da ileri s\u00fcrd\u00fc.<\/p>\n<p style=\"text-align: justify;\">&#8220;K\u0131r\u0131lma noktas\u0131nda G\u00fcrsel Tekin&#8217;i y\u00fckseltmesinin rol\u00fc var m\u0131?&#8221; \u015feklindeki bir soru \u00fczerine de Sav, \u015funlar\u0131 s\u00f6yledi: &#8220;G\u00fcrsel Tekin&#8217;in y\u00fckselip y\u00fckselmedi\u011fini bilemem. Nereye kadar y\u00fckselece\u011fini de bilemem, \u00e7ok y\u00fckselip nereden d\u00fc\u015fece\u011fini de bilemem. Onun i\u00e7in G\u00fcrsel Tekin benim i\u00e7 d\u00fcnyamda tart\u0131\u015faca\u011f\u0131m bir isim de\u011fildir. Tart\u0131\u015f\u0131rsam beni tan\u0131yanlar beni ay\u0131plar&#8230;&#8221;<\/p>\n<p style=\"text-align: justify;\"><a href=\"http:\/\/www.cnnturk.com\/2010\/turkiye\/11\/04\/sav.genel.sekreterlik.defterini.kapatti\/595452.0\/index.html\" target=\"_blank\"><span style=\"color: #888888;\">CNN T\u00dcRK<\/span><\/a><\/p>\n","protected":false},"excerpt":{"rendered":"<p style=\"text-align: center;\">\n<p style=\"text-align: justify;\">Eski CHP Genel Sekreteri \u00d6nder Sav, &#8220;CHP Genel Sekreterli\u011fi kimsenin tapulu m\u00fclk\u00fc de\u011fil. Benim i\u00e7in art\u0131k genel sekreterlik sayfas\u0131 g\u00f6nl\u00fcmde de kapanm\u0131\u015ft\u0131r&#8221; dedi. Sav, G\u00fcrsel Tekin hak\u0131nda ise &#8220;G\u00fcrsel Tekin benim i\u00e7 d\u00fcnyamda tart\u0131\u015faca\u011f\u0131m bir isim de\u011fildir. Tart\u0131\u015f\u0131rsam beni tan\u0131yanlar beni ay\u0131plar&#8230;&#8221; diye konu\u015ftu.<\/p>\n","protected":false},"author":1,"featured_media":0,"comment_status":"open","ping_status":"closed","sticky":false,"template":"","format":"standard","meta":{"footnotes":""},"categories":[105],"tags":[],"class_list":["post-26939","post","type-post","status-publish","format-standard","hentry","category-gundem","odd"],"_links":{"self":[{"href":"http:\/\/www.korhanyilmaz.com\/index.php?rest_route=\/wp\/v2\/posts\/26939","targetHints":{"allow":["GET"]}}],"collection":[{"href":"http:\/\/www.korhanyilmaz.com\/index.php?rest_route=\/wp\/v2\/posts"}],"about":[{"href":"http:\/\/www.korhanyilmaz.com\/index.php?rest_route=\/wp\/v2\/types\/post"}],"author":[{"embeddable":true,"href":"http:\/\/www.korhanyilmaz.com\/index.php?rest_route=\/wp\/v2\/users\/1"}],"replies":[{"embeddable":true,"href":"http:\/\/www.korhanyilmaz.com\/index.php?rest_route=%2Fwp%2Fv2%2Fcomments&post=26939"}],"version-history":[{"count":0,"href":"http:\/\/www.korhanyilmaz.com\/index.php?rest_route=\/wp\/v2\/posts\/26939\/revisions"}],"wp:attachment":[{"href":"http:\/\/www.korhanyilmaz.com\/index.php?rest_route=%2Fwp%2Fv2%2Fmedia&parent=26939"}],"wp:term":[{"taxonomy":"category","embeddable":true,"href":"http:\/\/www.korhanyilmaz.com\/index.php?rest_route=%2Fwp%2Fv2%2Fcategories&post=26939"},{"taxonomy":"post_tag","embeddable":true,"href":"http:\/\/www.korhanyilmaz.com\/index.php?rest_route=%2Fwp%2Fv2%2Ftags&post=26939"}],"curies":[{"name":"wp","href":"https:\/\/api.w.org\/{rel}","templated":true}]}}