{"id":26930,"date":"2010-11-03T13:12:35","date_gmt":"2010-11-03T11:12:35","guid":{"rendered":"http:\/\/www.korhanyilmaz.com\/?p=26930"},"modified":"2010-11-03T13:12:35","modified_gmt":"2010-11-03T11:12:35","slug":"7-sinif-sbsye-yurutmeyi-durdurma","status":"publish","type":"post","link":"http:\/\/www.korhanyilmaz.com\/?p=26930","title":{"rendered":"7. s\u0131n\u0131f SBS&#8217;ye y\u00fcr\u00fctmeyi durdurma"},"content":{"rendered":"<p style=\"text-align: center;\"><a href=\"http:\/\/www.korhanyilmaz.com\/wp-content\/uploads\/2010\/11\/127.jpeg\"  class=\"lightview\"><img loading=\"lazy\" decoding=\"async\" class=\"aligncenter size-full wp-image-26931\" src=\"http:\/\/www.korhanyilmaz.com\/wp-content\/uploads\/2010\/11\/127.jpeg\" alt=\"\" width=\"384\" height=\"254\" \/><\/a><\/p>\n<p style=\"text-align: justify;\">Dan\u0131\u015ftay, bu y\u0131l 7. s\u0131n\u0131flara yap\u0131lan SBS s\u0131nav\u0131n\u0131n y\u00fcr\u00fctmesinin durdurulmas\u0131na karar verdi. Milli E\u011fitim bakan\u0131 \u00c7ubuk\u00e7u, &#8216;Karar\u0131 inceliyoruz itiraz hakk\u0131m\u0131z bulunuyor&#8217; dedi.<\/p>\n<p style=\"text-align: justify;\">Dan\u0131\u015ftay 8. Dairesi, SBS\u2019nin 6. ve 7. s\u0131n\u0131flar i\u00e7in kademeli olarak kald\u0131r\u0131lmas\u0131n\u0131 \u00f6ng\u00f6ren \u0130lk\u00f6\u011fretim Kurumlar\u0131 Y\u00f6netmeli\u011finin ilgili h\u00fck\u00fcmleriyle bu y\u0131l 7. s\u0131n\u0131flar i\u00e7in yap\u0131lacak SBS\u2019nin y\u00fcr\u00fctmesinin durdurulmas\u0131na karar verdi. <!--more--><\/p>\n<p style=\"text-align: justify;\">Dan\u0131\u015ftay 8. Dairesi, ge\u00e7en y\u0131l 6. s\u0131n\u0131ftaki \u00e7ocu\u011fu SBS\u2019ye giren bir velinin, 10 Temmuz 2010 tarihli Resmi Gazete\u2019de yay\u0131mlanan y\u00f6netmeli\u011fin baz\u0131 maddelerinin y\u00fcr\u00fctmesinin durdurulmas\u0131 ve iptali istemiyle a\u00e7t\u0131\u011f\u0131 davada, y\u00fcr\u00fctmenin durdurulmas\u0131 istemini karara ba\u011flad\u0131.<\/p>\n<p style=\"text-align: justify;\">Milli E\u011fitim Bakanl\u0131\u011f\u0131n\u0131n, \u00fc\u00e7 y\u0131la yay\u0131l\u0131 SBS sisteminin herhangi bir ya\u015f ayr\u0131m\u0131 yap\u0131lmaks\u0131z\u0131n t\u00fcm \u00e7ocuklar \u00fczerinde bask\u0131 ortam\u0131 yaratt\u0131\u011f\u0131, uygulanan s\u0131nav sisteminin okullar\u0131n e\u011fitim sistemindeki merkezili\u011fini kaybetmesine yol a\u00e7t\u0131\u011f\u0131 ve \u00e7ocuklar\u0131n sosyo-psikolojik geli\u015fimlerini olumsuz etkiledi\u011fine y\u00f6nelik kamuoyunda geni\u015f bir uzla\u015f\u0131 bulundu\u011fu gerek\u00e7esiyle \u00fc\u00e7 y\u0131la yay\u0131l\u0131 s\u0131nav\u0131n kald\u0131r\u0131lmas\u0131na karar verildi\u011fini 28 Haziran 2010 tarihinde kamuoyuna a\u00e7\u0131klad\u0131\u011f\u0131 anlat\u0131lan y\u00fcksek mahkeme karar\u0131nda, bu \u00e7er\u00e7evede \u0130lk\u00f6\u011fretim Kurumlar\u0131 y\u00f6netmeli\u011finde de\u011fi\u015fiklik yap\u0131ld\u0131\u011f\u0131 an\u0131msat\u0131ld\u0131.<\/p>\n<p style=\"text-align: justify;\">\u00d6\u011frenci ba\u015far\u0131s\u0131n\u0131n tek bir s\u0131navla de\u011ferlendirilmesinin getirdi\u011fi sorunlar\u0131 ortadan kald\u0131rmak amac\u0131yla 2007-2008 \u00f6\u011fretim y\u0131l\u0131ndan ge\u00e7erli olmak \u00fczere \u00fc\u00e7 y\u0131la yay\u0131l\u0131 hale getirilen s\u0131nav sisteminin, aradan ge\u00e7en k\u0131sa zaman i\u00e7erisinde s\u00f6z konusu gerek\u00e7elerle 2010-2011 \u00f6\u011fretim y\u0131l\u0131 ba\u015f\u0131ndan itibaren tek a\u015famal\u0131 bir s\u0131nav sistemi haline getirildi\u011fi belirtilen kararda, \u015f\u00f6yle devam edildi:<\/p>\n<p style=\"text-align: justify;\">&#8220;Milli E\u011fitim Bakanl\u0131\u011f\u0131n\u0131n, y\u00fcr\u00fctmeyi durdurma istemi kar\u015f\u0131s\u0131nda verdi\u011fi savunmada; \u00fc\u00e7 y\u0131la yay\u0131l\u0131 s\u0131nav sisteminin kald\u0131r\u0131larak yerine tek a\u015famal\u0131 s\u0131nav sistemi getirilmesinin ana nedeninin, \u00f6\u011frencilerin ve ailelerinin bu s\u0131nav s\u00fcrecinde ya\u015fad\u0131klar\u0131 olumsuzluklar g\u00f6sterilmi\u015f olup; bu olumsuz etkilerin en \u00f6nemlisi olarak da \u00e7ocuklar\u0131n s\u0131nav odakl\u0131 ya\u015famaktan sosyal etkinliklere vakit ay\u0131ramamalar\u0131n\u0131n oldu\u011fu belirtilmi\u015ftir. S\u00f6z konusu savunmada herhangi bir ya\u015f ayr\u0131m\u0131 yap\u0131lmaks\u0131z\u0131n, t\u00fcm s\u0131n\u0131f \u00f6\u011frencileri a\u00e7\u0131s\u0131ndan bu sistemin olumsuz yanlar\u0131 kabul edilmi\u015ftir.<\/p>\n<p style=\"text-align: justify;\">S\u0131nav sisteminin, \u00f6\u011frenciler ve aileleri \u00fczerinde yaratt\u0131\u011f\u0131 as\u0131l olumsuzluk, bakanl\u0131\u011f\u0131n 28 Haziran 2010 tarihli bas\u0131n a\u00e7\u0131klamas\u0131ndan da anla\u015f\u0131laca\u011f\u0131 \u00fczere, psikolojik olarak kendini g\u00f6stermektedir. Hal b\u00f6yle iken, daval\u0131 bakanl\u0131\u011f\u0131n savunmas\u0131nda da kabul etti\u011fi \u00fczere, anayasal e\u015fitlik ilkesi uyar\u0131nca, t\u00fcm s\u0131n\u0131f \u00f6\u011frencileri i\u00e7in maddiyat\u0131n \u00f6tesinde psikolojik olumsuzluklara sebebiyet veren bir sistemin 2009-2010 \u00f6\u011fretim y\u0131l\u0131nda 6. s\u0131n\u0131flara uygulanmaya ba\u015flan\u0131lm\u0131\u015f olmas\u0131n\u0131n, 2010-2011 y\u0131l\u0131nda 7. s\u0131n\u0131fta olan davac\u0131n\u0131n \u00e7ocu\u011funun da i\u00e7inde bulundu\u011fu bu \u00f6\u011frencilere uygulanmaya devam edilmesinin kabul edilen olumsuzluklar\u0131 g\u00f6rmezden gelme anlam\u0131 ta\u015f\u0131yaca\u011f\u0131 a\u00e7\u0131kt\u0131r.&#8221;<\/p>\n<p style=\"text-align: justify;\">Y\u00fcksek Mahkeme karar\u0131nda, y\u00f6netmeli\u011fin Ge\u00e7ici 3. maddesinde yer alan &#8220;2009-2010 \u00d6\u011fretim Y\u0131l\u0131nda 6,7 ve 8. s\u0131n\u0131fta \u00f6\u011frenim g\u00f6ren \u00f6\u011frencilere, bu tarihte y\u00fcr\u00fcrl\u00fckte bulunan Y\u00f6netmelik h\u00fck\u00fcmleri uygulan\u0131r&#8221; d\u00fczenlemesiyle 4. maddesinde yer alan; &#8221; &#8230;.. kademeli olarak ilk\u00f6\u011fretim 6. s\u0131n\u0131f \u00f6\u011frencilerinden &#8230;.&#8221; ibaresinde ve 2010-2011 \u00f6\u011fretim y\u0131l\u0131ndaki 7. s\u0131n\u0131f SBS\u2019nin yap\u0131lmas\u0131nda Anayasal e\u015fitlik ilkesine ve hukuka uyarl\u0131k g\u00f6r\u00fclmedi\u011fi kaydedilerek, s\u00f6z konusu h\u00fck\u00fcmlerin y\u00fcr\u00fctmesinin durdurulmas\u0131na karar verildi\u011fi belirtildi. Daire, karar\u0131 oy \u00e7oklu\u011fuyla ald\u0131.  Dan\u0131\u015ftay 8. Dairesi, y\u00f6netmeli\u011fin ilgili maddelerinin iptali istemini daha sonra g\u00f6r\u00fc\u015fecek.<\/p>\n<p style=\"text-align: justify;\"><strong>\u0130T\u0130RAZ HAKKIMIZ BULUNUYOR<\/strong><\/p>\n<p style=\"text-align: justify;\">Milli E\u011fitim Bakan\u0131 Nimet \u00c7ubuk\u00e7u, Dan\u0131\u015ftay&#8217;\u0131n 7. s\u0131n\u0131flara y\u00f6nelik seviye belirleme s\u0131nav\u0131n\u0131n y\u00fcr\u00fctmesinin durdurulmas\u0131yla ilgili olarak, karar\u0131n ellerine yeni ula\u015ft\u0131\u011f\u0131n\u0131 belirterek, \u201cKarar\u0131 inceleyeceklerini, itiraz haklar\u0131n\u0131n bulundu\u011funu\u201d s\u00f6yledi.<\/p>\n<p style=\"text-align: justify;\"><a href=\"http:\/\/www.radikal.com.tr\/Radikal.aspx?aType=RadikalDetay&amp;ArticleID=1027200&amp;Date=04.11.2010&amp;CategoryID=77\" target=\"_blank\"><span style=\"color: #888888;\">Kaynak : Radikal<\/span><\/a><\/p>\n","protected":false},"excerpt":{"rendered":"<p style=\"text-align: center;\">\n<p style=\"text-align: justify;\">Dan\u0131\u015ftay, bu y\u0131l 7. s\u0131n\u0131flara yap\u0131lan SBS s\u0131nav\u0131n\u0131n y\u00fcr\u00fctmesinin durdurulmas\u0131na karar verdi. Milli E\u011fitim bakan\u0131 \u00c7ubuk\u00e7u, &#8216;Karar\u0131 inceliyoruz itiraz hakk\u0131m\u0131z bulunuyor&#8217; dedi.<\/p>\n<p style=\"text-align: justify;\">Dan\u0131\u015ftay 8. Dairesi, SBS\u2019nin 6. ve 7. s\u0131n\u0131flar i\u00e7in kademeli olarak kald\u0131r\u0131lmas\u0131n\u0131 \u00f6ng\u00f6ren \u0130lk\u00f6\u011fretim Kurumlar\u0131 Y\u00f6netmeli\u011finin ilgili h\u00fck\u00fcmleriyle bu y\u0131l 7. s\u0131n\u0131flar i\u00e7in yap\u0131lacak SBS\u2019nin y\u00fcr\u00fctmesinin <\/p>\n","protected":false},"author":1,"featured_media":0,"comment_status":"open","ping_status":"closed","sticky":false,"template":"","format":"standard","meta":{"footnotes":""},"categories":[105],"tags":[],"class_list":["post-26930","post","type-post","status-publish","format-standard","hentry","category-gundem","odd"],"_links":{"self":[{"href":"http:\/\/www.korhanyilmaz.com\/index.php?rest_route=\/wp\/v2\/posts\/26930","targetHints":{"allow":["GET"]}}],"collection":[{"href":"http:\/\/www.korhanyilmaz.com\/index.php?rest_route=\/wp\/v2\/posts"}],"about":[{"href":"http:\/\/www.korhanyilmaz.com\/index.php?rest_route=\/wp\/v2\/types\/post"}],"author":[{"embeddable":true,"href":"http:\/\/www.korhanyilmaz.com\/index.php?rest_route=\/wp\/v2\/users\/1"}],"replies":[{"embeddable":true,"href":"http:\/\/www.korhanyilmaz.com\/index.php?rest_route=%2Fwp%2Fv2%2Fcomments&post=26930"}],"version-history":[{"count":0,"href":"http:\/\/www.korhanyilmaz.com\/index.php?rest_route=\/wp\/v2\/posts\/26930\/revisions"}],"wp:attachment":[{"href":"http:\/\/www.korhanyilmaz.com\/index.php?rest_route=%2Fwp%2Fv2%2Fmedia&parent=26930"}],"wp:term":[{"taxonomy":"category","embeddable":true,"href":"http:\/\/www.korhanyilmaz.com\/index.php?rest_route=%2Fwp%2Fv2%2Fcategories&post=26930"},{"taxonomy":"post_tag","embeddable":true,"href":"http:\/\/www.korhanyilmaz.com\/index.php?rest_route=%2Fwp%2Fv2%2Ftags&post=26930"}],"curies":[{"name":"wp","href":"https:\/\/api.w.org\/{rel}","templated":true}]}}