{"id":26925,"date":"2010-11-03T19:09:22","date_gmt":"2010-11-03T17:09:22","guid":{"rendered":"http:\/\/www.korhanyilmaz.com\/?p=26925"},"modified":"2010-11-03T19:09:22","modified_gmt":"2010-11-03T17:09:22","slug":"sav-chpnin-omurgasini-egdirtmeyiz","status":"publish","type":"post","link":"http:\/\/www.korhanyilmaz.com\/?p=26925","title":{"rendered":"Sav: CHP&#8217;nin omurgas\u0131n\u0131 e\u011fdirtmeyiz"},"content":{"rendered":"<p style=\"text-align: center;\"><a href=\"http:\/\/www.korhanyilmaz.com\/wp-content\/uploads\/2010\/11\/126.jpeg\"  class=\"lightview\"><img loading=\"lazy\" decoding=\"async\" class=\"aligncenter size-full wp-image-26926\" src=\"http:\/\/www.korhanyilmaz.com\/wp-content\/uploads\/2010\/11\/126.jpeg\" alt=\"\" width=\"384\" height=\"254\" \/><\/a><\/p>\n<p style=\"text-align: justify;\">\u00d6nder Sav, Genel Ba\u015fkan\u0131 Kemal K\u0131l\u0131\u00e7daro\u011flu&#8217;nu su\u00e7layarak Hukuksuzlu\u011fu cilal\u0131 s\u00f6zlerle \u00f6rtemezsiniz. CHP&#8217;nin kimli\u011fini pazara \u00e7\u0131karamazlar? dedi.<\/p>\n<p style=\"text-align: justify;\">CHP Genel Ba\u015fkan\u0131 K\u0131l\u0131\u00e7daro\u011flu\u2019nun su\u00e7lamalar\u0131na \u00d6nder Sav yeni bir a\u00e7\u0131klamayla yan\u0131t verdi. Sav&#8217;\u0131n a\u00e7\u0131klamalar\u0131ndan sat\u0131r ba\u015flar\u0131 \u015f\u00f6yle:<\/p>\n<p style=\"text-align: justify;\">\u201dSizleri gecenin bu saatinde yordu\u011fum i\u00e7in \u00fczg\u00fcn\u00fcm. PM \u00fcyesi arkada\u015flar\u0131m ad\u0131na \u00f6z\u00fcr diliyorum. Bug\u00fcn bizim y\u00fcz\u00fcm\u00fczden yorucu bir mesai yapt\u0131n\u0131z. <!--more--><\/p>\n<p style=\"text-align: justify;\"><strong>EN \u00dcZ\u00dcC\u00dc D\u00d6NEM\u0130M\u0130 YA\u015eADIM<\/strong><\/p>\n<p style=\"text-align: justify;\">Ama sizin deste\u011finiz bu t\u00fcr g\u00fcnlerde bu t\u00fcr olayaklrda siyasi partileri izlemek ve topluma sa\u011fl\u0131kl\u0131 bilgiler yans\u0131tmak durumundas\u0131n\u0131z. 53 y\u0131ll\u0131k siyasi ya\u015fam\u0131m\u0131n bug\u00fcn hem \u00fcz\u00fcc\u00fc hem onur verici d\u00f6nemini ya\u015fad\u0131m.<\/p>\n<p style=\"text-align: justify;\"><strong>KEND\u0130 \u0130MZASINA SADIK KALMADI<\/strong><\/p>\n<p style=\"text-align: justify;\">\u00dcz\u00fcc\u00fc yan\u0131 ilk kez uzun y\u0131llar PM \u00fcyeli\u011fi yapt\u0131\u011f\u0131m partide bir CHP Genel Ba\u015fkan\u0131\u2019n\u0131n PM\u2019yi toplant\u0131ya \u00e7a\u011f\u0131r\u0131p, kendi imzas\u0131na sad\u0131k kalmadan parti meclisini hi\u00e7e sayarak kurultaydan sonra partinin en y\u00fcksek organ\u0131 olan PM\u2019yi hi\u00e7e sayarak toplant\u0131ya kat\u0131lmay\u0131\u015f\u0131 oldu. CHP kurallar partisidir. O kurallar do\u011frultusunda \u00e7al\u0131\u015fmalar\u0131n\u0131 y\u00fcr\u00fct\u00fcr. Gelecekte CHP\u2019nin tarihini yazanlar, bug\u00fcnk\u00fc geli\u015fmeleri o geli\u015fmeler i\u00e7inde CHP PM\u2019nin duru\u015funu da alt\u0131n\u0131 \u00e7izerek yazacaklard\u0131r.<\/p>\n<p style=\"text-align: justify;\">81 \u00fcyeli PM\u2019nin 61 \u00fcyesi toplant\u0131ya kat\u0131ld\u0131. Yani her t\u00fcrl\u00fc karar\u0131 almaya yetecek \u00e7o\u011funlu\u011fu vard\u0131. G\u00fcnlerden beridir tart\u0131\u015fmas\u0131 yap\u0131lan ola\u011fan\u00fcst\u00fc t\u00fcz\u00fckte kurultay de\u011ferlendirildi ve t\u00fcz\u00fck kurultay\u0131n\u0131n 27-28 Kas\u0131m Ankara\u2019da toplanmas\u0131na karar verdi.<\/p>\n<p style=\"text-align: justify;\"><strong>BU SAKAT B\u0130R ATAMADIR<\/strong><\/p>\n<p style=\"text-align: justify;\">CHP\u2019nin \u00e7o\u011fu \u015fu anda benim yan\u0131mda olan, Merkez y\u00f6netim kurulu \u00fcyeleri, \u00fcyeliklerinin hukuken devam ettirme durumlar\u0131n\u0131 yaratt\u0131lar. O durum kendili\u011finden do\u011fdu. Yeni bir Merkez y\u00f6netim kurulu atanmas\u0131 hukuken sakat bir atamad\u0131r. Yarg\u0131tay Cumhuriyet Ba\u015fsavc\u0131l\u0131\u011f\u0131\u2019na de\u011fil, d\u00fcnyan\u0131n en yetkili hukuk kurumuna da gitsenizde bu sakatl\u0131d\u0131r.<\/p>\n<p style=\"text-align: justify;\"><strong>C\u0130LALI S\u00d6ZLERLE \u00d6RTEMEZS\u0130N\u0130Z<\/strong><\/p>\n<p style=\"text-align: justify;\">Hukuki sakatl\u0131\u011f\u0131 cilal\u0131 s\u00f6zlerle \u00f6rtemezsiniz. Yeni Merkez Y\u00f6netim Kurulu demek yerine, Yeni CHP deyimini kullanm\u0131\u015f olmas\u0131d\u0131r.<\/p>\n<p style=\"text-align: justify;\"><strong>T\u00dcRK\u0130YE&#8217;DE TEK PART\u0130<\/strong><\/p>\n<p style=\"text-align: justify;\">D\u00fcnyada ve T\u00fcrkiye\u2019de bir tek parti vard\u0131r. O da Cumhuriyet Halk Partisi\u2019dir. CHP\u2019yi, i\u00e7erideki d\u0131\u015far\u0131daki d\u00fc\u015fmanlar eskitemedi. CHP\u2019ye k\u0131sa bir zaman \u00f6nce genel ba\u015fkan olan say\u0131n K\u0131l\u0131\u00e7daro\u011flu\u2019da eskitemeyecektir. \u0130stedi\u011fi kadar yeni desin, CHP Mustafa Kemal\u2019in kurdu\u011fu CHP\u2019dir.<\/p>\n<p style=\"text-align: justify;\"><strong>CHP&#8217;N\u0130N K\u0130ML\u0130\u011e\u0130 TARTI\u015eILAMAZ<\/strong><\/p>\n<p style=\"text-align: justify;\">Zaman zaman ilkelerimizle ilgili kimi yanl\u0131\u015f de\u011ferlendirmeler yap\u0131l\u0131yor. CHP\u2019nin kimli\u011fi tart\u0131\u015f\u0131lmaya a\u00e7\u0131l\u0131yor. Bizim d\u0131\u015f\u0131m\u0131zdaki baz\u0131 \u015fartlanm\u0131\u015f kafalar\u0131n, CHP\u2019nin kimli\u011fini tart\u0131\u015fmas\u0131 belki o kadar yad\u0131rganmayabilir. Ama i\u00e7imizdeki ki\u015filerin s\u0131fat\u0131 ne olursa olsun CHP\u2019nin kimli\u011fini tart\u0131\u015fmaya haklar\u0131 yoktur.<\/p>\n<p style=\"text-align: justify;\">\u00d6n\u00fcm\u00fczdeki s\u00fcre\u00e7 CHP\u2019ye ona v\u00fccut veren ilkelerine onun \u00e7a\u011fda\u015fla\u015fma y\u00fcr\u00fcy\u00fc\u015f\u00fcne sahip \u00e7\u0131kanlar\u0131n o ilkeleri sonuna kadar koruma kararl\u0131l\u0131\u011f\u0131nda olanlarla, o ilkeleri yozla\u015ft\u0131rmaya \u00e7al\u0131\u015fanlar\u0131n siyasal bi\u00e7iminde ge\u00e7ebilir.<\/p>\n<p style=\"text-align: justify;\"><strong>KA\u00c7MANIN SONU NEREYE KADAR<\/strong><\/p>\n<p style=\"text-align: justify;\">Biz bu m\u00fccadele yeri \u00f6teden beri belli insanlar\u0131z. B\u00fct\u00fcn parti meclisi \u00fcyeleri. Kurultaydan sonra kendilerini oradan PM dimdik ayaktad\u0131r. Bu ka\u00e7man\u0131n parti meclisini toplant\u0131ya \u00e7a\u011f\u0131r\u0131p ta ka\u00e7man\u0131n sonu nereye varacakt\u0131r?<\/p>\n<p style=\"text-align: justify;\"><strong>ONUN HESABI SORULACAKTIR<\/strong><\/p>\n<p style=\"text-align: justify;\">Bug\u00fcn kendi yetkilerini yoldan \u00e7\u0131karmaya \u00e7al\u0131\u015fanlarda onun hesab\u0131n\u0131 soracakt\u0131r.<\/p>\n<p style=\"text-align: justify;\"><strong>K\u00d6STEKLEMES\u0130NE \u0130Z\u0130N OLAMAZ<\/strong><\/p>\n<p style=\"text-align: justify;\">Elbette bizim u\u011fra\u015f\u0131m\u0131z da o. B\u00f6yle bir d\u00f6nemde CHP\u2019nin y\u00fcr\u00fcy\u00fc\u015f\u00fcn\u00fc, \u00e7a\u011fda\u015fla\u015fma hedefindekini ilerleyi\u015fini, bizim kimsenin k\u00f6steklemesine izin olamaz. Bizim yapmam\u0131z gereken \u015fey CHP\u2019nin b\u00fct\u00fcnl\u00fc\u011f\u00fcne birli\u011fine katk\u0131 koymakt\u0131r.<\/p>\n<p style=\"text-align: justify;\"><strong>CHP&#8217;N\u0130N OMURGASINI K\u0130MSEYE E\u011eD\u0130RTMEY\u0130Z<\/strong><\/p>\n<p style=\"text-align: justify;\">CHP\u2019nin omurgas\u0131n\u0131 kimseye e\u011fdirtmeyiz. CHP\u2019yi eksenlerinden kayd\u0131rmaya da m\u00fcsaade etmeyiz. Kimilerinin ho\u015funa gidecek diye CHP\u2019nin politikas\u0131ndan, CHP\u2019nin kimli\u011finden, CHP\u2019nin \u00f6z benli\u011finden feda etmeye, ondan bir \u015feyler vermeye kalkanlarla, CHP\u2019li bilinci i\u00e7inde u\u011fra\u015f\u0131m\u0131z\u0131 s\u00fcrd\u00fcr\u00fcr\u00fcz.<\/p>\n<p style=\"text-align: justify;\"><strong>TAR\u0130H\u0130 OKUMALILAR<\/strong><\/p>\n<p style=\"text-align: justify;\">\u015eimdiden kendisini yeni CHP diye ilan etmeye kalkanlara tavsiyem, CHP tarihini birkez daha okumalar\u0131d\u0131r. Benim gibi gen\u00e7lik kollar\u0131ndan yeti\u015fen, 53 y\u0131l\u0131n\u0131 CHP\u2019ye vermi\u015f olanlara, PM \u00fcyeli\u011fi ile CHP\u2019yle tan\u0131\u015fanlar\u0131n bana s\u00f6yleyecek hi\u00e7bir s\u00f6z\u00fc yoktur.<\/p>\n<p style=\"text-align: justify;\"><strong>KASTETT\u0130KLER\u0130 K\u0130\u015e\u0130 BEN\u0130M<\/strong><\/p>\n<p style=\"text-align: justify;\">Tabi zaman i\u00e7inde onlarda e\u011fitilir. CHP\u2019yi bilmeyenlere onlara da \u00f6\u011fretiriz. Bizler Mustafa Kemal\u2019in \u0130smet Pa\u015fa\u2019n\u0131n B\u00fclent Ecevit\u2019in oturdu\u011fu koltu\u011fa oturan insanlar\u0131n, kimli\u011fine sahip \u00e7\u0131kanlar\u0131n, \u00f6yle y\u00fczeysel s\u00f6zlerle, korku imparatorlu\u011fu yarat\u0131l\u0131yor s\u00f6ylemiyle, kimleri kastetti\u011fini bilmiyorum ama, galiba kastettikleri ki\u015fi benim. Biz hayat\u0131m\u0131zda CHP\u2019ye hizmet etmekle \u00f6v\u00fcn\u00fcr\u00fcz.<\/p>\n<p style=\"text-align: justify;\">CHP\u2019nn bu ya\u015fanan olaylar\u0131 da k\u0131sa zamanda a\u015faca\u011f\u0131n\u0131, CHP\u2019nin iktidar yolundaki y\u00fcr\u00fcy\u00fc\u015f\u00fcne devam edece\u011fini, kendi benli\u011finden hi\u00e7 fedakarl\u0131k etmeden, AKP\u2019ye \u00f6yk\u00fcnerek, sa\u011fa yana\u015farak, bir k\u0131s\u0131m CHP\u2019ye oy vermemi\u015f kimselere \u015firin g\u00f6r\u00fcnerek, CHP\u2019nin kimli\u011fini bozamayacaklard\u0131r. CHP\u2019lilerin i\u00e7lerinin daha rahat olmas\u0131n\u0131 diliyorum. Mustafa Kemal\u2019in partisinin \u00fczerine titriyoruz.<\/p>\n<p style=\"text-align: justify;\"><strong>CHP&#8217;N\u0130N K\u0130ML\u0130\u011e\u0130 PAZARA \u00c7IKARAMAZLAR<\/strong><\/p>\n<p style=\"text-align: justify;\">Son zamanlarda tart\u0131\u015fmaya a\u00e7\u0131lan laiklik ilkesine de buradaki arkada\u015flar\u0131m sonuna kadar sahip \u00e7\u0131kacaklard\u0131r. Laiklik ba\u015fka kavramlarla anlat\u0131lmaya \u00e7al\u0131\u015f\u0131lamayacak kadar engin bir kavramd\u0131r. Laiklik bilimin \u0131\u015f\u0131\u011f\u0131nda, ulusal devletin, \u00e7a\u011fda\u015fla\u015fman\u0131n demokratik hukuk devletinin olmazsa olmaz vazge\u00e7ilmez ko\u015fuludur. O y\u00fczden CHP\u2019nin bu kimli\u011fini pazara \u00e7\u0131karmaya kimsenin g\u00fcc\u00fc yetmeyecektir.<\/p>\n<p style=\"text-align: justify;\"><strong>MUSTAFA KEMAL&#8217;\u0130N S\u00d6Z\u00dc<\/strong><\/p>\n<p style=\"text-align: justify;\">O sevgili Ata\u2019m\u0131z\u0131n \u00e7ok \u00f6zdeyi\u015fiyle, tarihin tan\u0131d\u0131\u011f\u0131 ender devrimcilerden Mustafa Kemal\u2019in s\u00f6zlerini hat\u0131rlatmak istiyorum.<\/p>\n<p style=\"text-align: justify;\">\u201cDevrim, g\u00fcne\u015f kadar parlak, g\u00fcne\u015f kadar s\u0131cak ve g\u00fcne\u015f kadar bizden uzakt\u0131r. Y\u00f6n\u00fcm\u00fc daima o g\u00fcne\u015fe bakarak belirler ve \u00f6ylece ilerlerim, ilerlerim; parlakl\u0131\u011f\u0131 ve s\u0131cakl\u0131\u011f\u0131 ilerlememe izin verinceye kadar ilerlerim. Tekrar ilerlemeye devam etmek \u00fczere dururum; tekrar o g\u00fcne\u015fe bakarak y\u00f6n\u00fcm\u00fc belirlerim.\u201d<\/p>\n<p style=\"text-align: justify;\"><strong>B\u0130Z DEVR\u0130MC\u0130LERDEN\u0130Z <\/strong><\/p>\n<p style=\"text-align: justify;\">Biz o devrimcilerdeniz arkada\u015flar. Her engeli a\u015fma kararl\u0131l\u0131\u011f\u0131nda insanlar\u0131z. O kararl\u0131l\u0131kla g\u00f6revimizi yapaca\u011f\u0131z.<\/p>\n<p style=\"text-align: justify;\"><a href=\"http:\/\/www.radikal.com.tr\/Radikal.aspx?aType=RadikalDetay&amp;ArticleID=1027256&amp;Date=04.11.2010&amp;CategoryID=78\" target=\"_blank\"><span style=\"color: #888888;\">Kaynak : Radikal<\/span><\/a><\/p>\n","protected":false},"excerpt":{"rendered":"<p style=\"text-align: center;\">\n<p style=\"text-align: justify;\">\u00d6nder Sav, Genel Ba\u015fkan\u0131 Kemal K\u0131l\u0131\u00e7daro\u011flu&#8217;nu su\u00e7layarak Hukuksuzlu\u011fu cilal\u0131 s\u00f6zlerle \u00f6rtemezsiniz. CHP&#8217;nin kimli\u011fini pazara \u00e7\u0131karamazlar? dedi.<\/p>\n<p style=\"text-align: justify;\">CHP Genel Ba\u015fkan\u0131 K\u0131l\u0131\u00e7daro\u011flu\u2019nun su\u00e7lamalar\u0131na \u00d6nder Sav yeni bir a\u00e7\u0131klamayla yan\u0131t verdi. Sav&#8217;\u0131n a\u00e7\u0131klamalar\u0131ndan sat\u0131r ba\u015flar\u0131 \u015f\u00f6yle:<\/p>\n<p style=\"text-align: justify;\">\u201dSizleri gecenin bu saatinde yordu\u011fum i\u00e7in \u00fczg\u00fcn\u00fcm. PM \u00fcyesi arkada\u015flar\u0131m ad\u0131na \u00f6z\u00fcr diliyorum. <\/p>\n","protected":false},"author":1,"featured_media":0,"comment_status":"open","ping_status":"closed","sticky":false,"template":"","format":"standard","meta":{"footnotes":""},"categories":[105],"tags":[],"class_list":["post-26925","post","type-post","status-publish","format-standard","hentry","category-gundem","odd"],"_links":{"self":[{"href":"http:\/\/www.korhanyilmaz.com\/index.php?rest_route=\/wp\/v2\/posts\/26925","targetHints":{"allow":["GET"]}}],"collection":[{"href":"http:\/\/www.korhanyilmaz.com\/index.php?rest_route=\/wp\/v2\/posts"}],"about":[{"href":"http:\/\/www.korhanyilmaz.com\/index.php?rest_route=\/wp\/v2\/types\/post"}],"author":[{"embeddable":true,"href":"http:\/\/www.korhanyilmaz.com\/index.php?rest_route=\/wp\/v2\/users\/1"}],"replies":[{"embeddable":true,"href":"http:\/\/www.korhanyilmaz.com\/index.php?rest_route=%2Fwp%2Fv2%2Fcomments&post=26925"}],"version-history":[{"count":0,"href":"http:\/\/www.korhanyilmaz.com\/index.php?rest_route=\/wp\/v2\/posts\/26925\/revisions"}],"wp:attachment":[{"href":"http:\/\/www.korhanyilmaz.com\/index.php?rest_route=%2Fwp%2Fv2%2Fmedia&parent=26925"}],"wp:term":[{"taxonomy":"category","embeddable":true,"href":"http:\/\/www.korhanyilmaz.com\/index.php?rest_route=%2Fwp%2Fv2%2Fcategories&post=26925"},{"taxonomy":"post_tag","embeddable":true,"href":"http:\/\/www.korhanyilmaz.com\/index.php?rest_route=%2Fwp%2Fv2%2Ftags&post=26925"}],"curies":[{"name":"wp","href":"https:\/\/api.w.org\/{rel}","templated":true}]}}