{"id":26922,"date":"2010-11-03T19:03:58","date_gmt":"2010-11-03T17:03:58","guid":{"rendered":"http:\/\/www.korhanyilmaz.com\/?p=26922"},"modified":"2010-11-03T19:03:58","modified_gmt":"2010-11-03T17:03:58","slug":"adim-adim-chpde-kriz","status":"publish","type":"post","link":"http:\/\/www.korhanyilmaz.com\/?p=26922","title":{"rendered":"Ad\u0131m ad\u0131m CHP&#8217;de kriz"},"content":{"rendered":"<p style=\"text-align: center;\"><a href=\"http:\/\/www.korhanyilmaz.com\/wp-content\/uploads\/2010\/11\/125.jpeg\"  class=\"lightview\"><img loading=\"lazy\" decoding=\"async\" class=\"aligncenter size-full wp-image-26923\" src=\"http:\/\/www.korhanyilmaz.com\/wp-content\/uploads\/2010\/11\/125.jpeg\" alt=\"\" width=\"384\" height=\"254\" \/><\/a><\/p>\n<p style=\"text-align: justify;\">CHP&#8217;de Yarg\u0131tay Cumhuriyet Ba\u015fsavc\u0131l\u0131\u011f\u0131&#8217;n\u0131n &#8216;Yeni t\u00fcz\u00fc\u011f\u00fcn\u00fcz\u00fc uygulay\u0131n&#8217; yaz\u0131s\u0131 ile Genel Ba\u015fkan Kemal K\u0131l\u0131\u00e7daro\u011flu ile Genel Sekreter \u00d6nder Sav aras\u0131nda gerilen ipler koptu.<\/p>\n<p style=\"text-align: justify;\">ANKARA &#8211; Yarg\u0131tay Cumhuriyet Ba\u015fsavc\u0131l\u0131\u011f\u0131, 26 Ekim\u2019de CHP\u2019ye yaz\u0131 g\u00f6ndererek Aral\u0131k 2008\u2019de kabul edilen yeni t\u00fcz\u00fc\u011f\u00fcn y\u00fcr\u00fcrl\u00fckte oldu\u011funu bildirmi\u015f, gere\u011finin yap\u0131lmas\u0131n\u0131 istemi\u015fti. <!--more--><\/p>\n<p style=\"text-align: justify;\">Esas\u0131nda bir \u00f6nceki ak\u015fam ikilinin y\u00f6netim kademesi konusunda anla\u015ft\u0131\u011f\u0131 haberleri duyulmu\u015ftu. Ancak bunun ger\u00e7ek olmad\u0131\u011f\u0131 g\u00f6r\u00fcld\u00fc. K\u0131l\u0131\u00e7daro\u011flu\u2019nun \u00e7a\u011fr\u0131s\u0131yla saat 14.30\u2019da ba\u015flayacak Parti Meclisi \u00f6ncesi kriz patlak verdi.<\/p>\n<p style=\"text-align: justify;\">K\u0131l\u0131\u00e7daro\u011flu, ikinci adam olarak G\u00fcrsel Tekin\u2019i tayin etti. Bunu kabul etmeyen \u00d6nder Sav ile yeni y\u00f6netime giremeyen Hakk\u0131 S\u00fcha Okay isyan bayra\u011f\u0131n\u0131 \u00e7ekti. K\u0131l\u0131\u00e7daro\u011flu taraf\u0131ndan ba\u015flamadan dakikalar \u00f6nce Parti Meclisi\u2019nin ertelendi\u011fi duyruldu.<\/p>\n<p style=\"text-align: justify;\">Bu s\u0131rada \u00d6nder Sav ve Hakk\u0131 S\u00fcha Okay, 59 Parti Meclisi \u00fcyesiyle toplant\u0131 yapmaya ba\u015flad\u0131. Bu kez CHP\u2019den gazetecilere \u201cPM toplant\u0131s\u0131 iptal edilmi\u015ftir\u201d a\u00e7\u0131klamas\u0131 geldi.<\/p>\n<p style=\"text-align: justify;\">Sav\u2019\u0131n toplant\u0131s\u0131 s\u00fcrerken K\u0131l\u0131\u00e7daro\u011flu taraf\u0131ndan belirlenen y\u00f6netim listesi bas\u0131na s\u0131zd\u0131. \u0130lk s\u0131zan listede G\u00f6khan G\u00fcnayd\u0131n, G\u00fcls\u00fcn Bilgehan ve Nihat Matkap\u2019\u0131n isimleri bulunuyordu. Ancak bu \u00fc\u00e7l\u00fc g\u00f6revi kabul etmedi.<\/p>\n<p style=\"text-align: justify;\"><strong>OKAY\u2019DAN A\u00c7IKLAMA: KURULTAY KARARI ALDIK<\/strong><\/p>\n<p style=\"text-align: justify;\">Okay, 59 ki\u015fi ile yap\u0131lan Parti Meclisi toplant\u0131s\u0131n\u0131n ard\u0131ndan yapt\u0131\u011f\u0131 a\u00e7\u0131klamada, Kemal K\u0131l\u0131\u00e7daro\u011flu\u2019nun kat\u0131lmad\u0131\u011f\u0131n\u0131,  toplant\u0131y\u0131 Genel Ba\u015fkan Yard\u0131mc\u0131s\u0131 olarak kendisinin a\u00e7t\u0131\u011f\u0131n\u0131 s\u00f6yledi. Yarg\u0131tay\u2019\u0131n g\u00f6nderdi\u011finin mahkeme karar\u0131 de\u011fil yaz\u0131 oldu\u011funu savunan Okay, 57 PM \u00fcyesinin imzas\u0131 ile verilen 3 \u00f6nerge ile 27 Kas\u0131m\u2019da t\u00fcz\u00fck kurultay\u0131 yap\u0131lmas\u0131n\u0131n kararla\u015ft\u0131r\u0131ld\u0131\u011f\u0131n\u0131 s\u00f6yledi.<\/p>\n<p style=\"text-align: justify;\"><strong>SAV: GENEL BA\u015eKAN D\u0130S\u0130PL\u0130N SU\u00c7U \u0130\u015eLED\u0130<\/strong><\/p>\n<p style=\"text-align: justify;\">Okay\u2019dan sonra kameralar\u0131n kar\u015f\u0131s\u0131na ge\u00e7en Sav, \u201cGenel Ba\u015fkan kendi imzas\u0131na sad\u0131k kalmam\u0131\u015f, PM\u2019ye kat\u0131lmam\u0131\u015ft\u0131r. PM. 61 ki\u015fi ile toplanm\u0131\u015ft\u0131r, G\u00fcndemine sahip \u00e7\u0131km\u0131\u015ft\u0131r. Genel Ba\u015fkan oldu olmad\u0131, genel ba\u015fkan yard\u0131mc\u0131s\u0131 toplant\u0131y\u0131 idare etmi\u015ftir. Allah g\u00f6stermesin genel ba\u015fkan rahats\u0131zlansayd\u0131 bu kadar PM \u00fcyesi i\u015f yapmayacak m\u0131yd\u0131\u201d dedi. CHP \u015fimdiye kadar ya\u015famad\u0131\u011f\u0131 bir genel ba\u015fkan tasarrufuyla y\u00fcz y\u00fcze oldu\u011funu iddia eden Sav, \u201cCHP kimsenin babas\u0131n\u0131n mal\u0131 de\u011fildir. \u2018Ben istedi\u011fim kural\u0131 kafama g\u00f6re uygular\u0131m\u2019 mant\u0131\u011f\u0131na teslim olacak bir parti de\u011fildir. Bug\u00fcn PM kurals\u0131zl\u0131\u011f\u0131 PM\u2019nin kurallar\u0131 i\u00e7inde tedavi etmi\u015ftir. Bundan sonra genel ba\u015fkan\u0131n bu sorumsuz hukuk tan\u0131maz, a\u015firet devletlerinde olacak anlay\u0131\u015f\u0131n\u0131 s\u00fcr\u00fcp s\u00fcrmedi\u011fini hep beraber g\u00f6rece\u011fiz. Genel Ba\u015fkan\u0131m\u0131z bu davran\u0131\u015f\u0131yla CHP t\u00fcz\u00fc\u011f\u00fcn\u00fcn disiplin h\u00fck\u00fcmlerini ihlal etmi\u015ftir. Disiplin su\u00e7u i\u015flemi\u015ftir\u201d dedi.<\/p>\n<p style=\"text-align: justify;\"><strong>SE\u00c7\u0130ML\u0130 KURULTAY \u0130STEMEL\u0130YD\u0130<\/strong><\/p>\n<p style=\"text-align: justify;\">CHP\u2019nin \u00e7ok krizler atlatt\u0131\u011f\u0131n\u0131 belirten Sav, \u201cBu krizlerde CHP\u2019ye hafif gelir. Bunu da \u00e7ok rahatl\u0131kla atlat\u0131r. E\u011fer elimizde bu PM\u2019nin se\u00e7imli bir kurultay yapma olana\u011f\u0131 olsayd\u0131 biz g\u00fcndemimize onu da al\u0131rd\u0131k. Malessef ola\u011fan\u00fcst\u00fc kurultaylarda se\u00e7imli kurultay isteme yetkisi sadece genel ba\u015fkana aittir\u201d dedi.Sav, K\u0131l\u0131\u00e7daro\u011flu\u2019nun se\u00e7imli kurultay istemesinden memnun olacaklar\u0131n\u0131 s\u00f6yledi.  Sav, PM\u2019nin Genel Ba\u015fkan olmaks\u0131z\u0131n toplanabilece\u011fini savunurken, K\u0131l\u0131\u00e7daro\u011flu\u2019nu \u201cPM\u2019nin kurumsal kimli\u011fini yok saymakla\u201d su\u00e7lad\u0131.<\/p>\n<p style=\"text-align: justify;\"><strong>CHP BABASININ MALI DE\u011e\u0130L<\/strong><\/p>\n<p style=\"text-align: justify;\">Sav ve Okay\u2019dan sonra kameralar\u0131n kar\u015f\u0131s\u0131na \u00e7\u0131kan K\u0131l\u0131\u00e7daro\u011flu \u015f\u00f6yle konu\u015ftu: \u201cT\u00fcz\u00fck \u00e7ok a\u00e7\u0131k. Genel Ba\u015fkan\u0131n toplamad\u0131\u011f\u0131 bir parti meclisi karar alamaz. \u0130nsanlar\u0131 seviyoruz, partilileri seviyoruz, toplanan arkada\u015flar\u0131 da seviyoruz, ama hukuka ba\u011fl\u0131 kalmal\u0131y\u0131z. Koltuklar hi\u00e7kimsenin babas\u0131n\u0131n mal\u0131 de\u011fildir. Birileri \u2018ben koltu\u011fumda oturaca\u011f\u0131m, alt\u0131mdan al\u0131rsan\u0131z ba\u015fka i\u015fler yapar\u0131m\u2019 derse buna izin vermem. Bize stat\u00fckocu yaftas\u0131 yap\u0131\u015ft\u0131rmaya \u00e7al\u0131\u015f\u0131yorlar. T\u00fcrkiye\u2019deki korku imparatorlu\u011funu y\u0131kaca\u011f\u0131z dedik, partideki korku imparatorlu\u011funu da y\u0131kt\u0131k, yolumuza devam edece\u011fiz. CHP ne benim, ne de birilerinin babas\u0131n\u0131n mal\u0131d\u0131r. Biz buraya hizmet i\u00e7in oturduk, hakk\u0131n\u0131 verece\u011fiz. Halk\u0131m\u0131 seviyorum, g\u00fcc\u00fcm\u00fc halktan al\u0131yorum, g\u00fcc\u00fcn\u00fc ba\u015fka yerlerden alanlar art\u0131k bu partide yeri yoktur. Hi\u00e7 kimse bir partide korku kanallar\u0131 kurmamal\u0131, biz g\u00f6receksiniz parti i\u00e7i demokrasiyi de getirece\u011fiz. Blok liste ile de\u011fil \u00e7ar\u015faf liste getirece\u011fiz. Ba\u015fkanl\u0131k divan\u0131n \u00f6n\u00fcnde insanlar gelsin imza ats\u0131n, bunu da kald\u0131raca\u011f\u0131z. \u2018\u015eu benim elimin alt\u0131nda olsun, benden izinsiz konu\u015fma, arabay\u0131 ald\u0131lar, arabaya izin verme\u2019 yok b\u00f6yle bir\u015fey. Kararl\u0131y\u0131m ve deste\u011fimi halktan al\u0131yorum. Halk\u0131ma g\u00fcveniyorum. Partililere, delegelere, halka sesleniyorum: Yetki verin, izin verin, CHP\u2019yi Atat\u00fcrk\u2019\u00fcn \u00f6zg\u00fcr CHP\u2019si yapal\u0131m.\u201d<\/p>\n<p style=\"text-align: justify;\"><strong>KILI\u00c7DARO\u011eLU L\u0130STEY\u0130 A\u00c7IKLADI<\/strong><\/p>\n<p style=\"text-align: justify;\">K\u0131l\u0131\u00e7daro\u011flu daha sonra y\u00f6netim listesini a\u00e7\u0131klad\u0131: \u0130lk s\u0131zan listede isimleri bulunan G\u00f6khan G\u00fcnayd\u0131n, G\u00fcls\u00fcn Bilgehan ve Nihat Matkap\u2019\u0131n yerine Didem Engin, Mehmet Zeki G\u00fcnd\u00fcz ve S\u00fcheyl Batum y\u00f6netime girdi. CHP\u2019de yeni y\u00f6netim \u015fu \u015fekilde ula\u015ft\u0131:<\/p>\n<p style=\"text-align: justify;\">G\u00fcrsel Tekin: \u00d6rg\u00fctlenmeden Sorumlu Genel Ba\u015fkan Yard\u0131mc\u0131s\u0131;<\/p>\n<p style=\"text-align: justify;\">Hur\u015fit G\u00fcne\u015f \u0130dari ve Mali \u0130\u015flerden sorumlu Genel Ba\u015fkan Yard\u0131mc\u0131s\u0131;<\/p>\n<p style=\"text-align: justify;\">\u0130sa G\u00f6k: Se\u00e7im ve Hukuk i\u015flerinden sorumlu Genel Ba\u015fkan Yard\u0131mc\u0131s\u0131;<\/p>\n<p style=\"text-align: justify;\">Hayati Y\u00fcksel: Yerel Y\u00f6netimler\u2019den sorumlu Genel Ba\u015fkan Yard\u0131mc\u0131s\u0131;<\/p>\n<p style=\"text-align: justify;\">S\u00fcheyl Batum: Tan\u0131t\u0131m Bas\u0131n ve Propaganda\u2019dan sorumlu Genel Ba\u015fkan Yard\u0131mc\u0131s\u0131;<\/p>\n<p style=\"text-align: justify;\">O\u011fuz Oyan: D\u0131\u015f ili\u015fkileri Yurt D\u0131\u015f\u0131 \u00d6rg\u00fctlenmeden sorumlu Genel Ba\u015fkan Yard\u0131mc\u0131s\u0131;<\/p>\n<p style=\"text-align: justify;\">Didem Engin:Kad\u0131n \u00d6rg\u00fctlenmesi ve Kad\u0131n Kollar\u0131ndan sorumlu Genel Ba\u015fkan Yard\u0131mc\u0131s\u0131;<\/p>\n<p style=\"text-align: justify;\">Mehmet Zeki G\u00fcnd\u00fcz:Gen\u00e7lik \u00d6rg\u00fctlenmesi ve Gen\u00e7lik Kollar\u0131ndan Sorumlu Genel Ba\u015fkan Yard\u0131mc\u0131s\u0131;<\/p>\n<p style=\"text-align: justify;\">Umut Oran :Ekonomik ve Mali Politikadan Sorumlu Genel Ba\u015fkan Yard\u0131mc\u0131s\u0131;<\/p>\n<p style=\"text-align: justify;\">Mehmet Ali \u00d6zpolat:Halkla ili\u015fkilerden sorumlu Genel Ba\u015fkan Yard\u0131mc\u0131s\u0131;<\/p>\n<p style=\"text-align: justify;\">Sencer Ayata:Arge BYK platformundan sorumlu Genel Ba\u015fkan Yard\u0131mc\u0131s\u0131;<\/p>\n<p style=\"text-align: justify;\">Melda Onur: Parti i\u00e7i e\u011fitimden sorumlu genel Ba\u015fkan Yard\u0131mc\u0131s\u0131;<\/p>\n<p style=\"text-align: justify;\">S\u00fcheyl Batum :Genel Sekreter.\u201d<\/p>\n<p style=\"text-align: justify;\"><strong>GENEL MERKEZDE GERG\u0130N SAATLER<\/strong><\/p>\n<p style=\"text-align: justify;\">Bu a\u00e7\u0131klamalardan sonra iki taraf da Parti Genel Merkezi\u2019nden ayr\u0131lmad\u0131. Sav ve ekibi, a\u00e7\u0131klamalar\u0131n\u0131n ard\u0131ndan 4.kattaki PM odas\u0131ndan Genel Ba\u015fkan Kemal K\u0131l\u0131\u00e7daro\u011flu\u2019nun 2. kattaki bas\u0131n a\u00e7\u0131klamas\u0131n\u0131 televizyondan izledi. K\u0131l\u0131\u00e7daro\u011flu da a\u00e7\u0131klamas\u0131n\u0131n ard\u0131ndan 12. kattaki makam\u0131na ge\u00e7ti. K\u0131l\u0131\u00e7daro\u011flu da Sav da Genel Merkez\u2019de kalarak, ekipleriyle toplant\u0131lar\u0131 s\u00fcrd\u00fcrd\u00fc.<\/p>\n<p style=\"text-align: justify;\"><strong>SAV: CHP\u2019N\u0130N K\u0130ML\u0130\u011e\u0130 TARTI\u015eMAYA A\u00c7ILIYOR<\/strong><\/p>\n<p style=\"text-align: justify;\">\u00d6nder Sav, saat 19.00 s\u0131ralar\u0131nda bir a\u00e7\u0131klama daha yapt\u0131. Sav \u015f\u00f6yle konu\u015ftu: \u201cCHP\u2019nin \u00e7o\u011fu \u015fu anda benim yan\u0131mda olan, Merkez y\u00f6netim kurulu \u00fcyeleri, \u00fcyeliklerinin hukuken devam ettirme durumlar\u0131n\u0131 yaratt\u0131lar. O durum kendili\u011finden do\u011fdu. Yeni bir y\u00f6netim kurulu atanmas\u0131 hukuken sakat bir atamad\u0131r. Yarg\u0131tay Cumhuriyet Ba\u015fsavc\u0131l\u0131\u011f\u0131\u2019na de\u011fil, d\u00fcnyan\u0131n en yetkili hukuk kurumuna da gitseniz de bu sakatl\u0131d\u0131r. Hukuki sakatl\u0131\u011f\u0131 cilal\u0131 s\u00f6zlerle \u00f6rtemezsiniz. CHP\u2019nin kimli\u011fi tart\u0131\u015f\u0131lmaya a\u00e7\u0131l\u0131yor. Biz bu m\u00fccadele yeri \u00f6teden beri belli insanlar\u0131z. B\u00fct\u00fcn parti meclisi \u00fcyeleri. Kurultaydan sonra kendilerini oradan PM dimdik ayaktad\u0131r. Bu ka\u00e7man\u0131n parti meclisini toplant\u0131ya \u00e7a\u011f\u0131r\u0131p ta ka\u00e7man\u0131n sonu nereye varacakt\u0131r? Bug\u00fcn kendi yetkilerini yoldan \u00e7\u0131karmaya \u00e7al\u0131\u015fanlarda onun hesab\u0131n\u0131 soracakt\u0131r.<\/p>\n<p style=\"text-align: justify;\"><a href=\"http:\/\/www.radikal.com.tr\/Radikal.aspx?aType=RadikalDetay&amp;ArticleID=1027251&amp;Date=04.11.2010&amp;CategoryID=78\" target=\"_blank\"><span style=\"color: #888888;\">Kaynak : Radikal<\/span><\/a><\/p>\n","protected":false},"excerpt":{"rendered":"<p style=\"text-align: center;\">\n<p style=\"text-align: justify;\">CHP&#8217;de Yarg\u0131tay Cumhuriyet Ba\u015fsavc\u0131l\u0131\u011f\u0131&#8217;n\u0131n &#8216;Yeni t\u00fcz\u00fc\u011f\u00fcn\u00fcz\u00fc uygulay\u0131n&#8217; yaz\u0131s\u0131 ile Genel Ba\u015fkan Kemal K\u0131l\u0131\u00e7daro\u011flu ile Genel Sekreter \u00d6nder Sav aras\u0131nda gerilen ipler koptu.<\/p>\n<p style=\"text-align: justify;\">ANKARA &#8211; Yarg\u0131tay Cumhuriyet Ba\u015fsavc\u0131l\u0131\u011f\u0131, 26 Ekim\u2019de CHP\u2019ye yaz\u0131 g\u00f6ndererek Aral\u0131k 2008\u2019de kabul edilen yeni t\u00fcz\u00fc\u011f\u00fcn y\u00fcr\u00fcrl\u00fckte oldu\u011funu bildirmi\u015f, gere\u011finin yap\u0131lmas\u0131n\u0131 istemi\u015fti. <\/p>\n","protected":false},"author":1,"featured_media":0,"comment_status":"open","ping_status":"closed","sticky":false,"template":"","format":"standard","meta":{"footnotes":""},"categories":[105],"tags":[],"class_list":["post-26922","post","type-post","status-publish","format-standard","hentry","category-gundem","odd"],"_links":{"self":[{"href":"http:\/\/www.korhanyilmaz.com\/index.php?rest_route=\/wp\/v2\/posts\/26922","targetHints":{"allow":["GET"]}}],"collection":[{"href":"http:\/\/www.korhanyilmaz.com\/index.php?rest_route=\/wp\/v2\/posts"}],"about":[{"href":"http:\/\/www.korhanyilmaz.com\/index.php?rest_route=\/wp\/v2\/types\/post"}],"author":[{"embeddable":true,"href":"http:\/\/www.korhanyilmaz.com\/index.php?rest_route=\/wp\/v2\/users\/1"}],"replies":[{"embeddable":true,"href":"http:\/\/www.korhanyilmaz.com\/index.php?rest_route=%2Fwp%2Fv2%2Fcomments&post=26922"}],"version-history":[{"count":0,"href":"http:\/\/www.korhanyilmaz.com\/index.php?rest_route=\/wp\/v2\/posts\/26922\/revisions"}],"wp:attachment":[{"href":"http:\/\/www.korhanyilmaz.com\/index.php?rest_route=%2Fwp%2Fv2%2Fmedia&parent=26922"}],"wp:term":[{"taxonomy":"category","embeddable":true,"href":"http:\/\/www.korhanyilmaz.com\/index.php?rest_route=%2Fwp%2Fv2%2Fcategories&post=26922"},{"taxonomy":"post_tag","embeddable":true,"href":"http:\/\/www.korhanyilmaz.com\/index.php?rest_route=%2Fwp%2Fv2%2Ftags&post=26922"}],"curies":[{"name":"wp","href":"https:\/\/api.w.org\/{rel}","templated":true}]}}