{"id":26917,"date":"2010-11-03T17:33:38","date_gmt":"2010-11-03T15:33:38","guid":{"rendered":"http:\/\/www.korhanyilmaz.com\/?p=26917"},"modified":"2010-11-03T17:33:38","modified_gmt":"2010-11-03T15:33:38","slug":"kilicdaroglu-koltuklar-kimsenin-babasinin-mali-degil","status":"publish","type":"post","link":"http:\/\/www.korhanyilmaz.com\/?p=26917","title":{"rendered":"K\u0131l\u0131\u00e7daro\u011flu: Koltuklar kimsenin babas\u0131n\u0131n mal\u0131 de\u011fil"},"content":{"rendered":"<p style=\"text-align: center;\"><a href=\"http:\/\/www.korhanyilmaz.com\/wp-content\/uploads\/2010\/11\/124.jpeg\"  class=\"lightview\"><img loading=\"lazy\" decoding=\"async\" class=\"aligncenter size-full wp-image-26920\" src=\"http:\/\/www.korhanyilmaz.com\/wp-content\/uploads\/2010\/11\/124.jpeg\" alt=\"\" width=\"384\" height=\"254\" \/><\/a><\/p>\n<p style=\"text-align: justify;\">CHP lideri &#8216;G\u00fcc\u00fcn\u00fc bir yerden alanlar bu partide olmak zorunda de\u011filler&#8217; dedi.<\/p>\n<p style=\"text-align: justify;\">CHP Genel Ba\u015fkan\u0131 Kemal K\u0131l\u0131\u00e7daro\u011flu, ya\u015fanan son geli\u015fmelere ili\u015fkin CHP Genel Merkezi\u2019nde bas\u0131n mensuplar\u0131n\u0131n kar\u015f\u0131s\u0131na yeni y\u00f6netimiyle birlikte \u00e7\u0131karak g\u00f6vde g\u00f6sterisi yapt\u0131. <!--more--><\/p>\n<p style=\"text-align: justify;\">K\u0131l\u0131\u00e7daro\u011flu\u2019nun a\u00e7\u0131klamalar\u0131ndan sat\u0131r ba\u015flar\u0131 \u015f\u00f6yle:<\/p>\n<p style=\"text-align: justify;\">\u201cYarg\u0131tay cumhuriyet Ba\u015fsavc\u0131l\u0131\u011f\u0131 bir yaz\u0131 g\u00f6ndererek t\u00fcz\u00fc\u011f\u00fcn gere\u011finin yerine getirilmesini istedi ve 15 g\u00fcn verdi. Biz bir hukuk devletiyiz. CHP \u00f6teden beri hukuksa sayg\u0131l\u0131 bir partidir ve biz bug\u00fcn Yarg\u0131tay Cumhuriyet Ba\u015fsavc\u0131l\u0131\u011f\u0131\u2019n\u0131n, MYK\u2019y\u0131 y\u00fcne t\u00fcz\u00fc\u011fe g\u00f6re belirledik ve teslim ettik.<\/p>\n<p style=\"text-align: justify;\">\u015eunun alt\u0131n\u0131 \u00f6zenle \u00e7izmek isterim. Genel Ba\u015fkan\u0131n toplamad\u0131\u011f\u0131 bir Parti Meclisi karar alamaz. T\u00fcz\u00fck \u00e7ok a\u00e7\u0131k. Hukuka ayk\u0131r\u0131l\u0131\u011fa hepimizin kar\u015f\u0131 \u00e7\u0131kmas\u0131 laz\u0131m. \u0130nsanlar\u0131m\u0131z\u0131, partililerimizi seviyoruz. Toplanan arkada\u015flar\u0131m\u0131z\u0131 da seviyoruz. Ama hep hukuka ba\u011fl\u0131 kalmak zorunday\u0131z.<\/p>\n<p style=\"text-align: justify;\">Parti i\u00e7i \u00e7eki\u015fmelerden ne istiyoruz arkada\u015flar? Koltuklar hi\u00e7birinin babas\u0131n\u0131n mal\u0131 de\u011fildir. Beni buraya \u00f6rg\u00fct\u00fcm getirdi.<\/p>\n<p style=\"text-align: justify;\">Ama birileri hay\u0131r ben koltu\u011fumdan oturaca\u011f\u0131m, ben ba\u015fka i\u015fler yapar\u0131m derse buna izin vermem.Ad\u0131m\u0131z belli. Biz Cumhuriyet Halk Partisi\u2019yiz. Halk\u0131n partisiyiz. Birilerinin partisi de\u011filiz. Koltuklar insanlara s\u00fcrekli otursunlar diye verilmez, halka hizmet i\u00e7in verilir. Oralar ne benim ne de birilerinin babas\u0131n\u0131n mal\u0131d\u0131r. O koltuklar\u0131n hakk\u0131n\u0131 verece\u011fiz. Bana verilen bir yetki var, g\u00f6rev var. G\u00f6revi veren kurultayd\u0131r. Bana deniyor ki sen t\u00fcz\u00fc\u011f\u00fcn verdi\u011fi yetkiler \u00e7er\u00e7evesinde g\u00f6revini yapacaks\u0131n. T\u00fcz\u00fck meydanda, ba\u015fsavc\u0131n\u0131n yaz\u0131s\u0131 meydanda, tespitimizi yapt\u0131k. Ba\u015fsavc\u0131l\u0131\u011fa konuyu ilettik.<\/p>\n<p style=\"text-align: justify;\">Halk\u0131m\u0131 seviyorum, g\u00fcc\u00fcm\u00fc onlardan al\u0131yorum. G\u00fcc\u00fcn\u00fc bir yerden alanlar bu partide olmak zorunda de\u011filler. Size yeni MYK \u00fcyelerimizin isimlerini ve g\u00f6revlerini bilgilerinize sunmak istiyorum.<\/p>\n<p style=\"text-align: justify;\">Size yeni y\u00f6netim listesini a\u00e7\u0131klamak istiyorum.<\/p>\n<p style=\"text-align: justify;\">-Yeni Genel Sekreter S\u00fcheyl Batum&#8230;<\/p>\n<p style=\"text-align: justify;\">-\u00d6rg\u00fctlenme ve \u00d6rg\u00fct Y\u00f6netimleri G\u00fcrsel Tekin,<\/p>\n<p style=\"text-align: justify;\">-\u0130dari ve Mali \u0130\u015fler Hur\u015fit G\u00fcne\u015f,<\/p>\n<p style=\"text-align: justify;\">-Se\u00e7im ve Hukuk \u0130\u015fleri Mesut De\u011fer,<\/p>\n<p style=\"text-align: justify;\">&#8211; Tan\u0131t\u0131m, Bas\u0131n ve Propaganda \u0130sa G\u00f6k<\/p>\n<p style=\"text-align: justify;\">-Yerel Y\u00f6netimler Alaattin Y\u00fcksel,<\/p>\n<p style=\"text-align: justify;\">-Meslek Kurulu\u015flar\u0131, Sendikalar ve STK&#8217;lar \u0130zzet \u00c7etin,<\/p>\n<p style=\"text-align: justify;\">-D\u0131\u015f \u0130li\u015fkiler ve Yurt D\u0131\u015f\u0131 \u00d6rg\u00fctlenmeler O\u011fuz Oyan,<\/p>\n<p style=\"text-align: justify;\">-Kad\u0131n \u00d6rg\u00fctlenmesi ve Kad\u0131n Kollar\u0131 Didem Engin<\/p>\n<p style=\"text-align: justify;\">-Gen\u00e7lik \u00d6rg\u00fctlenmesi ve Gen\u00e7lik Kollar\u0131 Mehmet Zeki G\u00fcnd\u00fcz<\/p>\n<p style=\"text-align: justify;\">-Ekonomik ve Mali Politika Umut Oran,<\/p>\n<p style=\"text-align: justify;\">-Halkla \u0130li\u015fkiler Mehmet Ali \u00d6zpolat,<\/p>\n<p style=\"text-align: justify;\">-Ar-Ge BYK Platformu Sencer Ayata,<\/p>\n<p style=\"text-align: justify;\">-Parti \u0130\u00e7i E\u011fitim Melda Onur oldu.<\/p>\n<p style=\"text-align: justify;\"><strong>BA\u015eARISIZ OLURSAK G\u0130DER\u0130Z<\/strong><\/p>\n<p style=\"text-align: justify;\">Halk\u0131m\u0131za \u015fu vaatte bulunuyoruz. CHP yeni y\u00f6netimi, tek ses tek y\u00fcrek olacakt\u0131r. Ba\u015far\u0131s\u0131z oldu\u011fumuz zaman hi\u00e7 endi\u015fe etmesinler. Koltuklar\u0131m\u0131za saplan\u0131p kalmayaca\u011f\u0131z. Ba\u015far\u0131s\u0131z oldu\u011fumuz zaman aln\u0131m\u0131z\u0131n ak\u0131yla gidece\u011fiz. Yerimize yeni arkada\u015flar\u0131m\u0131z\u0131 getirece\u011fiz. O koltuklar bize s\u00fcrekli otural\u0131m diye verilmedi ve biz yeni bir anlay\u0131\u015fla halka gidece\u011fiz. Hi\u00e7 kimseyi \u00f6tekile\u015ftirmeyece\u011fiz. Buradan \u00f6rg\u00fctlerime de sesleniyorum. Yeni y\u00f6netimin desteklenip desteklenmedi\u011fini, kom\u015fular\u0131na esnafa sorsunlar, emekliye i\u015f\u00e7iye sorsunlar. \u00d6m\u00fcr boyu koltuklara oturanlar\u0131n CHP\u2019ye ne verip ne vermedi\u011fini sorsunlar.<\/p>\n<p style=\"text-align: justify;\"><strong>YEN\u0130 B\u0130R T\u00dcZ\u00dcK \u0130\u00c7\u0130N S\u00d6Z VERD\u0130M<\/strong><\/p>\n<p style=\"text-align: justify;\">Biz halk\u0131m\u0131za g\u00fcveniyoruz, inan\u0131yoruz. Hizmet etmek istiyoruz. Hi\u00e7 kimse bir partinin i\u00e7inde korku kanallar\u0131 korku koridorlar\u0131 yaratmamal\u0131. Herkes \u00f6zg\u00fcrce d\u00fc\u015f\u00fcncesini s\u00f6yleyecek. Buna izin verdi\u011fimiz zaman bu parti, demokrasiyi getiren parti, demokrasinin \u00f6n\u00fcndeki engel olarak ortaya \u00e7\u0131kar. Parti i\u00e7i demokrasiyi de sa\u011flayaca\u011f\u0131z. Yeni bir t\u00fcz\u00fck i\u00e7in s\u00f6z verdim. Partiye de demokrasiyi getirece\u011fiz. Var olan t\u00fcz\u00fckteki b\u00fct\u00fcn eksikliklerimizi giderece\u011fiz.<\/p>\n<p style=\"text-align: justify;\"><strong>BLOK DE\u011e\u0130L \u00c7AR\u015eAF L\u0130STE<\/strong><\/p>\n<p style=\"text-align: justify;\">\u00d6yle blok liste de\u011fil, \u00e7ar\u015faf liste getirece\u011fiz. \u0130nsan\u0131n hakk\u0131na d\u00fc\u015f\u00fcncesine \u00f6zg\u00fcrce d\u00fc\u015f\u00fcncesini dile getirmesine hep olanak verece\u011fiz. Kararl\u0131y\u0131m kararl\u0131l\u0131\u011f\u0131m\u0131 ve bunun deste\u011fini halktan al\u0131yorum. \u0130zin verin diyorum, yetki verin diyorum. Delegelerime de s\u00f6yl\u00fcyorum. CHP\u2019yi, Mustafa Kemal\u2019in \u00f6zg\u00fcrl\u00fck\u00e7\u00fc CHP\u2019si haline getirece\u011fim. \u00d6zg\u00fcrl\u00fckten yana olaca\u011f\u0131z ve ben CHP\u2019ye ge\u00e7mi\u015f se\u00e7imlerde oy vermemi\u015f se\u00e7menlerime de seslenmek istiyorum.<\/p>\n<p style=\"text-align: justify;\">Yeni CHP\u2019yi bilin, tan\u0131y\u0131n. Yeni CHP halka hizmet i\u00e7in yola \u00e7\u0131kan bir partidir. Biz hi\u00e7bir zaman s\u0131r\u00e7a k\u00f6\u015fklerde oturmad\u0131k. Halk gibi ya\u015f\u0131yoruz, onlar\u0131 kucaklayaca\u011f\u0131z. Onlar\u0131n deste\u011fini istiyoruz. \u00c7\u00fcnk\u00fc T\u00fcrkiye\u2019nin demokrasiye ihtiyac\u0131 var.<\/p>\n<p style=\"text-align: justify;\"><a href=\"http:\/\/www.radikal.com.tr\/Radikal.aspx?aType=RadikalDetay&amp;ArticleID=1027248&amp;Date=04.11.2010&amp;CategoryID=78\" target=\"_blank\"><span style=\"color: #888888;\">Kaynak : Radikal<\/span><\/a><\/p>\n","protected":false},"excerpt":{"rendered":"<p style=\"text-align: center;\">\n<p style=\"text-align: justify;\">CHP lideri &#8216;G\u00fcc\u00fcn\u00fc bir yerden alanlar bu partide olmak zorunda de\u011filler&#8217; dedi.<\/p>\n<p style=\"text-align: justify;\">CHP Genel Ba\u015fkan\u0131 Kemal K\u0131l\u0131\u00e7daro\u011flu, ya\u015fanan son geli\u015fmelere ili\u015fkin CHP Genel Merkezi\u2019nde bas\u0131n mensuplar\u0131n\u0131n kar\u015f\u0131s\u0131na yeni y\u00f6netimiyle birlikte \u00e7\u0131karak g\u00f6vde g\u00f6sterisi yapt\u0131. <\/p>\n","protected":false},"author":1,"featured_media":0,"comment_status":"open","ping_status":"closed","sticky":false,"template":"","format":"standard","meta":{"footnotes":""},"categories":[105],"tags":[],"class_list":["post-26917","post","type-post","status-publish","format-standard","hentry","category-gundem","odd"],"_links":{"self":[{"href":"http:\/\/www.korhanyilmaz.com\/index.php?rest_route=\/wp\/v2\/posts\/26917","targetHints":{"allow":["GET"]}}],"collection":[{"href":"http:\/\/www.korhanyilmaz.com\/index.php?rest_route=\/wp\/v2\/posts"}],"about":[{"href":"http:\/\/www.korhanyilmaz.com\/index.php?rest_route=\/wp\/v2\/types\/post"}],"author":[{"embeddable":true,"href":"http:\/\/www.korhanyilmaz.com\/index.php?rest_route=\/wp\/v2\/users\/1"}],"replies":[{"embeddable":true,"href":"http:\/\/www.korhanyilmaz.com\/index.php?rest_route=%2Fwp%2Fv2%2Fcomments&post=26917"}],"version-history":[{"count":0,"href":"http:\/\/www.korhanyilmaz.com\/index.php?rest_route=\/wp\/v2\/posts\/26917\/revisions"}],"wp:attachment":[{"href":"http:\/\/www.korhanyilmaz.com\/index.php?rest_route=%2Fwp%2Fv2%2Fmedia&parent=26917"}],"wp:term":[{"taxonomy":"category","embeddable":true,"href":"http:\/\/www.korhanyilmaz.com\/index.php?rest_route=%2Fwp%2Fv2%2Fcategories&post=26917"},{"taxonomy":"post_tag","embeddable":true,"href":"http:\/\/www.korhanyilmaz.com\/index.php?rest_route=%2Fwp%2Fv2%2Ftags&post=26917"}],"curies":[{"name":"wp","href":"https:\/\/api.w.org\/{rel}","templated":true}]}}