{"id":26913,"date":"2010-11-03T11:37:03","date_gmt":"2010-11-03T09:37:03","guid":{"rendered":"http:\/\/www.korhanyilmaz.com\/?p=26913"},"modified":"2010-11-03T11:37:03","modified_gmt":"2010-11-03T09:37:03","slug":"basbakandan-cok-konusulacak-aciklamalar","status":"publish","type":"post","link":"http:\/\/www.korhanyilmaz.com\/?p=26913","title":{"rendered":"Ba\u015fbakan&#8217;dan &#8216;\u00e7ok konu\u015fulacak&#8217; A\u00c7IKLAMALAR:"},"content":{"rendered":"<p style=\"text-align: center;\"><a href=\"http:\/\/www.korhanyilmaz.com\/wp-content\/uploads\/2010\/11\/122.jpeg\"  class=\"lightview\"><img loading=\"lazy\" decoding=\"async\" class=\"aligncenter size-full wp-image-26914\" src=\"http:\/\/www.korhanyilmaz.com\/wp-content\/uploads\/2010\/11\/122.jpeg\" alt=\"\" width=\"384\" height=\"254\" \/><\/a><\/p>\n<p style=\"text-align: justify;\"><strong>1 &#8211; <\/strong>PKK silah b\u0131raks\u0131n OPERASYON OLMAZ<\/p>\n<p style=\"text-align: justify;\"><strong>2 &#8211;<\/strong> Askerin alternatif kutlamas\u0131 \u015eIK DE\u011e\u0130L<\/p>\n<p style=\"text-align: justify;\"><strong>3-<\/strong> Canl\u0131 bomba ile ilgili FARKLI BA\u011eLANTILAR ortaya \u00e7\u0131kacakt\u0131r<\/p>\n<p style=\"text-align: justify;\">Ba\u015fbakan Recep Tayyip Erdo\u011fan, Taksim&#8217;de canl\u0131 bomba eylemine ili\u015fkin olarak, &#8221;Tabii bu canl\u0131 bomban\u0131n ailesiyle olan ili\u015fkiler vesaire bunlar\u0131 yine \u0130\u00e7i\u015fleri Bakanl\u0131\u011f\u0131m\u0131z takip ediyor. \u015eu anda yap\u0131lacak olan a\u00e7\u0131klamalar her ne kadar ge\u00e7mi\u015f itibariyle Hakurk&#8217;da bulunmu\u015f olmas\u0131 g\u00fcndeme getirildiyse, acaba bunun ba\u011flant\u0131lar\u0131 nedir ne de\u011fildir? Bunlar\u0131 \u015fu anda a\u00e7\u0131klamak erken olur diye d\u00fc\u015f\u00fcn\u00fcyorum&#8221; dedi. <!--more--><\/p>\n<p style=\"text-align: justify;\"><a href=\"http:\/\/www.korhanyilmaz.com\/wp-content\/uploads\/2010\/11\/123.jpeg\"  class=\"lightview\"><img loading=\"lazy\" decoding=\"async\" class=\"alignleft size-full wp-image-26918\" style=\"margin-left: 10px; margin-right: 10px;\" src=\"http:\/\/www.korhanyilmaz.com\/wp-content\/uploads\/2010\/11\/123.jpeg\" alt=\"\" width=\"238\" height=\"320\" \/><\/a>Ba\u015fbakan Erdo\u011fan, Kosova&#8217;ya hareketinden \u00f6nce Esenbo\u011fa Havaliman\u0131&#8217;nda gazetecilerin sorular\u0131n\u0131 yan\u0131tlad\u0131. Erdo\u011fan, bir gazetecinin &#8221;Taksim&#8217;deki sald\u0131r\u0131yla ilgili eylemi yapan ki\u015finin 2004 y\u0131l\u0131nda PKK&#8217;ya kat\u0131ld\u0131\u011f\u0131 ifade edildi. Provokasyon yorumlar\u0131 var, bu yorumlara kat\u0131l\u0131yor musunuz?&#8221; sorusu \u00fczerine \u015fu yan\u0131t\u0131 verdi:<\/p>\n<p style=\"text-align: justify;\">&#8221;\u0130\u015fin teknik boyutunu \u0130stanbul&#8217;da arkada\u015flar\u0131m\u0131z zaten a\u00e7\u0131klad\u0131lar. Yani olay\u0131n provokatif boyutu nedir ne de\u011fildir?. O s\u00fcre\u00e7 i\u00e7erisinde tabi ki bunun takibi de ayr\u0131ca devam edecektir. Bir \u00e7ok a\u00e7\u0131klamalar var. Tabi bu canl\u0131 bomban\u0131n ailesiyle olan ili\u015fkiler vesaire bunlar\u0131 yine \u0130\u00e7i\u015fleri Bakanl\u0131\u011f\u0131m\u0131z takip ediyor. \u015eu anda yap\u0131lacak olan a\u00e7\u0131klamalar, her ne kadar ge\u00e7mi\u015f itibariyle Hakurk&#8217;da bulunmu\u015f olmas\u0131 g\u00fcndeme getirildiyse, acaba bunun ba\u011flant\u0131lar\u0131 nedir ne de\u011fildir? Bunlar\u0131 \u015fu anda a\u00e7\u0131klamak erken olur diye d\u00fc\u015f\u00fcn\u00fcyorum. Fakat aslolan \u015fu ana kadar s\u00fcr\u00fclen izde al\u0131nan neticelerdir ve bunlar\u0131n ben gelece\u011fe y\u00f6nelik canl\u0131 bombayla ilgili \u00e7ok daha farkl\u0131 ba\u011flant\u0131lar\u0131 belki de ortaya \u00e7\u0131karacakt\u0131r.&#8221;<\/p>\n<p style=\"text-align: justify;\"><strong>EMRE \u0130TAATS\u0130ZL\u0130K <\/strong><\/p>\n<p style=\"text-align: justify;\">Ba\u015fbakan Recep Tayyip Erdo\u011fan, Genelkurmay Ba\u015fkanl\u0131\u011f\u0131 taraf\u0131ndan 29 Ekim Cumhuriyet Bayram\u0131&#8217;nda resepsiyon verilmesiyle ilgili, &#8221;29 Ekim kutlamalar\u0131n\u0131n yeri bug\u00fcne kadar hep \u00c7ankaya olmu\u015ftur. \u00c7ankaya&#8217;n\u0131n d\u0131\u015f\u0131nda herhangi bir kutlama s\u00f6z konusu olmam\u0131\u015ft\u0131r. Dolay\u0131s\u0131yla b\u00f6yle bir alternatif kutlama, bug\u00fcne kadar farkl\u0131 alanlarda, farkl\u0131 yerlerde yap\u0131lm\u0131\u015f olan kutlamalar da nas\u0131l yanl\u0131\u015f olmu\u015fsa, bu da o denli yanl\u0131\u015ft\u0131r ve bunun kabul edilebilir hi\u00e7bir yan\u0131 yoktur&#8221; dedi.<\/p>\n<p style=\"text-align: justify;\">Bir gazetecinin AK Parti Genel Ba\u015fkan Yard\u0131mc\u0131s\u0131 \u00d6mer \u00c7elik&#8217;in 29 Ekim Resepsiyonu&#8217;na kat\u0131lmayan askerlerin emre itaatsizlik yapt\u0131\u011f\u0131n\u0131 s\u00f6yledi\u011fini hat\u0131rlatmas\u0131 bu konuda ayn\u0131 g\u00f6r\u00fc\u015fte olup olmad\u0131\u011f\u0131n\u0131 sorarak, &#8221;E\u011fer cevab\u0131n\u0131z &#8216;Evet&#8217;se emre itaat etmeyen askerlerle ilgili herhangi bir tasarrufta bulunmay\u0131 d\u00fc\u015f\u00fcn\u00fcyor musunuz? CHP&#8217;den askerlerin g\u00f6revden al\u0131nmas\u0131 y\u00f6n\u00fcnde g\u00f6r\u00fc\u015fler sarf ediliyor&#8221; demesi \u00fczerine Ba\u015fbakan Erdo\u011fan, &#8221;Bu bir davettir, bu davete icabet etmemenin Genelkurmay a\u00e7\u0131s\u0131ndan ne denli yanl\u0131\u015f oldu\u011funu zaten daha \u00f6nce ben a\u00e7\u0131klad\u0131m&#8221; diye konu\u015ftu.<\/p>\n<p style=\"text-align: justify;\"><strong>&#8216;CHP AKLINI KEND\u0130NE SAKLASIN&#8217; <\/strong><\/p>\n<p style=\"text-align: justify;\">Bunun \u00f6tesinde bir\u015fey daha s\u00f6yledi\u011fini, &#8221;Bir alternatif kutlaman\u0131n hi\u00e7 \u015f\u0131k olmad\u0131\u011f\u0131n\u0131 ayr\u0131ca s\u00f6yledi\u011fini&#8221; belirten Erdo\u011fan \u015f\u00f6yle devam etti:<\/p>\n<p style=\"text-align: justify;\">&#8221;29 Ekim kutlamalar\u0131n\u0131n yeri bug\u00fcne kadar hep \u00c7ankaya olmu\u015ftur. \u00c7ankaya&#8217;n\u0131n d\u0131\u015f\u0131nda herhangi bir kutlama s\u00f6z konusu olmam\u0131\u015ft\u0131r. Dolay\u0131s\u0131yla b\u00f6yle bir alternatif kutlama, bug\u00fcne kadar farkl\u0131 alanlarda, farkl\u0131 yerlerde yap\u0131lm\u0131\u015f olan kutlamalar da nas\u0131l yanl\u0131\u015f olmu\u015fsa, bu da o denli yanl\u0131\u015ft\u0131r ve bunun kabul edilebilir hi\u00e7bir yan\u0131 yoktur. Ne emre itaate girer, ne emre itaatsizli\u011fe girer, onun de\u011ferlendirmesi hukuki bir s\u00fcre\u00e7tir. O ayr\u0131 bir konudur. Kim nas\u0131l ne zaman g\u00f6revden al\u0131n\u0131r, al\u0131namaz, bu konunun akl\u0131n\u0131 da bize kimse vermesin. Biz bu g\u00f6revimizi de gayet iyi biliyoruz. Kim g\u00f6revden al\u0131nacaksa nas\u0131l al\u0131nacaksa onu da yeri geldi\u011fi zaman yapar\u0131z, bundan da kimseye hesap vermeyiz. Yeter ki b\u00f6yle bir yasal s\u00fcre\u00e7 s\u00f6z konusu olsun. Ama b\u00f6yle bir yasal s\u00fcre\u00e7 yoksa da&#8230; CHP&#8217;nin akl\u0131na da ihtiyac\u0131m\u0131z yok, onlar akl\u0131n\u0131 kendilerine saklas\u0131n.&#8221;<\/p>\n<p style=\"text-align: justify;\">\u0130\u015fte Ba\u015fbakan Recep Tayyip Erdo\u011fan&#8217;\u0131n a\u00e7\u0131klamalar\u0131ndan notlar:<\/p>\n<p style=\"text-align: justify;\">&#8220;Canl\u0131 bomban\u0131n ailesi ile \u0130\u00e7i\u015fleri Bakanl\u0131\u011f\u0131 takip ediyor.<\/p>\n<p style=\"text-align: justify;\">Canl\u0131 bomba ile ilgili \u00e7ok daha farkl\u0131 ba\u011flant\u0131lar ortaya \u00e7\u0131kacakt\u0131r.<\/p>\n<p style=\"text-align: justify;\"><strong>ASKERE &#8216;EMRE \u0130TAATS\u0130ZL\u0130K&#8217; \u0130DD\u0130ASI <\/strong><\/p>\n<p style=\"text-align: justify;\">Bu bir davettir, bu davete icabet etmemenin Genelkurmay&#8217;\u0131n icabet etmemesinin ne kadar yanl\u0131\u015f oldu\u011funu s\u00f6yledim.<\/p>\n<p style=\"text-align: justify;\">Bir alternatif kutlaman\u0131n hi\u00e7 \u015f\u0131k olmad\u0131\u011f\u0131n\u0131 da s\u00f6yledim. 29 ekim&#8217;in kutlama yerinin \u00c7ankaya oldu\u011funu s\u00f6yledim.<\/p>\n<p style=\"text-align: justify;\">Bunun kabul edilebilir hi\u00e7bir yan\u0131 yok.<\/p>\n<p style=\"text-align: justify;\">Emre itaatsizli\u011fe girer mi? Onun de\u011ferlendirmesi hukuki bir konudur.<\/p>\n<p style=\"text-align: justify;\">Kimin g\u00f6revden al\u0131naca\u011f\u0131na dair bize kimse ders vermesin.<\/p>\n<p style=\"text-align: justify;\">Gerekti\u011finde g\u00f6revden ald\u0131\u011f\u0131m\u0131zda da kimseye hesap vermeyiz. CHP, akl\u0131n\u0131 kendini saklas\u0131n.<\/p>\n<p style=\"text-align: justify;\"><strong>OPERASYON <\/strong><\/p>\n<p style=\"text-align: justify;\">G\u00fcvenlik g\u00fc\u00e7lerinin g\u00f6revi durup dururken operasyon yapmak de\u011fil, istihbarat\u0131 de\u011ferlendirmektir.<\/p>\n<p style=\"text-align: justify;\">G\u00fcvenlik g\u00fcc\u00fc operasyon yapmay\u0131nca, &#8216;G\u00fcvenlik g\u00fcc\u00fc ne i\u015f yapar?&#8217; diye \u00f6nce siz, bas\u0131n soracakt\u0131r.<\/p>\n<p style=\"text-align: justify;\">Ter\u00f6r \u00f6rg\u00fct\u00fc, silah\u0131 b\u0131rakt\u0131\u011f\u0131 s\u00fcrece g\u00fcvenlik g\u00fcc\u00fcn\u00fcn de operasyon yapma durumu olmayacakt\u0131r. Bu kadar nettir.<\/p>\n<p style=\"text-align: justify;\"><strong>BAH\u00c7EL\u0130&#8217;N\u0130N \u0130DD\u0130ALARI <\/strong><\/p>\n<p style=\"text-align: justify;\">&#8216;Ter\u00f6r \u00f6rg\u00fct\u00fcyle pazarl\u0131k ediyorlar&#8217; iddias\u0131 \u00fczerine ispatlamazlarsa en b\u00fcy\u00fck al\u00e7akl\u0131kt\u0131r demi\u015ftim. O g\u00fcnden beri ses \u00e7\u0131kmad\u0131.<\/p>\n<p style=\"text-align: justify;\">Hakk\u0131nda idam karar\u0131 oldu\u011fu halde s\u00fcmen alt\u0131 etmek suretiyle, ne zaman ki \u00f6l\u00fcm cezas\u0131 Meclis taraf\u0131ndan kald\u0131r\u0131lm\u0131\u015ft\u0131r, o zaman elini rahatlatm\u0131\u015ft\u0131r.<\/p>\n<p style=\"text-align: justify;\">Ter\u00f6r \u00f6rg\u00fct\u00fc ile pazarl\u0131k yapmam\u0131z s\u00f6z konusu bile de\u011fil, ter\u00f6rle m\u00fccadele s\u00fcrer.<\/p>\n<p style=\"text-align: justify;\">Ter\u00f6rle m\u00fccadelede muhalefet , iktidar\u0131 nas\u0131l zay\u0131f d\u00fc\u015f\u00fcr\u00fcr\u00fcm anlay\u0131\u015f\u0131nda el ele veremiyoruz.<\/p>\n<p style=\"text-align: justify;\">&#8216;Medya bu olaya nas\u0131l maydonoz oluruz&#8217; diye bak\u0131yor.<\/p>\n<p style=\"text-align: justify;\">Devlet herkesle g\u00f6r\u00fc\u015f\u00fcr, devlet \u00e7\u00f6z\u00fcme kavu\u015fturmak i\u00e7in ad\u0131mlar atar..<\/p>\n<p style=\"text-align: justify;\">Taksim olay\u0131nda meydana helikopter inmemi\u015ftir, faraziyeler \u00fczerinde ger\u00e7e\u011fe ula\u015fmak yanl\u0131\u015f olur.&#8221;<\/p>\n<p style=\"text-align: justify;\"><a href=\"http:\/\/www.radikal.com.tr\/Radikal.aspx?aType=RadikalDetay&amp;ArticleID=1027183&amp;Date=03.11.2010&amp;CategoryID=78\" target=\"_blank\"><span style=\"color: #888888;\">Kaynak : Radikal<\/span><\/a><\/p>\n","protected":false},"excerpt":{"rendered":"<p style=\"text-align: center;\">\n<p style=\"text-align: justify;\">1 &#8211; PKK silah b\u0131raks\u0131n OPERASYON OLMAZ<\/p>\n<p style=\"text-align: justify;\">2 &#8211; Askerin alternatif kutlamas\u0131 \u015eIK DE\u011e\u0130L<\/p>\n<p style=\"text-align: justify;\">3- Canl\u0131 bomba ile ilgili FARKLI BA\u011eLANTILAR ortaya \u00e7\u0131kacakt\u0131r<\/p>\n<p style=\"text-align: justify;\">Ba\u015fbakan Recep Tayyip Erdo\u011fan, Taksim&#8217;de canl\u0131 bomba eylemine ili\u015fkin olarak, &#8221;Tabii bu canl\u0131 bomban\u0131n ailesiyle olan ili\u015fkiler vesaire bunlar\u0131 yine \u0130\u00e7i\u015fleri <\/p>\n","protected":false},"author":1,"featured_media":0,"comment_status":"open","ping_status":"closed","sticky":false,"template":"","format":"standard","meta":{"footnotes":""},"categories":[105],"tags":[],"class_list":["post-26913","post","type-post","status-publish","format-standard","hentry","category-gundem","odd"],"_links":{"self":[{"href":"http:\/\/www.korhanyilmaz.com\/index.php?rest_route=\/wp\/v2\/posts\/26913","targetHints":{"allow":["GET"]}}],"collection":[{"href":"http:\/\/www.korhanyilmaz.com\/index.php?rest_route=\/wp\/v2\/posts"}],"about":[{"href":"http:\/\/www.korhanyilmaz.com\/index.php?rest_route=\/wp\/v2\/types\/post"}],"author":[{"embeddable":true,"href":"http:\/\/www.korhanyilmaz.com\/index.php?rest_route=\/wp\/v2\/users\/1"}],"replies":[{"embeddable":true,"href":"http:\/\/www.korhanyilmaz.com\/index.php?rest_route=%2Fwp%2Fv2%2Fcomments&post=26913"}],"version-history":[{"count":0,"href":"http:\/\/www.korhanyilmaz.com\/index.php?rest_route=\/wp\/v2\/posts\/26913\/revisions"}],"wp:attachment":[{"href":"http:\/\/www.korhanyilmaz.com\/index.php?rest_route=%2Fwp%2Fv2%2Fmedia&parent=26913"}],"wp:term":[{"taxonomy":"category","embeddable":true,"href":"http:\/\/www.korhanyilmaz.com\/index.php?rest_route=%2Fwp%2Fv2%2Fcategories&post=26913"},{"taxonomy":"post_tag","embeddable":true,"href":"http:\/\/www.korhanyilmaz.com\/index.php?rest_route=%2Fwp%2Fv2%2Ftags&post=26913"}],"curies":[{"name":"wp","href":"https:\/\/api.w.org\/{rel}","templated":true}]}}