{"id":26906,"date":"2010-11-03T11:20:33","date_gmt":"2010-11-03T09:20:33","guid":{"rendered":"http:\/\/www.korhanyilmaz.com\/?p=26906"},"modified":"2010-11-03T11:20:33","modified_gmt":"2010-11-03T09:20:33","slug":"iste-akp%e2%80%99nin-pkk-ile-19-muzakeresi","status":"publish","type":"post","link":"http:\/\/www.korhanyilmaz.com\/?p=26906","title":{"rendered":"\u0130\u015eTE AKP\u2019N\u0130N PKK \u0130LE 19 M\u00dcZAKERES\u0130"},"content":{"rendered":"<p style=\"text-align: justify;\"><a href=\"http:\/\/www.korhanyilmaz.com\/wp-content\/uploads\/2010\/11\/121.jpg\"  class=\"lightview\"><img loading=\"lazy\" decoding=\"async\" class=\"aligncenter size-full wp-image-26908\" src=\"http:\/\/www.korhanyilmaz.com\/wp-content\/uploads\/2010\/11\/121.jpg\" alt=\"\" width=\"465\" height=\"225\" \/><\/a><\/p>\n<p style=\"text-align: justify;\">Anayasa Mahkemesi\u2019nin kapatt\u0131\u011f\u0131 Demokratik Toplum Partisi\u2019nin yerine kurulan Demokratik Toplum Kongresi\u2019nin Ba\u015fkan Yard\u0131mc\u0131s\u0131 Aysel Tu\u011fluk, avukat s\u0131fat\u0131yla, ikinci kez Abdullah \u00d6calan\u2019la g\u00f6r\u00fc\u015ft\u00fc.<!--more--><\/p>\n<p style=\"text-align: justify;\">\u0130mral\u0131 d\u00f6n\u00fc\u015f\u00fc a\u00e7\u0131klama yapan Tu\u011fluk\u2019tan \u00f6\u011frendi\u011fimize g\u00f6re, AKP \u00d6calan\u2019la y\u00fcr\u00fctt\u00fc\u011f\u00fc diyalog s\u00fcrecini \u201cm\u00fczakere\u201d a\u015famas\u0131na \u00e7evirmi\u015f: \u201c(\u00d6calan) Devlet yetkilileri ile bir kez daha g\u00f6r\u00fc\u015fme ger\u00e7ekle\u015ftirildi\u011fini, bu g\u00f6r\u00fc\u015fmenin son derece \u00f6nemli oldu\u011funu, niteliksel bir g\u00f6r\u00fc\u015fme oldu\u011funu, ciddi bir g\u00f6r\u00fc\u015fme oldu\u011funu ifade etti. Kendisiyle g\u00f6r\u00fc\u015fme yapan devlet yetkililerini bar\u0131\u015f konusunda daha ciddi buldu\u011funu bir kez daha dile getirdi. Yap\u0131lan g\u00f6r\u00fc\u015fmeleri bir nevi diyalog s\u00fcrecinden m\u00fczakere s\u00fcrecine ge\u00e7i\u015fi ifade eden bir s\u00fcre\u00e7 olarak g\u00f6rd\u00fc\u011f\u00fcn\u00fc s\u00f6yledi\u201d. (H\u00fcrriyet, 2 Kas\u0131m 2010)<\/p>\n<p style=\"text-align: justify;\">\u201cTemas, diyalog, g\u00f6r\u00fc\u015fme, pazarl\u0131k, m\u00fczakere, anla\u015fma\u201d diye ilerleyen s\u00fcrecin nas\u0131l kotar\u0131ld\u0131\u011f\u0131n\u0131n ayr\u0131nt\u0131lar\u0131n\u0131, Kaynak Yay\u0131nlar\u0131\u2019ndan \u00e7\u0131kan, \u201cABD\u2019nin Neo-Osmanl\u0131 Projesi: B\u00fcy\u00fck K\u00fcrdistan\u201d kitab\u0131mda okuyabilece\u011finiz bu m\u00fczakereler, \u00f6zetle \u015funlard\u0131:<\/p>\n<p style=\"text-align: justify;\"><strong>1-<\/strong> AKP\u2019nin PKK ve \u00d6calan\u2019la ilk temas\u0131, g\u00f6rev s\u00fcresini tam d\u00f6rt kez uzatt\u0131\u011f\u0131 M\u0130T M\u00fcste\u015far\u0131 Emre Taner \u00fczerinden kuruldu. \u00d6calan, ilk temasta, hen\u00fcz M\u00fcste\u015far Yard\u0131mc\u0131s\u0131 olan Taner\u2019den da\u011fdakilere mesaj g\u00f6nderme imkan\u0131 talep etti.<\/p>\n<p style=\"text-align: justify;\">Taner, 15 Haziran 2005\u2019te M\u00fcste\u015far olduktan k\u0131sa bir s\u00fcre sonra 20 Ekim 2005\u2019te Mesut Barzani ile g\u00f6r\u00fc\u015ft\u00fc. Barzani\u2019nin, Taner \u00fczerinden T\u00fcrkiye\u2019den talepleri \u015funlard\u0131: \u201cT\u00fcrkiye, Kuzey Irak\u2019taki olu\u015fumu tan\u0131mal\u0131; Kuzey Irak ve T\u00fcrkiye\u2019deki K\u00fcrtlere \u00e7ifte vatanda\u015fl\u0131k vermeli; ekonomik ili\u015fkileri geli\u015ftirmeli, kurulacak askeri okullarda T\u00fcrk uzmanlar g\u00f6rev yapmal\u0131\u2026\u201d<\/p>\n<p style=\"text-align: justify;\"><strong>2-<\/strong> H\u00fck\u00fcmetin ak\u0131l hocalar\u0131ndan Cengiz \u00c7andar, AKP\u2019nin \u201cKandil ve \u0130mral\u0131\u201d ile g\u00f6r\u00fc\u015ft\u00fc\u011f\u00fcn\u00fc s\u00f6yledi. (Vatan Gazetesi, 26 Eyl\u00fcl 2009) Zaten \u00c7andar, en ba\u015f\u0131ndan beri meseleyi \u201c\u0130ki Abdullah\u201d\u0131n \u00e7\u00f6zece\u011fini savunuyordu. (Referans Gazetesi, 15 Mart 2009)<\/p>\n<p style=\"text-align: justify;\"><strong>3-<\/strong> Habur\u2019dan giri\u015f yapan \u201cbar\u0131\u015f grubu\u201d da AKP\u2019nin \u00d6calan ile y\u00fcr\u00fctt\u00fc\u011f\u00fc diyalogun sonucuydu. \u00d6calan\u2019\u0131n \u00e7a\u011f\u0131rd\u0131\u011f\u0131 bar\u0131\u015f grubunun Habur\u2019dan giri\u015fini, Ba\u015fbakan Erdo\u011fan, hen\u00fcz toplumsal tepki ba\u015flamadan \u015f\u00f6yle de\u011ferlendiriyordu grup konu\u015fmas\u0131nda: \u201cD\u00fcn Habur S\u0131n\u0131r Kap\u0131s\u0131\u2019nda ya\u015fanan anlaml\u0131 geli\u015fmeye de de\u011finerek s\u00f6zlerimi sonland\u0131rmak istiyorum. Bildi\u011finiz gibi 34 ki\u015fi s\u0131n\u0131r\u0131 ge\u00e7ti ve sabah saatlerinde 29\u2019u, ilgili yasalar\u0131m\u0131z \u00e7er\u00e7evesinde b\u0131rak\u0131ld\u0131. Bunu son derece olumlu ve sevindirici bir geli\u015fme olarak g\u00f6rd\u00fc\u011f\u00fcm\u00fc ifade etmek istiyorum. \u015eu anda yarg\u0131 di\u011fer 5\u2019i ile ilgili \u00e7al\u0131\u015fmalar\u0131n\u0131 da s\u00fcrd\u00fcr\u00fcyor\u201d.<\/p>\n<p style=\"text-align: justify;\">\u0130\u00e7i\u015fleri Bakan\u0131 Be\u015fir Atalay ile DTP Genel Ba\u015fkan\u0131 Ahmet T\u00fcrk\u2019\u00fcn 17 Ekim cumartesi g\u00fcn\u00fc gizlice bulu\u015ftuklar\u0131 ve Habur\u2019dan giri\u015fi organize ettikleri bas\u0131na yans\u0131d\u0131. (Milliyet Gazetesi, 21 Ekim 2009)<\/p>\n<p style=\"text-align: justify;\"><strong>4-<\/strong> Taraf Gazetesi\u2019nden Y\u0131ld\u0131ray O\u011fur, Emniyet Genel M\u00fcd\u00fcrl\u00fc\u011f\u00fc\u2019n\u00fcn haz\u0131rlad\u0131\u011f\u0131 bir analize dayanarak, 2006 y\u0131l\u0131ndan beri PKK\u2019n\u0131n Avrupa sorumlusu Sabri Ok ile g\u00f6r\u00fc\u015f\u00fcld\u00fc\u011f\u00fcn\u00fc a\u00e7\u0131klad\u0131. Eski Emniyet \u0130stihbarat Dairesi Ba\u015fkan\u0131 B\u00fclent Orako\u011flu da, \u201cSabri Ok, Abdullah \u00d6calan ile telefon g\u00f6r\u00fc\u015fmesi yapt\u0131\u201d dedi. Her iki a\u00e7\u0131klama birle\u015ftirilince AKP\u2019nin Sabri Ok\u2019la, Ok\u2019un da \u00d6calan\u2019la g\u00f6r\u00fc\u015ft\u00fc\u011f\u00fc ortaya \u00e7\u0131km\u0131\u015f oluyordu.<\/p>\n<p style=\"text-align: justify;\"><strong>5-<\/strong> PKK lideri Murat Karay\u0131lan, Habert\u00fcrk\u2019ten Amberin Zaman\u2019a \u015f\u00f6yle diyordu: \u201cGe\u00e7en y\u0131l \u015eubat ay\u0131nda bir h\u00fck\u00fcmet \u00fcyesi \u00d6calan\u2019a gitti ve a\u00e7\u0131l\u0131m\u0131 konu\u015ftu. H\u00fck\u00fcmet \u00fcyesi \u00d6calan\u2019\u0131n a\u00e7\u0131l\u0131ma ili\u015fkin h\u00fck\u00fcmete sundu\u011fu yol haritas\u0131 \u00e7er\u00e7evesinde m\u00fczakere edilebilecek tart\u0131\u015fmalar\u0131n ba\u015flayabilece\u011fini ifade etmi\u015f ama gerisi gelmemi\u015f.\u201d (Habert\u00fcrk Gazetesi, 16 Nisan 2010)<\/p>\n<p style=\"text-align: justify;\"><strong>6-<\/strong> Aksiyon Dergisi\u2019nde yer alan bir habere g\u00f6re, Cumhurba\u015fkan\u0131 Abdullah G\u00fcl\u2019\u00fcn \u201corkestra \u015fefli\u011fi\u201dnde, M\u0130T M\u00fcste\u015far\u0131 Emre Taner\u2019in y\u00fcr\u00fct\u00fcc\u00fcl\u00fc\u011f\u00fcnde ve PKK ile yap\u0131lan dolayl\u0131 g\u00f6r\u00fc\u015fmelerde bir yol haritas\u0131 belirlendi. Bu yol haritas\u0131na g\u00f6re, PKK\u2019l\u0131lar Kandil\u2019den Mahmur kamp\u0131na inecek, oradan da silahs\u0131z olarak T\u00fcrkiye\u2019ye d\u00f6necekti! (Aksiyon Dergisi, Say\u0131:757, 8 Haziran 2009)<\/p>\n<p style=\"text-align: justify;\"><strong>7- <\/strong>Hasan Cemal, PKK lideri Murat Karay\u0131lan\u2019la \u201cdiplomasi i\u015flevi ta\u015f\u0131yan\u201d bir r\u00f6portaja imza atm\u0131\u015ft\u0131. Cemal, yazmad\u0131klar\u0131n\u0131 da h\u00fck\u00fcmete aktard\u0131.<\/p>\n<p style=\"text-align: justify;\"><strong>8- <\/strong>\u00d6calan, Erdo\u011fan ve G\u00fcl\u2019\u00fcn kendisine dolayl\u0131 \u00e7a\u011fr\u0131larda bulundu\u011funu a\u00e7\u0131klad\u0131: \u201cSay\u0131n Erdo\u011fan ve G\u00fcl\u2019\u00fcn dolayl\u0131 da olsa, bas\u0131n yoluyla da olsa \u00e7a\u011fr\u0131lar\u0131 oldu, ricalar\u0131 oldu. Ben de bunlara cevap verdim. Osmanl\u0131 zaman\u0131nda padi\u015fahlar perde arkalar\u0131ndan dinlerlerdi. E\u011fer \u00e7\u00f6z\u00fcm olacaksa biz bunu da kabul ederiz.\u201d (ANF, 26 Temmuz 2009)<\/p>\n<p style=\"text-align: justify;\">Cumhurba\u015fkanl\u0131\u011f\u0131 ve Ba\u015fbakanl\u0131k, olu\u015fan tepkiler nedeniyle, \u00d6calan\u2019\u0131n avukatlar\u0131 arac\u0131l\u0131\u011f\u0131yla yapt\u0131\u011f\u0131 bu a\u00e7\u0131klamay\u0131 yalanlad\u0131. Oysa AKP Milletvekili Mehmet Halit Demir, \u00fc\u00e7 g\u00fcn sonra \u201cGerekirse Abdullah \u00d6calan ile g\u00f6r\u00fc\u015f\u00fclmesi gerekti\u011fini\u201d s\u00f6yl\u00fcyordu. (H\u00fcrriyet Gazetesi, 30 Temmuz 2009)<\/p>\n<p style=\"text-align: justify;\"><strong>9- <\/strong>AKP Milletvekili Mahmut Esat G\u00fcven, \u015fartlar\u0131 d\u00fczeltilirse \u00d6calan\u2019\u0131n olumlu mesajlar verece\u011fini, bu konuda \u0130\u00e7i\u015fleri Bakan\u0131 Be\u015fir Atalay\u2019dan talepte bulundu\u011funu a\u00e7\u0131klad\u0131. (H\u00fcrriyet Pazar eki, 1 A\u011fustos 2010)<\/p>\n<p style=\"text-align: justify;\"><strong>10-<\/strong> \u00d6calan\u2019\u0131n AKP\u2019yle pazarl\u0131klar\u0131ndaki \u015fartlar\u0131ndan biri de cezaevi ko\u015fullar\u0131n\u0131n d\u00fczeltilmesiydi. AKP bu konuyu s\u00fcrece yayarak \u00e7\u00f6zd\u00fc, \u00d6calan\u2019a arkada\u015f bile g\u00f6nderdi. \u00d6calan, Adalet Bakanl\u0131\u011f\u0131\u2019ndan bir heyetle bu konuda yapt\u0131\u011f\u0131 g\u00f6r\u00fc\u015fmeyi avukatlar\u0131 arac\u0131l\u0131\u011f\u0131yla \u015f\u00f6yle a\u00e7\u0131kl\u0131yordu: \u201cBuraya getirilen arkada\u015flarla bir kez g\u00f6r\u00fc\u015ft\u00fcm. Buradaki g\u00f6revliler, ileride televizyon vereceklerini belirttiler. Adalet Bakanl\u0131\u011f\u0131\u2019ndan gelen heyetle g\u00f6r\u00fc\u015ft\u00fcm. Adalet Bakanl\u0131\u011f\u0131 Ceza ve Tevkif \u0130\u015fleri M\u00fcd\u00fcr\u00fc de vard\u0131. Bu g\u00f6r\u00fc\u015fmeden sonra kap\u0131n\u0131n \u00fcst\u00fcnde a\u015fa\u011f\u0131ya ve yukar\u0131ya yeni bir pencere a\u00e7t\u0131lar. Kald\u0131\u011f\u0131m odada yatak, dolap, masa var. Onun d\u0131\u015f\u0131nda bana iki-\u00fc\u00e7 ad\u0131m mesafesinde yer kal\u0131yor. Yatak, Masa ve Dolap yeri d\u0131\u015f\u0131nda enine iki ad\u0131m boyuna \u00fc\u00e7 ad\u0131ml\u0131k mesafe var. B\u00fct\u00fcn yer bundan ibarettir.\u201d (ANF, 11 Aral\u0131k 2009)<\/p>\n<p style=\"text-align: justify;\"><strong>11-<\/strong> Kuzey Irak B\u00f6lgesel K\u00fcrt Y\u00f6netimi Ba\u015fkan\u0131 Mesut Barzani, Abdullah \u00d6calan\u2019dan ald\u0131\u011f\u0131 mektubu, Ankara ziyareti s\u0131ras\u0131nda g\u00f6r\u00fc\u015ft\u00fc\u011f\u00fc D\u0131\u015fi\u015fleri Bakan\u0131 Ahmet Davuto\u011flu ve M\u0130T M\u00fcste\u015far\u0131 Hakan Fidan ile payla\u015ft\u0131. (Milliyet Gazetesi, 6 Temmuz 2010)<\/p>\n<p style=\"text-align: justify;\"><strong>12-<\/strong> AKP\u2019nin PKK ve \u00d6calan ile pazarl\u0131klar\u0131ndan biri de KCK iddianamesinde yer al\u0131yordu. \u0130ddianamede yer alan tutanakta Irak Cumhurba\u015fkan\u0131 Celal Talabani \u015f\u00f6yle diyordu: \u201cBenim Apo ile bir ili\u015fkim var. 2 Kas\u0131m\u2019da bana avukatlar\u0131 arac\u0131l\u0131\u011f\u0131yla bir mektup g\u00f6nderdi. Ben bu talepleri T\u00fcrk yetkililerine de iletmi\u015ftim. Benim PKK ile de bir diyalogum var. Bu bayramda ben talep etmi\u015fim ate\u015fkesi, hem uzat\u0131lmas\u0131 konusunda da bir yakla\u015f\u0131m oldu. Silah b\u0131rakma ve ate\u015fkes ilan etme aras\u0131nda fark var. Ben silah b\u0131rakma yanl\u0131s\u0131 de\u011filim. Ate\u015fkes ilan edilsin. Silah b\u0131rakman\u0131n kar\u015f\u0131l\u0131\u011f\u0131 var. Ate\u015fkes ilan etmek ise T\u00fcrkiye\u2019de \u00e7al\u0131\u015fan arkada\u015flar\u0131n m\u00fccadelesini y\u00fckseltmek i\u00e7in olmal\u0131d\u0131r. Yine PKK\u2019n\u0131n bir talebi vard\u0131; genel af ile onu dile getirdik. Biz M\u0130T m\u00fcste\u015farlar\u0131 ile PKK\u2019n\u0131n baz\u0131 ili\u015fkileri var, sizin bilginiz dahilinde mi dedik. Erdo\u011fan, M\u0130T m\u00fcste\u015far\u0131n\u0131n t\u00fcm ifadeleri benim ifademdir dedi.\u201d (ANF, 14 Haziran 2010)<\/p>\n<p style=\"text-align: justify;\"><strong>13-<\/strong> Cumhurba\u015fkan\u0131 G\u00fcl, 12 Eyl\u00fcl halkoylamas\u0131 \u00f6ncesi, \u201cdevlet ter\u00f6r\u00fc bitirmek i\u00e7in her y\u00f6ntemi dener\u201d dedi. Ard\u0131ndan Karay\u0131lan \u201cdevletle anla\u015ft\u0131klar\u0131n\u0131\u201d a\u00e7\u0131klad\u0131. PKK, 20 Eyl\u00fcl\u2019e kadar \u201ceylemsizlik\u201d karar\u0131 alm\u0131\u015ft\u0131!<\/p>\n<p style=\"text-align: justify;\">Karar\u0131n, M\u0130T M\u00fcste\u015far\u0131 Hakan Fidan\u2019\u0131n 20 Temmuz g\u00fcn\u00fc \u00d6calan ile yapt\u0131\u011f\u0131 g\u00f6r\u00fc\u015fmenin sonucu al\u0131nd\u0131\u011f\u0131 ortaya \u00e7\u0131kt\u0131.<\/p>\n<p style=\"text-align: justify;\">PKK ile g\u00f6r\u00fc\u015fmeyi yalanlayan Ba\u015fbakan Erdo\u011fan, dan\u0131\u015fman\u0131 Yal\u00e7\u0131n Akdo\u011fan\u2019\u0131n \u201cpazarl\u0131k yok, diyalog var\u201d demesi \u00fczerine, \u201ch\u00fck\u00fcmet de\u011fil, devlet g\u00f6r\u00fc\u015ft\u00fc\u201d dedi! Oysa g\u00f6r\u00fc\u015fen Hakan Fidan hem kendisine ba\u011fl\u0131yd\u0131, hem de Fidan\u2019la birlikte heyette Adalaet Bakanl\u0131\u011f\u0131 yetkilileri vard\u0131.<\/p>\n<p style=\"text-align: justify;\"><strong>14- <\/strong>AKP ile BDP, 23 Eyl\u00fcl 2010 g\u00fcn\u00fc heyetleraras\u0131 bir g\u00f6r\u00fc\u015fme yapt\u0131. G\u00f6r\u00fc\u015fmede \u201cPKK\u2019n\u0131n ate\u015fkesi uzatmas\u0131n\u0131n s\u00f6z konusu\u201d oldu\u011fu ifade edildi. (H\u00fcrriyet Gazetesi, 24 Eyl\u00fcl 2010) BDP heyeti, \u201c\u0130mral\u0131\u2019n\u0131n muhatap al\u0131nmas\u0131 y\u00f6n\u00fcnde bir s\u00f6yleminiz oldu mu?\u201d sorusuna \u015fu yan\u0131t\u0131 veriyordu: \u201cBaz\u0131 g\u00f6r\u00fc\u015fmelerin s\u00fcrd\u00fc\u011f\u00fc biliniyor. O konuda s\u00f6ylenecek yeni bir \u015fey yok\u201d.<\/p>\n<p style=\"text-align: justify;\">Ba\u015fbakan Erdo\u011fan, AKP ile BDP aras\u0131nda yap\u0131lan bu m\u00fczakereyi \u201cbirlikte iyi olma\u201d bi\u00e7iminde yorumluyordu. 1 Ekim 2010 g\u00fcn\u00fc TBMM\u2019nin a\u00e7\u0131l\u0131\u015f resepsiyonunda sohbet eden Ba\u015fbakan ve BDP heyetinin \u201cm\u00fczakere\u201d ili\u015fkin dikkat \u00e7ekici temennileri \u015f\u00f6yleydi:<\/p>\n<p style=\"text-align: justify;\">\u201cSelahattin Demirta\u015f: Say\u0131n Ba\u015fbakan, hay\u0131rl\u0131 olsun diyelim.<\/p>\n<p style=\"text-align: justify;\">\u201cBa\u015fbakan Erdo\u011fan: Birlikte iyi olaca\u011f\u0131z in\u015fallah. G\u00f6r\u00fc\u015fme trafi\u011fini iyi g\u00f6t\u00fcr\u00fcn ha.<\/p>\n<p style=\"text-align: justify;\">\u201cSelahattin Demirta\u015f: Valla Say\u0131n Ba\u015fbakan\u0131m, g\u00f6r\u00fc\u015fme \u00e7ift tarafl\u0131 olursa iyi olur, \u00e7ift tarafl\u0131 iyi g\u00f6t\u00fcr\u00fcl\u00fcrse iyi olur. Beraber olacak.<\/p>\n<p style=\"text-align: justify;\">\u201cAk\u0131n Birdal: \u0130n\u015fallah \u00f6yle olacak\u201d. (Vatan Gazetesi, 2 Ekim 2010)<\/p>\n<p style=\"text-align: justify;\"><strong>15-<\/strong> Kandil, \u00d6calan\u2019\u0131n \u201cAte\u015fkesi uzat\u0131n\u201d, (Milliyet, 20 Eyl\u00fcl 2010) talimat\u0131 gere\u011fi, \u201cBaz\u0131 geli\u015fmeler var, ate\u015fkesi bir hafta uzatt\u0131k\u201d a\u00e7\u0131klamas\u0131 yapt\u0131. (Taraf, 21 Eyl\u00fcl 2010) Taraf Gazetesi, \u201cbaz\u0131 geli\u015fmelerin\u201d ne oldu\u011funu da bir ba\u015fka haberinde a\u00e7\u0131kl\u0131yordu. Me\u011fer \u201cApo\u2019yla bar\u0131\u015f\u0131n takvimi konu\u015fuluyor\u201dmu\u015f! (Taraf, 21 Eyl\u00fcl 2010)<\/p>\n<p style=\"text-align: justify;\"><strong>16-<\/strong> Anayasa Mahkemesi\u2019nin kapatt\u0131\u011f\u0131 DTP\u2019nin, Ahmet T\u00fcrk\u2019le birlikte siyasi yasakl\u0131 hale gelen e\u015fba\u015fkan\u0131 Aysel Tu\u011fluk, \u201cavukat\u201d s\u0131fat\u0131yla \u00d6calan\u2019la g\u00f6r\u00fc\u015ft\u00fc. Adalet Bakanl\u0131\u011f\u0131\u2019n\u0131n kiralad\u0131\u011f\u0131 gemiyle \u0130mral\u0131\u2019ya giden Tu\u011fluk, g\u00f6r\u00fc\u015fmenin ard\u0131ndan \u00d6calan\u2019\u0131n mesajlar\u0131n\u0131 h\u00fck\u00fcmete ve PKK\u2019ya iletti: \u201cPKK\u2019n\u0131n eylemsizlik karar\u0131n\u0131 en az bir y\u0131l uzatmas\u0131 gerekiyor. Kal\u0131c\u0131 ate\u015fkes ve silahs\u0131zlanma zamana yay\u0131lacak. H\u00fck\u00fcmetin siyasi ad\u0131mlar\u0131 beklenecek. Kal\u0131c\u0131 ate\u015fkese giden s\u00fcre\u00e7te cezaevi ko\u015fullar\u0131n\u0131n iyile\u015ftirilmesi bu d\u00f6neme katk\u0131 yapacak.\u201d (Vatan, 28 Eyl\u00fcl 2010)<\/p>\n<p style=\"text-align: justify;\"><strong>17- <\/strong>H\u00fck\u00fcmet, \u00d6calan\u2019la Aysel Tu\u011fluk \u00fczerinden m\u00fczakere y\u00fcr\u00fct\u00fcrken, bir yandan da Barzani\u2019yle anla\u015fma yoluna giriyordu. S\u00fcrpriz bir \u015fekilde Kuzey Irak\u2019a giden A\u00e7\u0131l\u0131m Koordinat\u00f6r\u00fc Be\u015fir Atalay, K\u00fcrt Y\u00f6netimi Ba\u015fkan\u0131 Mesut Barzani ve K\u00fcrt H\u00fck\u00fcmeti Ba\u015fbakan\u0131 Berham Salih\u2019le g\u00f6r\u00fc\u015ft\u00fc.<\/p>\n<p style=\"text-align: justify;\">Bas\u0131na yans\u0131yan g\u00f6r\u00fc\u015fme tutanaklar\u0131na g\u00f6re, Barzani\u2019den \u201cTopun taca at\u0131ld\u0131\u011f\u0131 noktada aktif rol almas\u0131n\u0131\u201d isteyen Atalay, \u201caktif rolden kast\u0131n\u0131z ne?\u201d diye soran muhatabana \u015fu ibretlik yan\u0131t\u0131 verdi: \u201cB\u00f6lgede (G\u00fcneydo\u011fu Anadolu) sayg\u0131nl\u0131\u011f\u0131n\u0131z var. Bu sayg\u0131nl\u0131\u011f\u0131n\u0131z\u0131 kullanmal\u0131 ve PKK \u00fczerinde etkinizi hissettirmelisiniz. S\u0131k s\u0131k medya \u00f6n\u00fcnde silahlar\u0131n b\u0131rak\u0131lmas\u0131 y\u00f6n\u00fcndeki telkinleri s\u00fcrd\u00fcr\u00fcn\u00fcz. K\u00fcrt kamuoyu, K\u00fcrt hareketinde tek fayda olarak PKK\u2019y\u0131 g\u00f6rme al\u0131\u015fkanl\u0131\u011f\u0131n\u0131 terk edecektir. Bu da sorunlar\u0131n \u00e7\u00f6z\u00fcm\u00fc noktas\u0131nda i\u015fimizi kolayla\u015ft\u0131racakt\u0131r\u201d. (Milliyet, 28 Eyl\u00fcl 2010)<\/p>\n<p style=\"text-align: justify;\"><strong>18-<\/strong> AKP\u2019nin PKK\u2019yla m\u00fczakerelerinin asl\u0131nda en \u00f6nemlisi DTP ile yap\u0131lanlar\u0131d\u0131r. \u00c7\u00fcnk\u00fc \u00d6calan, DTP\u2019yi AKP\u2019yle m\u00fczakere konusunda resmi muhatap tayin etmi\u015fti. AKP Ad\u0131yaman Milletvekili ve MAZLUM-DER Genel Ba\u015fkan\u0131 Ahmet Faruk \u00dcnsal da, bu ger\u00e7e\u011fi kendi taraf\u0131 ad\u0131na \u015fu s\u00f6zlerle ifade ediyordu: \u201c\u00d6calan zaten indirekt olarak s\u00fcrecin i\u00e7inde. Ayr\u0131ca, kendisi resmi muhatap olarak DTP\u2019yi g\u00f6sterdi, DTP de buna itiraz etmeyerek dolayl\u0131 olarak adres g\u00f6sterilmeyi kabul etti.\u201d (Milliyet, 8 A\u011fustos 2009)<\/p>\n<p style=\"text-align: justify;\">Bu durum en ba\u015f\u0131ndan beri kabul edildi\u011fi i\u00e7in Ba\u015fbakan Erdo\u011fan, a\u015famal\u0131 manevralar izledi. Erdo\u011fan, \u00f6nce bir s\u00fcre \u201cPKK\u2019ya ter\u00f6r \u00f6rg\u00fct\u00fc demeyenle g\u00f6r\u00fc\u015fmem,\u201d diyerek DTP ile bir araya gelmedi, b\u00f6ylece hem kamuoyunun tepkisini de\u011ferlendirdi hem de TSK\u2019y\u0131 \u201cidare\u201d etti. Erdo\u011fan, \u015fartlar olu\u015ftu\u011funda DTP Genel Ba\u015fkan\u0131 Ahmet T\u00fcrk\u2019le g\u00f6r\u00fc\u015ft\u00fc. Erdo\u011fan, daha \u00f6nce s\u00f6yledi\u011fi \u015fart\u0131, geri almamak i\u00e7in de pozisyonuyla ters orant\u0131l\u0131 bir manevraya y\u00f6neldi: Ahmet T\u00fcrk\u2019le ba\u015fbakan olarak de\u011fil, AKP Genel Ba\u015fkan\u0131 olarak g\u00f6r\u00fc\u015ft\u00fc\u011f\u00fcn\u00fc a\u00e7\u0131klad\u0131!<\/p>\n<p style=\"text-align: justify;\"><strong>19-<\/strong> Son g\u00f6r\u00fc\u015fme, yaz\u0131m\u0131z\u0131n en ba\u015f\u0131nda da belirtti\u011fimiz gibi Aysel Tu\u011fluk \u00fczerinden y\u00fcr\u00fct\u00fcld\u00fc. Bu g\u00f6r\u00fc\u015fmede dikkat \u00e7eken bir ayr\u0131nt\u0131 da, Tu\u011fluk\u2019un, PKK lideri Karay\u0131lan\u2019\u0131n mektubunu, AKP\u2019nin bilgisi dahilinde, \u00d6calan\u2019a g\u00f6t\u00fcrmesiydi!<\/p>\n<p style=\"text-align: justify;\"><a href=\"http:\/\/www.odatv.com\/n.php?n=iste-akpnin-pkk-ile-19-muzakeresi--0311101200\" target=\"_blank\"><span style=\"color: #888888;\">Kaynak : Mehmet Ali G\u00fcller &#8211; Odatv.com<\/span><\/a><\/p>\n","protected":false},"excerpt":{"rendered":"<p style=\"text-align: justify;\">\n<p style=\"text-align: justify;\">Anayasa Mahkemesi\u2019nin kapatt\u0131\u011f\u0131 Demokratik Toplum Partisi\u2019nin yerine kurulan Demokratik Toplum Kongresi\u2019nin Ba\u015fkan Yard\u0131mc\u0131s\u0131 Aysel Tu\u011fluk, avukat s\u0131fat\u0131yla, ikinci kez Abdullah \u00d6calan\u2019la g\u00f6r\u00fc\u015ft\u00fc.<\/p>\n","protected":false},"author":1,"featured_media":0,"comment_status":"open","ping_status":"closed","sticky":false,"template":"","format":"standard","meta":{"footnotes":""},"categories":[105],"tags":[],"class_list":["post-26906","post","type-post","status-publish","format-standard","hentry","category-gundem","odd"],"_links":{"self":[{"href":"http:\/\/www.korhanyilmaz.com\/index.php?rest_route=\/wp\/v2\/posts\/26906","targetHints":{"allow":["GET"]}}],"collection":[{"href":"http:\/\/www.korhanyilmaz.com\/index.php?rest_route=\/wp\/v2\/posts"}],"about":[{"href":"http:\/\/www.korhanyilmaz.com\/index.php?rest_route=\/wp\/v2\/types\/post"}],"author":[{"embeddable":true,"href":"http:\/\/www.korhanyilmaz.com\/index.php?rest_route=\/wp\/v2\/users\/1"}],"replies":[{"embeddable":true,"href":"http:\/\/www.korhanyilmaz.com\/index.php?rest_route=%2Fwp%2Fv2%2Fcomments&post=26906"}],"version-history":[{"count":0,"href":"http:\/\/www.korhanyilmaz.com\/index.php?rest_route=\/wp\/v2\/posts\/26906\/revisions"}],"wp:attachment":[{"href":"http:\/\/www.korhanyilmaz.com\/index.php?rest_route=%2Fwp%2Fv2%2Fmedia&parent=26906"}],"wp:term":[{"taxonomy":"category","embeddable":true,"href":"http:\/\/www.korhanyilmaz.com\/index.php?rest_route=%2Fwp%2Fv2%2Fcategories&post=26906"},{"taxonomy":"post_tag","embeddable":true,"href":"http:\/\/www.korhanyilmaz.com\/index.php?rest_route=%2Fwp%2Fv2%2Ftags&post=26906"}],"curies":[{"name":"wp","href":"https:\/\/api.w.org\/{rel}","templated":true}]}}