{"id":26898,"date":"2010-11-03T09:09:53","date_gmt":"2010-11-03T07:09:53","guid":{"rendered":"http:\/\/www.korhanyilmaz.com\/?p=26898"},"modified":"2010-11-03T09:09:53","modified_gmt":"2010-11-03T07:09:53","slug":"nokta-mi-ustte-olacakti-virgul-mu-usta","status":"publish","type":"post","link":"http:\/\/www.korhanyilmaz.com\/?p=26898","title":{"rendered":"Nokta m\u0131 \u00fcstte olacakt\u0131, virg\u00fcl m\u00fc usta?"},"content":{"rendered":"<p style=\"text-align: center;\"><a href=\"http:\/\/www.korhanyilmaz.com\/wp-content\/uploads\/2010\/11\/119.jpg\"  class=\"lightview\"><img loading=\"lazy\" decoding=\"async\" class=\"aligncenter size-full wp-image-26899\" src=\"http:\/\/www.korhanyilmaz.com\/wp-content\/uploads\/2010\/11\/119.jpg\" alt=\"\" width=\"420\" height=\"210\" \/><\/a><\/p>\n<p style=\"text-align: justify;\">Habert\u00fcrk&#8217;ten ayr\u0131ld\u0131ktan sonra Cumhuriyet&#8217;e ge\u00e7en Bekir Co\u015fkun ilk yaz\u0131s\u0131nda &#8221;Beni buradan kovamazlar da\u2026 \u00c7\u00fcnk\u00fc \u015f\u00fck\u00fcr burada patron yok\u2026&#8221; diye yazd\u0131.<\/p>\n<p style=\"text-align: justify;\">Habert\u00fcrk Gazetesi&#8217;nden ayr\u0131ld\u0131ktan sonra Cumhuriyet&#8217;e transfer olan Bekir Co\u015fkun ilk yaz\u0131s\u0131n\u0131 kaleme ald\u0131.<\/p>\n<p style=\"text-align: justify;\">Bekir Co\u015fkun, \u0130lhan Sel\u00e7uk&#8217;un &#8216;Pencere&#8217; isimli k\u00f6\u015fesinde yaz\u0131lar\u0131na bug\u00fcn ba\u015flad\u0131. <!--more--><\/p>\n<p style=\"text-align: justify;\"><strong><em>Daha \u00f6nceki gibi yine k\u00f6\u015fesine &#8216;Onuncu K\u00f6y&#8217; ad\u0131n\u0131 veren Bekir Co\u015fkun&#8217;un ilk yaz\u0131s\u0131 \u015f\u00f6yle: <\/em><\/strong><\/p>\n<p style=\"text-align: justify;\">Bir engele tak\u0131l\u0131p da d\u00fc\u015fece\u011fimiz zaman, ayaklar\u0131m\u0131z ko\u015fmaya ba\u015flar\u2026 Ayaklar ko\u015far, \u00e7\u00fcnk\u00fc v\u00fccudun alt\u0131, d\u00fc\u015fmekte olan \u00fcst taraf\u0131n alt\u0131na ge\u00e7meye \u00e7al\u0131\u015f\u0131r\u2026<\/p>\n<p style=\"text-align: justify;\">\u00dcst taraf d\u00fc\u015fmektedir\u2026<\/p>\n<p style=\"text-align: justify;\">Alt h\u0131zlan\u0131r\u2026..<\/p>\n<p style=\"text-align: justify;\">Ki yere varmadan yakalay\u0131p, alt\u0131na ge\u00e7sin \u00fcst\u00fcn\u2026<\/p>\n<p style=\"text-align: justify;\">Ayaklar bir anda popo hizas\u0131na kadar daireler \u00e7izerek teker kesilir\u2026 Var g\u00fcc\u00fcyle d\u00f6ner havada ve bu y\u00fczden bu pozisyona \u201ctekerlenme\u201d deriz\u2026<\/p>\n<p style=\"text-align: justify;\">Kafa, g\u00f6vdenin \u00fcst taraf\u0131ndad\u0131r.<\/p>\n<p style=\"text-align: justify;\">H\u0131zla yere yakla\u015f\u0131rken kafa, kendisini kurtaracak olan ayaklara acele komut verir:<\/p>\n<p style=\"text-align: justify;\">\u201cKo\u015f\u2026\u201d<\/p>\n<p style=\"text-align: justify;\">*<\/p>\n<p style=\"text-align: justify;\">Bir gece \u00f6nce referandum sonu\u00e7lar\u0131 belli olmu\u015f, ba\u015f\u0131na \u00f6r\u00fclen \u00e7orab\u0131n fark\u0131na varamam\u0131\u015f aziz milletimiz \u201cevet\u201d demi\u015fti. Cumhuriyet sevdal\u0131lar\u0131n\u0131n ise y\u00fcreklerine bir s\u0131k\u0131nt\u0131, bir h\u00fcz\u00fcn, bir yaln\u0131zl\u0131k, bir umutsuzluk \u00e7\u00f6km\u00fc\u015ft\u00fc o g\u00fcn\u2026<\/p>\n<p style=\"text-align: justify;\">Birbirlerinin y\u00fcz\u00fcne bakmadan y\u00fcr\u00fcyorlard\u0131 sokaklarda.<\/p>\n<p style=\"text-align: justify;\">Ve ayn\u0131 g\u00fcn \u00e7al\u0131\u015ft\u0131\u011f\u0131m gazete yaz\u0131lar\u0131ma son vermi\u015fti.<\/p>\n<p style=\"text-align: justify;\">Aya\u011f\u0131m tak\u0131lm\u0131\u015ft\u0131\u2026<\/p>\n<p style=\"text-align: justify;\">Nas\u0131l oldu bilmiyorum; tam yere kapaklan\u0131rken, o g\u00fcn Cumhuriyet\u2019in Genel Yay\u0131n Y\u00f6netmeni \u0130brahim Y\u0131ld\u0131z telefonda, \u201cBiraz \u00f6nce karar ald\u0131k, yay\u0131n kurulu olarak seni Cumhuriyet\u2019e davet ediyoruz\u201d diyordu.<\/p>\n<p style=\"text-align: justify;\">Tam t\u00f6kezlenirken yaral\u0131 zihnim komut veriyordu ayaklar\u0131ma:<\/p>\n<p style=\"text-align: justify;\">\u201cKo\u015f\u2026\u201d<\/p>\n<p style=\"text-align: justify;\">*<\/p>\n<p style=\"text-align: justify;\">Cumhuriyet; tarihi misyonunu s\u00fcrd\u00fcr\u00fcyor, bu \u00fclkenin \u00e7a\u011fd\u0131\u015f\u0131na s\u00fcr\u00fcklenmesini istemeyen, laik cumhuriyetin dinci fa\u015fizme d\u00f6n\u00fc\u015fmesine direnen \u00e7ocuklar\u0131na sahip \u00e7\u0131k\u0131yordu.<\/p>\n<p style=\"text-align: justify;\">Bana \u0130lhan Sel\u00e7uk\u2019un yerini verdiler.<\/p>\n<p style=\"text-align: justify;\">Hani devlet adam\u0131n\u0131n koltu\u011funa oturmu\u015f bayram \u00e7ocuklar\u0131 gibi gururluyum\u2026<\/p>\n<p style=\"text-align: justify;\">Ama tedirgin, \u015fa\u015fk\u0131n, e\u011freti, \u00fcrkek\u2026<\/p>\n<p style=\"text-align: justify;\">O b\u00fcy\u00fck ustan\u0131n ne yerini, ne de k\u00f6\u015fesini dolduramayaca\u011f\u0131m\u0131 tabii ki biliyorum. Ben onun derya bilgeli\u011fi yan\u0131nda, noktayla virg\u00fcl\u00fcn yerini bile bilemem.<\/p>\n<p style=\"text-align: justify;\">Hele bir de noktal\u0131 virg\u00fcl oldu\u011funda ba\u015f\u0131m\u0131 g\u00f6ky\u00fcz\u00fcne \u00e7evirip sorar\u0131m art\u0131k ustama:<\/p>\n<p style=\"text-align: justify;\">\u201cNokta m\u0131 \u00fcstte olacakt\u0131, virg\u00fcl m\u00fc usta?..\u201d<\/p>\n<p style=\"text-align: justify;\">*<\/p>\n<p style=\"text-align: justify;\">Beni buradan kovamazlar da\u2026<\/p>\n<p style=\"text-align: justify;\">\u00c7\u00fcnk\u00fc \u015f\u00fck\u00fcr burada patron yok\u2026<\/p>\n<p style=\"text-align: justify;\">Bu b\u00fcy\u00fck istilada, T\u00fcrkiye\u2019de \u201c\u00f6zg\u00fcr bas\u0131n\u201d denilen \u015feyin oldu\u011funu s\u00f6ylemek yaland\u0131r. Zannetmek ise b\u00fcy\u00fck ahmakl\u0131k\u2026 Ama bu gazeteyi cumhuriyete g\u00f6n\u00fcl verenler \u00f6zg\u00fcrce-ba\u011f\u0131ms\u0131z yap\u0131yorlar ve y\u00f6netiyorlar\u2026<\/p>\n<p style=\"text-align: justify;\">Sahibi ise siz Cumhuriyet okurlar\u0131s\u0131n\u0131z\u2026<\/p>\n<p style=\"text-align: justify;\">Sadece siz istemedi\u011finiz anda bunu anlar\u0131m ve giderim\u2026<\/p>\n<p style=\"text-align: justify;\">\u015eimdiiii\u2026<\/p>\n<p style=\"text-align: justify;\">Kap\u0131n\u0131n e\u015fi\u011findeyim\u2026<\/p>\n<p style=\"text-align: justify;\">Korkarak t\u0131k\u0131rdat\u0131yorum cam\u0131\u2026<\/p>\n<p style=\"text-align: justify;\">\u0130zin verirseniz; ben geldim\u2026<\/p>\n<p style=\"text-align: justify;\"><a href=\"http:\/\/haber.gazetevatan.com\/nokta-mi-ustte-olacakti-virgul-mu-usta\/338255\/11\/Haber\" target=\"_blank\"><span style=\"color: #888888;\">Kaynak : VATAN<\/span><\/a><\/p>\n","protected":false},"excerpt":{"rendered":"<p style=\"text-align: center;\">\n<p style=\"text-align: justify;\">Habert\u00fcrk&#8217;ten ayr\u0131ld\u0131ktan sonra Cumhuriyet&#8217;e ge\u00e7en Bekir Co\u015fkun ilk yaz\u0131s\u0131nda &#8221;Beni buradan kovamazlar da\u2026 \u00c7\u00fcnk\u00fc \u015f\u00fck\u00fcr burada patron yok\u2026&#8221; diye yazd\u0131.<\/p>\n<p style=\"text-align: justify;\">Habert\u00fcrk Gazetesi&#8217;nden ayr\u0131ld\u0131ktan sonra Cumhuriyet&#8217;e transfer olan Bekir Co\u015fkun ilk yaz\u0131s\u0131n\u0131 kaleme ald\u0131.<\/p>\n<p style=\"text-align: justify;\">Bekir Co\u015fkun, \u0130lhan Sel\u00e7uk&#8217;un &#8216;Pencere&#8217; isimli k\u00f6\u015fesinde yaz\u0131lar\u0131na bug\u00fcn ba\u015flad\u0131. <\/p>\n","protected":false},"author":1,"featured_media":0,"comment_status":"open","ping_status":"closed","sticky":false,"template":"","format":"standard","meta":{"footnotes":""},"categories":[105],"tags":[],"class_list":["post-26898","post","type-post","status-publish","format-standard","hentry","category-gundem","odd"],"_links":{"self":[{"href":"http:\/\/www.korhanyilmaz.com\/index.php?rest_route=\/wp\/v2\/posts\/26898","targetHints":{"allow":["GET"]}}],"collection":[{"href":"http:\/\/www.korhanyilmaz.com\/index.php?rest_route=\/wp\/v2\/posts"}],"about":[{"href":"http:\/\/www.korhanyilmaz.com\/index.php?rest_route=\/wp\/v2\/types\/post"}],"author":[{"embeddable":true,"href":"http:\/\/www.korhanyilmaz.com\/index.php?rest_route=\/wp\/v2\/users\/1"}],"replies":[{"embeddable":true,"href":"http:\/\/www.korhanyilmaz.com\/index.php?rest_route=%2Fwp%2Fv2%2Fcomments&post=26898"}],"version-history":[{"count":0,"href":"http:\/\/www.korhanyilmaz.com\/index.php?rest_route=\/wp\/v2\/posts\/26898\/revisions"}],"wp:attachment":[{"href":"http:\/\/www.korhanyilmaz.com\/index.php?rest_route=%2Fwp%2Fv2%2Fmedia&parent=26898"}],"wp:term":[{"taxonomy":"category","embeddable":true,"href":"http:\/\/www.korhanyilmaz.com\/index.php?rest_route=%2Fwp%2Fv2%2Fcategories&post=26898"},{"taxonomy":"post_tag","embeddable":true,"href":"http:\/\/www.korhanyilmaz.com\/index.php?rest_route=%2Fwp%2Fv2%2Ftags&post=26898"}],"curies":[{"name":"wp","href":"https:\/\/api.w.org\/{rel}","templated":true}]}}