{"id":26894,"date":"2010-11-03T09:08:20","date_gmt":"2010-11-03T07:08:20","guid":{"rendered":"http:\/\/www.korhanyilmaz.com\/?p=26894"},"modified":"2010-11-03T09:08:20","modified_gmt":"2010-11-03T07:08:20","slug":"odada-siyah-canta-yoktu","status":"publish","type":"post","link":"http:\/\/www.korhanyilmaz.com\/?p=26894","title":{"rendered":"Odada siyah \u00e7anta yoktu!"},"content":{"rendered":"<p style=\"text-align: center;\"><a href=\"http:\/\/www.korhanyilmaz.com\/wp-content\/uploads\/2010\/11\/118.jpg\"  class=\"lightview\"><img loading=\"lazy\" decoding=\"async\" class=\"aligncenter size-full wp-image-26895\" src=\"http:\/\/www.korhanyilmaz.com\/wp-content\/uploads\/2010\/11\/118.jpg\" alt=\"\" width=\"420\" height=\"210\" \/><\/a><\/p>\n<p style=\"text-align: justify;\">Hanefi Avc\u0131\u2019n\u0131n Eski\u015fehir\u2019deki makam\u0131n\u0131 bo\u015faltan \u00d6zel Kalem B\u00fcro Amir Vekili Nazmi Ayhan, oday\u0131 tutanakla bo\u015faltt\u0131\u011f\u0131n\u0131, polisin kasetleri i\u00e7inde buldu\u011fu siyah \u00e7antan\u0131n odada olmad\u0131\u011f\u0131n\u0131 s\u00f6yledi. Ayhan, siyah \u00e7antan\u0131n dinlenme odas\u0131ndaki gard\u0131robun \u00fczerinde bulunmas\u0131yla ilgili olarak da, \u201cBo\u015faltt\u0131ktan sonra gard\u0131robu kontrol ettim, \u00fczerinde olsa dikkatimi \u00e7ekerdi\u201d dedi.<!--more--><\/p>\n<p style=\"text-align: justify;\">Yasad\u0131\u015f\u0131 Devrimci Kararg\u00e2h \u00d6rg\u00fct\u00fc\u2019ne yard\u0131m ve yatakl\u0131k etti\u011fi iddias\u0131yla tutuklanan ve Eski\u015fehir\u2019deki makam\u0131nda yasad\u0131\u015f\u0131 telefon dinleme kasetleri \u00e7\u0131kt\u0131\u011f\u0131 iddia edilen Emniyet M\u00fcd\u00fcr\u00fc Hanefi Avc\u0131\u2019n\u0131n \u00d6zel Kalem B\u00fcro Amir Vekili Nazmi Ayhan, oday\u0131 kendisinin tutanakla bo\u015faltt\u0131\u011f\u0131n\u0131, kasetlerin i\u00e7inde bulundu\u011fu siyah \u00e7antan\u0131n odada olmad\u0131\u011f\u0131n\u0131 s\u00f6yledi. Ayhan, kasetlerin i\u00e7inde oldu\u011fu iddia edilen siyah \u00e7antan\u0131n gard\u0131robun \u00fczerinde bulunmas\u0131yla ilgili olarak da, gard\u0131robu bo\u015faltt\u0131ktan sonra kontrol etti\u011fini ve \u00e7antan\u0131n dikkatini \u00e7ekmesi gerekti\u011fini ifade etti.<\/p>\n<p style=\"text-align: justify;\">Eski\u015fehir Cumhuriyet Savc\u0131s\u0131 Ayd\u0131n Tekin, Hanefi Avc\u0131\u2019n\u0131n talebi \u00fczerine, aralar\u0131nda eski Ba\u015fbakan Mesut Y\u0131lmaz, M\u0130T\u2019\u00e7i Mehmet Eym\u00fcr ve gazeteci ve televizyoncular\u0131n telefon dinleme kay\u0131tlar\u0131n\u0131n yer ald\u0131\u011f\u0131 kasetlerin ele ge\u00e7irildi\u011fi iddia edilen Eski\u015fehir Emniyet M\u00fcd\u00fcrl\u00fc\u011f\u00fc makam\u0131 personelinin ifadesini ald\u0131.<\/p>\n<p style=\"text-align: justify;\">\u0130fadesi al\u0131nanlar aras\u0131nda \u00d6zel Kalem g\u00f6revlisi \u0130lker Y\u0131ld\u0131r\u0131m ile Avc\u0131\u2019n\u0131n odas\u0131n\u0131 bo\u015faltan \u00d6zel Kalem B\u00fcro Amir Vekili Nazmi Ayhan da bulunuyor.<\/p>\n<p style=\"text-align: justify;\">Ayhan, Hanefi Avc\u0131\u2019n\u0131n g\u00f6revden ayr\u0131lmas\u0131ndan sonra oday\u0131 kendisinin bo\u015faltt\u0131\u011f\u0131n\u0131, ki\u015fisel t\u00fcm e\u015fyalar\u0131n\u0131 tutanakla kolilere koydu\u011funu ve Avc\u0131\u2019n\u0131n evine yollad\u0131\u011f\u0131n\u0131 s\u00f6yledi.<\/p>\n<p style=\"text-align: justify;\"><strong>\u2018Kolilere toplad\u0131k\u2019 <\/strong><\/p>\n<p style=\"text-align: justify;\">Ayhan ifadesinin hem ba\u015f\u0131nda hem de sonunda kasetlerin i\u00e7inden \u00e7\u0131kt\u0131\u011f\u0131 iddia edilen siyah \u00e7antan\u0131n odada olmad\u0131\u011f\u0131n\u0131 s\u00f6yledi. Ayhan\u2019\u0131n savc\u0131l\u0131k ifadesi \u015f\u00f6yle:<\/p>\n<p style=\"text-align: justify;\">\u201cE\u015fyalar\u0131 kolilere toplayarak evine g\u00f6nderdik. Bu e\u015fyalar\u0131n listesini yapt\u0131k. Bildi\u011fim kadar\u0131yla makam odas\u0131nda ve eklentisinde Hanefi M\u00fcd\u00fcr\u00fcm\u00fcze ait herhangi bir e\u015fya kalmad\u0131. Ancak bir tane elektrikli \u0131s\u0131t\u0131c\u0131y\u0131 birka\u00e7 g\u00fcn sonra evine g\u00f6nderdik. Ayr\u0131ca bir adet motosiklet k\u0131yafeti makam odas\u0131ndayd\u0131. Bu k\u0131yafetleri de makam odas\u0131nda yap\u0131lan savc\u0131l\u0131k aramas\u0131ndan sonra \u015fubesine iade ettik.<\/p>\n<p style=\"text-align: justify;\">Hanefi M\u00fcd\u00fcr\u00fcm\u00fcz 31.08.2010 tarihinde resmi olarak g\u00f6revinden ayr\u0131ld\u0131ktan sonra yakla\u015f\u0131k 1 hafta s\u00fcreyle ara s\u0131ra veda ziyaretleri amac\u0131yla makam odas\u0131na geldi. Hanefi M\u00fcd\u00fcr tamamen Eski\u015fehir il merkezinden ayr\u0131ld\u0131ktan sonra biz yine g\u00f6revimize devam ettik. Ben de sekreter han\u0131mla ayn\u0131 odada oturuyorum. Cumhuriyet Ba\u015fsavc\u0131l\u0131\u011f\u0131 taraf\u0131ndan makam odas\u0131nda yap\u0131lan aramaya kadar mesai saatleri i\u00e7inde makam odas\u0131n\u0131 kullanan olmad\u0131.<\/p>\n<p style=\"text-align: justify;\"><strong>\u2018Habersiz giri\u015f m\u00fcmk\u00fcn de\u011fil\u2019 <\/strong><\/p>\n<p style=\"text-align: justify;\">Ayr\u0131ca makam odas\u0131na bizden habersiz giri\u015f \u00e7\u0131k\u0131\u015f da m\u00fcmk\u00fcn de\u011fildir. Makam odas\u0131n\u0131n iki giri\u015f \u00e7\u0131k\u0131\u015f\u0131 bulunmaktad\u0131r. Bu kap\u0131lar\u0131n da d\u00f6rt anahtar\u0131 vard\u0131r. Bu anahtarlardan birer adedi benim \u00e7ekmecemde durmaktad\u0131r. Ben ve sekreter han\u0131m oday\u0131 terk etti\u011fimizde kap\u0131y\u0131 kilitleyerek binay\u0131 terk ederiz. Makam odas\u0131n\u0131n anahtarlar\u0131ndan biri makam odas\u0131nda bulunmaktad\u0131r. M\u00fcd\u00fcr bey Eski\u015fehir\u2019den ayr\u0131ld\u0131ktan sonra anahtarlar yine ayn\u0131 ki\u015filerde muhafaza edilmi\u015ftir.<\/p>\n<p style=\"text-align: justify;\">Ben savc\u0131l\u0131k aramas\u0131 ba\u015flad\u0131ktan 10 dakika sonra g\u00f6revime geldim. Sekreter odas\u0131nda arama yap\u0131l\u0131yordu. Savc\u0131m\u0131z\u0131n izin vermesi \u00fczerine ben de arama yap\u0131lan masam\u0131n ba\u015f\u0131nda bulundum. Arama s\u0131ras\u0131nda m\u00fcd\u00fcr beyin makam odas\u0131nda ve eklentilerinde bulunan kaset ve<\/p>\n<p style=\"text-align: justify;\">CD\u2019ler bana paraf ettirildi. Ben m\u00fcd\u00fcr beyin dinlenme odas\u0131nda gard\u0131robun \u00fczerinde siyah bir \u00e7anta g\u00f6rmedim. M\u00fcd\u00fcr beyin odas\u0131ndaki e\u015fyalar\u0131 toplarken g\u00f6rd\u00fc\u011f\u00fcm\u00fcz her e\u015fyay\u0131 m\u00fcd\u00fcr beye ait olup olmad\u0131\u011f\u0131n\u0131 sorduk. Gard\u0131robun \u00fczerinde b\u00f6yle bir \u00e7anta olsayd\u0131 (kasetlerin i\u00e7inde oldu\u011fu iddia edilen \u00e7anta) m\u00fcd\u00fcr beye sormam\u0131z gerekirdi.<\/p>\n<p style=\"text-align: justify;\"><strong>\u2018Siyah \u00e7anta \u015fu anda burada\u2019 <\/strong><\/p>\n<p style=\"text-align: justify;\">Savc\u0131l\u0131k aramas\u0131 tamamland\u0131ktan sonra bana kasetleri paraf ettirirken ben bu kasetlerin nereden \u00e7\u0131kt\u0131\u011f\u0131n\u0131 g\u00f6revlilere sordum. G\u00f6revlilerden bir tanesi dinlenme odas\u0131nda gard\u0131robun \u00fczerinde bulunan siyah \u00e7anta i\u00e7inden \u00e7\u0131kt\u0131\u011f\u0131n\u0131 s\u00f6yledi. Hatta ben kasalar\u0131 a\u00e7mak i\u00e7in makam oradas\u0131na girdi\u011fimde kasetlerin \u00e7\u0131kt\u0131\u011f\u0131 s\u00f6ylenen siyah \u00e7antay\u0131 arama yapan ekibin inceledi\u011fini g\u00f6rd\u00fcm. O siyah \u00e7anta \u015fu anda makam odas\u0131nda, \u00e7antay\u0131 size teslim edebilirim.<\/p>\n<p style=\"text-align: justify;\">Biz kolileme yaparken makam odas\u0131nda m\u00fcd\u00fcr beye ait olmayan ve ba\u015fka vesilelerle m\u00fcd\u00fcr beye g\u00f6nderilen CD\u2019leri g\u00f6rd\u00fck. (Hanefi Avc\u0131\u2019n\u0131n saklad\u0131\u011f\u0131 \u00f6ne s\u00fcr\u00fclen ses kay\u0131tlar\u0131 CD\u2019lerde de\u011fil mini teyp kasetlerindeydi.) O CD\u2019leri m\u00fcd\u00fcr beye ait olmad\u0131\u011f\u0131ndan dolay\u0131 kolilere koymad\u0131k.\u201d (Nedim \u015eener &#8211; Milliyet)<\/p>\n<p style=\"text-align: justify;\"><a href=\"http:\/\/haber.gazetevatan.com\/odada-siyah-canta-yoktu\/338254\/1\/Gundem\" target=\"_blank\"><span style=\"color: #888888;\">Kaynak : VATAN<\/span><\/a><\/p>\n","protected":false},"excerpt":{"rendered":"<p style=\"text-align: center;\">\n<p style=\"text-align: justify;\">Hanefi Avc\u0131\u2019n\u0131n Eski\u015fehir\u2019deki makam\u0131n\u0131 bo\u015faltan \u00d6zel Kalem B\u00fcro Amir Vekili Nazmi Ayhan, oday\u0131 tutanakla bo\u015faltt\u0131\u011f\u0131n\u0131, polisin kasetleri i\u00e7inde buldu\u011fu siyah \u00e7antan\u0131n odada olmad\u0131\u011f\u0131n\u0131 s\u00f6yledi. Ayhan, siyah \u00e7antan\u0131n dinlenme odas\u0131ndaki gard\u0131robun \u00fczerinde bulunmas\u0131yla ilgili olarak da, \u201cBo\u015faltt\u0131ktan sonra gard\u0131robu kontrol ettim, \u00fczerinde olsa dikkatimi \u00e7ekerdi\u201d dedi.<\/p>\n","protected":false},"author":1,"featured_media":0,"comment_status":"open","ping_status":"closed","sticky":false,"template":"","format":"standard","meta":{"footnotes":""},"categories":[105],"tags":[],"class_list":["post-26894","post","type-post","status-publish","format-standard","hentry","category-gundem","odd"],"_links":{"self":[{"href":"http:\/\/www.korhanyilmaz.com\/index.php?rest_route=\/wp\/v2\/posts\/26894","targetHints":{"allow":["GET"]}}],"collection":[{"href":"http:\/\/www.korhanyilmaz.com\/index.php?rest_route=\/wp\/v2\/posts"}],"about":[{"href":"http:\/\/www.korhanyilmaz.com\/index.php?rest_route=\/wp\/v2\/types\/post"}],"author":[{"embeddable":true,"href":"http:\/\/www.korhanyilmaz.com\/index.php?rest_route=\/wp\/v2\/users\/1"}],"replies":[{"embeddable":true,"href":"http:\/\/www.korhanyilmaz.com\/index.php?rest_route=%2Fwp%2Fv2%2Fcomments&post=26894"}],"version-history":[{"count":0,"href":"http:\/\/www.korhanyilmaz.com\/index.php?rest_route=\/wp\/v2\/posts\/26894\/revisions"}],"wp:attachment":[{"href":"http:\/\/www.korhanyilmaz.com\/index.php?rest_route=%2Fwp%2Fv2%2Fmedia&parent=26894"}],"wp:term":[{"taxonomy":"category","embeddable":true,"href":"http:\/\/www.korhanyilmaz.com\/index.php?rest_route=%2Fwp%2Fv2%2Fcategories&post=26894"},{"taxonomy":"post_tag","embeddable":true,"href":"http:\/\/www.korhanyilmaz.com\/index.php?rest_route=%2Fwp%2Fv2%2Ftags&post=26894"}],"curies":[{"name":"wp","href":"https:\/\/api.w.org\/{rel}","templated":true}]}}