{"id":26890,"date":"2010-11-03T05:24:40","date_gmt":"2010-11-03T03:24:40","guid":{"rendered":"http:\/\/www.korhanyilmaz.com\/?p=26890"},"modified":"2010-11-03T05:24:40","modified_gmt":"2010-11-03T03:24:40","slug":"5-3-korkuttu","status":"publish","type":"post","link":"http:\/\/www.korhanyilmaz.com\/?p=26890","title":{"rendered":"5.3 korkuttu!"},"content":{"rendered":"<p style=\"text-align: center;\"><a href=\"http:\/\/www.korhanyilmaz.com\/wp-content\/uploads\/2010\/11\/117.jpeg\"  class=\"lightview\"><img loading=\"lazy\" decoding=\"async\" class=\"aligncenter size-full wp-image-26891\" src=\"http:\/\/www.korhanyilmaz.com\/wp-content\/uploads\/2010\/11\/117.jpeg\" alt=\"\" width=\"378\" height=\"241\" \/><\/a><\/p>\n<p style=\"text-align: justify;\">EGE Denizi&#8217;nde merkez \u00fcss\u00fc Saroz K\u00f6rfezi olan Righter \u00f6l\u00e7e\u011fine g\u00f6re 5.3 b\u00fcy\u00fckl\u00fc\u011f\u00fcnde deprem meydana geldi. \u00c7anakkale&#8217;nin yan\u0131 s\u0131ra \u0130stanbul ve \u00e7evre illerde de hissedilen depremde, ilk belirlemelere g\u00f6re can ve mal kayb\u0131 ya\u015fanmad\u0131. <!--more--><\/p>\n<p style=\"text-align: justify;\">Bo\u011fazi\u00e7i \u00dcniversitesi Kandilli Rasathanesi ve Deprem Ara\u015ft\u0131rma Enstit\u00fcs\u00fc&#8217;n\u00fcn merkez \u00fcss\u00fcn\u00fc Saroz K\u00f6rfezi olarak saptad\u0131\u011f\u0131 5.3 b\u00fcy\u00fckl\u00fc\u011f\u00fcndeki deprem, saat 04.51&#8217;de meydana gedi. Deprem, ba\u015fta \u00c7anakkale olmak \u00fczere \u0130stanbul, Bal\u0131kesir, Edirne ve Tekirda\u011f&#8217;da da hissedildi.<\/p>\n<p style=\"text-align: justify;\">\u00c7anakkale&#8217;de, sars\u0131nt\u0131yla birlikte yataklar\u0131ndan f\u0131rlayan baz\u0131 vatanda\u015flar, panik i\u00e7erisinde d\u0131\u015far\u0131ya \u00e7\u0131kt\u0131. Depremde ilk belirlemelere g\u00f6re can ve mal kayb\u0131 olmad\u0131\u011f\u0131 bildirilirken, bir s\u00fcre sokakta bekleyen vatanda\u015flar, yeniden evlerine d\u00f6nd\u00fc.<\/p>\n<p style=\"text-align: justify;\"><a href=\"http:\/\/www.milliyet.com.tr\/5-3-korkuttu-\/turkiye\/sondakika\/03.11.2010\/1309540\/default.htm\" target=\"_blank\"><span style=\"color: #888888;\">Kaynak : Milliyet<\/span><\/a><\/p>\n","protected":false},"excerpt":{"rendered":"<p style=\"text-align: center;\">\n<p style=\"text-align: justify;\">EGE Denizi&#8217;nde merkez \u00fcss\u00fc Saroz K\u00f6rfezi olan Righter \u00f6l\u00e7e\u011fine g\u00f6re 5.3 b\u00fcy\u00fckl\u00fc\u011f\u00fcnde deprem meydana geldi. \u00c7anakkale&#8217;nin yan\u0131 s\u0131ra \u0130stanbul ve \u00e7evre illerde de hissedilen depremde, ilk belirlemelere g\u00f6re can ve mal kayb\u0131 ya\u015fanmad\u0131. <\/p>\n","protected":false},"author":1,"featured_media":0,"comment_status":"open","ping_status":"closed","sticky":false,"template":"","format":"standard","meta":{"footnotes":""},"categories":[105],"tags":[],"class_list":["post-26890","post","type-post","status-publish","format-standard","hentry","category-gundem","odd"],"_links":{"self":[{"href":"http:\/\/www.korhanyilmaz.com\/index.php?rest_route=\/wp\/v2\/posts\/26890","targetHints":{"allow":["GET"]}}],"collection":[{"href":"http:\/\/www.korhanyilmaz.com\/index.php?rest_route=\/wp\/v2\/posts"}],"about":[{"href":"http:\/\/www.korhanyilmaz.com\/index.php?rest_route=\/wp\/v2\/types\/post"}],"author":[{"embeddable":true,"href":"http:\/\/www.korhanyilmaz.com\/index.php?rest_route=\/wp\/v2\/users\/1"}],"replies":[{"embeddable":true,"href":"http:\/\/www.korhanyilmaz.com\/index.php?rest_route=%2Fwp%2Fv2%2Fcomments&post=26890"}],"version-history":[{"count":0,"href":"http:\/\/www.korhanyilmaz.com\/index.php?rest_route=\/wp\/v2\/posts\/26890\/revisions"}],"wp:attachment":[{"href":"http:\/\/www.korhanyilmaz.com\/index.php?rest_route=%2Fwp%2Fv2%2Fmedia&parent=26890"}],"wp:term":[{"taxonomy":"category","embeddable":true,"href":"http:\/\/www.korhanyilmaz.com\/index.php?rest_route=%2Fwp%2Fv2%2Fcategories&post=26890"},{"taxonomy":"post_tag","embeddable":true,"href":"http:\/\/www.korhanyilmaz.com\/index.php?rest_route=%2Fwp%2Fv2%2Ftags&post=26890"}],"curies":[{"name":"wp","href":"https:\/\/api.w.org\/{rel}","templated":true}]}}