{"id":26884,"date":"2010-10-31T19:10:24","date_gmt":"2010-10-31T17:10:24","guid":{"rendered":"http:\/\/www.korhanyilmaz.com\/?p=26884"},"modified":"2010-10-31T19:10:24","modified_gmt":"2010-10-31T17:10:24","slug":"tablo-her-yonuyle-utanc-ve-endise-vericidir","status":"publish","type":"post","link":"http:\/\/www.korhanyilmaz.com\/?p=26884","title":{"rendered":"&#8216;Tablo her y\u00f6n\u00fcyle utan\u00e7 ve endi\u015fe vericidir&#8217;"},"content":{"rendered":"<p style=\"text-align: center;\"><a href=\"http:\/\/www.korhanyilmaz.com\/wp-content\/uploads\/2010\/11\/115.jpg\"  class=\"lightview\"><img loading=\"lazy\" decoding=\"async\" class=\"aligncenter size-full wp-image-26885\" src=\"http:\/\/www.korhanyilmaz.com\/wp-content\/uploads\/2010\/11\/115.jpg\" alt=\"\" width=\"322\" height=\"241\" \/><\/a><\/p>\n<p style=\"text-align: justify;\">MHP Genel Ba\u015fkan\u0131 Devlet Bah\u00e7eli, AKP&#8217;nin milletten ald\u0131\u011f\u0131 deste\u011fi bar\u0131\u015f, karde\u015flik, huzur, kalk\u0131nma ve refah\u0131n tesisi i\u00e7in kullanmad\u0131\u011f\u0131n\u0131 ileri s\u00fcrerek, &#8221;AKP iktidar\u0131n\u0131n, T\u00fcrkiye&#8217;yi sekiz y\u0131l\u0131n sonunda i\u00e7ine soktu\u011fu tablo her y\u00f6n\u00fcyle utan\u00e7 ve endi\u015fe vericidir&#8221; dedi.<!--more--><\/p>\n<p style=\"text-align: justify;\">Ankara-MHP Genel Ba\u015fkan\u0131 Devlet Bah\u00e7eli, partisince Atat\u00fcrk Spor Salonu&#8217;nda d\u00fczenlenen &#8221;Millet ve Devlet Bekas\u0131 \u0130\u00e7in G\u00fc\u00e7 Birli\u011fi Toplant\u0131s\u0131&#8221;nda yapt\u0131\u011f\u0131 konu\u015fmada \u00fclk\u00fcc\u00fc camiaya g\u00f6n\u00fcl verenlere yo\u011fun kat\u0131l\u0131mlar\u0131 i\u00e7in te\u015fekk\u00fcr etti. &#8221;Bozkurt&#8217;un bir kez daha ba\u015f\u0131n\u0131 kald\u0131rd\u0131\u011f\u0131n\u0131 ve \u00fc\u00e7 hilalin iktidara talip oldu\u011funu hayk\u0131rd\u0131\u011f\u0131n\u0131&#8221; ifade eden Bah\u00e7eli, buradan \u00e7\u0131kan g\u00fcr sesin T\u00fcrk milletinin \u00f6zlemlerine terc\u00fcman oldu\u011funu bildirdi. Bah\u00e7eli, &#8221;Hep birlikte &#8216;Ne Mutlu T\u00fcrk\u00fcm&#8217; diyece\u011fiz. &#8216;\u015eehitler \u00d6lmez Vatan B\u00f6l\u00fcnmez&#8217; nidalar\u0131yla cihana seslenece\u011fiz. T\u00fcrk milleti birdir, devleti tektir, dili T\u00fcrk\u00e7edir, ba\u015fkenti Ankara&#8217;d\u0131r kabul ve inanc\u0131yla durmaks\u0131z\u0131n tam yol ilerleyece\u011fiz&#8221; diye konu\u015ftu.<\/p>\n<p style=\"text-align: justify;\">\u00dclk\u00fcc\u00fclerin y\u0131lmad\u0131\u011f\u0131n\u0131, yorulmad\u0131\u011f\u0131n\u0131 ve yenilmedi\u011fini s\u00f6yleyen Bah\u00e7eli, bunun aksini d\u00fc\u015f\u00fcnenlerden salondaki co\u015fkulu toplulu\u011fu g\u00f6rmelerini istedi. Milletin ve devletin bekas\u0131 i\u00e7in g\u00fc\u00e7 birli\u011fi yapma zaman\u0131n\u0131n geldi\u011fini ifade eden Bah\u00e7eli, yalanla ger\u00e7e\u011fin i\u00e7 i\u00e7e ge\u00e7ti\u011fi, iyi ile k\u00f6t\u00fcn\u00fcn birbirine kar\u0131\u015ft\u0131\u011f\u0131 u\u011fursuz bir d\u00f6nemden ge\u00e7ildi\u011fini savundu. Ahlak, fazilet ve vatan m\u00fccadelesinde hi\u00e7 kimsenin boy \u00f6l\u00e7\u00fc\u015fmeye dahi c\u00fcret edemeyece\u011fi \u00fclk\u00fcc\u00fc hareketin, sald\u0131r\u0131lar\u0131n oda\u011f\u0131nda oldu\u011funu \u00f6ne s\u00fcren Bah\u00e7eli, \u015f\u00f6yle devam etti: &#8221;Milliyet\u00e7i hareketle, d\u00fcnden kalan hesaplar\u0131n\u0131 kapatmak i\u00e7in a\u015fa\u011f\u0131l\u0131k y\u00f6ntemlere ba\u015fvuranlar ayn\u0131 batakl\u0131kta toplanm\u0131\u015flar ve emel birli\u011fi i\u00e7ine girmi\u015flerdir. Hakk&#8217;a hizmet yolunda serden ge\u00e7enlerin, millete candan ba\u011flananlar\u0131n ve cihan hakimiyetine g\u00f6n\u00fcl verenlerin son kalesi y\u0131k\u0131lmak istenmektedir. Biz bunlar\u0131n benzerlerine daha \u00f6nce de \u015fahit olduk. Birileri top oynarken \u00fclk\u00fcc\u00fcler \u00f6l\u00fcmle s\u0131nand\u0131lar. K\u00f6r kur\u015funlar\u0131n hedefi oldular. Binlerce \u00fclk\u00fc abidesi vatan, millet ve iman u\u011fruna can\u0131ndan oldu.&#8221;<\/p>\n<p style=\"text-align: justify;\">&#8221;\u00dclk\u00fcc\u00fc hareket&#8221; i\u00e7in m\u00fccadele ederken hayatlar\u0131n\u0131 kaybedenlerin isimlerini sayan Bah\u00e7eli, &#8221;T\u00fcm \u015fehitlerimiz T\u00fcrkiye&#8217;nin kutlu tarihine kurt bak\u0131\u015flar\u0131 ile ge\u00e7tiler. \u015eimdi hepsi vatan topraklar\u0131na emanet. Mekanlar\u0131 cennet, ruhlar\u0131 \u015fad olsun&#8221; dedi.<\/p>\n<p style=\"text-align: justify;\"><strong>&#8216;CHP, AK Parti&#8217;nin yan\u0131nda yer ald\u0131&#8217;<\/strong><\/p>\n<p style=\"text-align: justify;\">T\u00fcrkiye Cumhuriyeti&#8217;nin kuruldu\u011fundan bug\u00fcne kadar hi\u00e7 bu kadar karanl\u0131k ve tehlikelerle dolu bir d\u00f6nemden ge\u00e7medi\u011fini iddia eden Bah\u00e7eli, &#8221;Gelece\u011fimizi imha etmeye kararl\u0131 olan odaklar AKP ile ayn\u0131 tarafta bulu\u015fmu\u015flard\u0131r&#8221; diye konu\u015ftu. &#8221;AKP iktidar\u0131n\u0131n, T\u00fcrkiye&#8217;yi sekiz y\u0131l\u0131n sonunda i\u00e7ine soktu\u011fu tablo her y\u00f6n\u00fcyle utan\u00e7 ve endi\u015fe vericidir&#8221; diyen Bah\u00e7eli, AK Parti&#8217;nin milletten ald\u0131\u011f\u0131 deste\u011fi bar\u0131\u015f, karde\u015flik, huzur, kalk\u0131nma ve refah\u0131n tesisi i\u00e7in kullanmad\u0131\u011f\u0131n\u0131, toplumun t\u00fcm kesimlerinin b\u00fcy\u00fck s\u0131k\u0131nt\u0131 i\u00e7inde oldu\u011funu \u00f6ne s\u00fcrd\u00fc. &#8221;Her taraf\u0131 saran \u00e7\u00fcr\u00fcm\u00fc\u015fl\u00fck, \u00e7\u00f6k\u00fcnt\u00fc, \u00e7\u00f6z\u00fclme ve \u00e7\u00f6k\u00fc\u015f hali, Recep Tayyip Erdo\u011fan&#8217;\u0131n ba\u015fbakanl\u0131\u011f\u0131nda zincirlerinden bo\u015fanm\u0131\u015ft\u0131r&#8221; diyen Bah\u00e7eli, &#8221;Ba\u015fbakan Erdo\u011fan ve yol arkada\u015flar\u0131, yolsuzluk ve h\u0131rs\u0131zl\u0131k yapanlar\u0131n hamili\u011fini ve b\u00f6l\u00fcc\u00fclerin k\u0131lavuzlu\u011funu yapmaktan asla utanmam\u0131\u015flard\u0131r&#8221; diye konu\u015ftu.<\/p>\n<p style=\"text-align: justify;\">Bah\u00e7eli, AKP&#8217;nin yanl\u0131\u015f politikalar\u0131na son zamanlarda anamuhalefet partisi CHP&#8217;nin kat\u0131l\u0131p AKP&#8217;nin yan\u0131nda yer ve pozisyon ald\u0131\u011f\u0131n\u0131 da \u00f6ne s\u00fcrd\u00fc. &#8221;Ter\u00f6rle m\u00fccadele ve cesaret kazanan etnik tahrikler, AKP&#8217;nin en karanl\u0131k taraf\u0131 olmu\u015ftur&#8221; diyen MHP lideri, s\u00f6zlerini s\u00fcrd\u00fcrd\u00fc: &#8221;Sekiz y\u0131l i\u00e7inde, ter\u00f6r s\u0131f\u0131r noktas\u0131ndan h\u0131zla t\u0131rmanm\u0131\u015f ve hain eylemleriyle \u00f6l\u00fcm sa\u00e7m\u0131\u015ft\u0131r. &#8216;Analar a\u011flamas\u0131n&#8217; slogan\u0131, da\u011fdaki caniyi g\u00f6zetirken, Mehmet\u00e7i\u011fi hi\u00e7 umursamam\u0131\u015ft\u0131r. Analar AKP ile daha \u00e7ok a\u011flam\u0131\u015f, a\u011f\u0131tlar daha \u00e7ok yak\u0131lm\u0131\u015f; gelinler, bac\u0131lar, evlatlar, babalar feryat etmi\u015ftir. Bayra\u011fa sar\u0131l\u0131 \u015fehitler vatan topraklar\u0131na &#8216;A\u00e7\u0131l\u0131m&#8217; denilen rezaletin g\u00f6lgesinde verilmi\u015ftir. Her oca\u011fa bir ate\u015f d\u00fc\u015fm\u00fc\u015ft\u00fcr. Ancak Ba\u015fbakan Erdo\u011fan i\u00e7in ter\u00f6r bir provokasyondur. Sekiz y\u0131ll\u0131k icraatlar\u0131na bir tepkidir. AKP&#8217;nin hizmetlerini \u00e7ekemeyenlerin tertibidir. Bu kafa yap\u0131s\u0131n\u0131n ter\u00f6re bak\u0131\u015f\u0131 i\u015fte budur. Milletimiz kan a\u011flam\u0131\u015f, ama Ba\u015fbakan hala meseleyi tam olarak kavrayamam\u0131\u015ft\u0131r. Referandum \u00f6ncesinde, AKP&#8217;nin \u0130mral\u0131 canisiyle ve ter\u00f6r \u015febekesiyle pazarl\u0131k yapt\u0131\u011f\u0131n\u0131 s\u00f6yledi\u011fimizde Ba\u015fbakan kendini kaybetmi\u015fti. A\u011fz\u0131ndan hakaretler d\u00f6k\u00fclm\u00fc\u015f ve bizim bu iddiam\u0131z\u0131 \u015ferefsizlikle su\u00e7lam\u0131\u015ft\u0131. Art\u0131k canilerle yap\u0131lan pazarl\u0131klar\u0131n b\u00fct\u00fcn y\u00f6nleri kamuoyunda if\u015fa ediliyor. Kandil&#8217;deki b\u00f6l\u00fcc\u00fc eleba\u015flar\u0131n\u0131n kirli beyanatlar\u0131 gazetelerde \u00e7ar\u015faf \u00e7ar\u015faf yer buluyor. H\u00fck\u00fcmetin PKK ile m\u00fczakere ve m\u00fctareke aray\u0131\u015f ve \u00e7abalar\u0131 t\u00fcm \u00e7irkinli\u011fiyle ortaya \u00e7\u0131k\u0131yor. Ba\u015fbakan Erdo\u011fan binlerce y\u0131ll\u0131k T\u00fcrk devlet gelene\u011fini, kendisinin yeti\u015fti\u011fi kabile anlay\u0131\u015f\u0131yla bir g\u00f6r\u00fcyor. Co\u011frafyalar\u0131 kuma\u015f gibi kesen T\u00fcrk milletini ve devletini \u00e7apulcularla ayn\u0131 seviyeye indiriyor. Peki, bizim iddiam\u0131z\u0131 &#8216;\u015ferefsizlikle&#8217; su\u00e7layarak reddeden Ba\u015fbakan, bundan sonra \u015fereften nas\u0131l bahsedecektir? Siyasi namus ve haysiyeti a\u011fz\u0131na nas\u0131l alacakt\u0131r? PKK ile g\u00f6r\u00fc\u015fmek, mutabakat aray\u0131\u015flar\u0131nda bulunmak, ter\u00f6ristlere af i\u00e7in zemin haz\u0131rlamak ve Avrupal\u0131 dostlar\u0131n\u0131n, \u0130mral\u0131 canisinin siyasete girmesini tavsiye etmelerine sessiz kalmak \u015ferefli bir duru\u015f mudur?&#8221;<\/p>\n<p style=\"text-align: justify;\"><strong>&#8216;Milletin tahamm\u00fcl etmesi m\u00fcmk\u00fcn de\u011fildir&#8217; <\/strong><\/p>\n<p style=\"text-align: justify;\">H\u00fck\u00fcmetin T\u00fcrkiye&#8217;nin ayr\u0131\u015fma modellerinin siyasi mihmandarl\u0131\u011f\u0131n\u0131 yapt\u0131\u011f\u0131n\u0131 ileri s\u00fcren Bah\u00e7eli, T\u00fcrk milletinin buna daha fazla tahamm\u00fcl etmesinin m\u00fcmk\u00fcn olmad\u0131\u011f\u0131n\u0131 s\u00f6yledi. Bah\u00e7eli, &#8221;PKK&#8217;n\u0131n taleplerini 2011 se\u00e7imlerinden sonra yeni ve kapsaml\u0131 bir Anayasa de\u011fi\u015fiklikleriyle yerine getirme s\u00f6z\u00fc ve \u00fcmidi veren de bu h\u00fck\u00fcmettir. Kendi gelece\u011fini kurtarmak i\u00e7in T\u00fcrkiye&#8217;yi ate\u015fe atmaya haz\u0131rlanan Ba\u015fbakan, bu h\u00fck\u00fcmetin ba\u015fkan\u0131d\u0131r. Bedeli ne olursa olsun s\u00fcrd\u00fcrmekte kararl\u0131 olduklar\u0131 y\u0131k\u0131m projesinin ihale sahibi okyanus \u00f6tesidir. Destek\u00e7ileri, a\u011fabeyleri pe\u015fmerge reisidir. Yard\u0131mc\u0131lar\u0131 ve rol payla\u015f\u0131m\u0131 i\u00e7inde olduklar\u0131 Kandil fitnesidir, \u0130mral\u0131 canavar\u0131d\u0131r&#8221; diye konu\u015ftu.<\/p>\n<p style=\"text-align: justify;\">Bah\u00e7eli, \u00fclk\u00fcc\u00fclerin yanl\u0131\u015flar kar\u015f\u0131s\u0131nda tav\u0131r g\u00f6sterdi\u011fini, duru\u015f sergiledi\u011fini ve dimdik ayakta oldu\u011funu belirtti. AKP&#8217;nin k\u00fcresel projeleri sahiplenirken kendilerinin ise gerekirse Anadolu&#8217;yu yeniden fetih i\u00e7in yollara d\u00fc\u015feceklerini ortaya koyduklar\u0131n\u0131 bildiren Bah\u00e7eli, &#8221;Art\u0131k AKP ile ge\u00e7en her g\u00fcn, ta\u015f\u0131namayacak bir vebal haline gelmi\u015ftir. Ba\u015fbakan Erdo\u011fan ile kaybedilecek her g\u00fcn, milletimizi sonu belirsiz ve tehlikelerle dolu bir mecraya s\u00fcr\u00fckleyecektir. AKP demek, teslimiyet demektir. AKP demek, T\u00fcrk&#8217;\u00fcn daha \u00e7ok a\u011flamas\u0131 demektir&#8221; diye konu\u015ftu. 12 Eyl\u00fcl&#8217;de yap\u0131lan Anayasa de\u011fi\u015fikli\u011finin ve ard\u0131ndan ya\u015fananlar\u0131n AKP&#8217;nin gizli g\u00fcndemi oldu\u011funu ortaya koydu\u011funu \u00f6ne s\u00fcren Bah\u00e7eli, MHP&#8217;nin referandum \u00f6ncesi yapt\u0131\u011f\u0131 uyar\u0131larda hakl\u0131 \u00e7\u0131kt\u0131\u011f\u0131n\u0131 da iddia etti. Bah\u00e7eli, &#8221;Geli\u015fmeler, Ba\u015fbakan&#8217;\u0131n amac\u0131n\u0131n \u00fcst\u00fcnlerin hukukuna son vermek de\u011fil, AKP hukukunun \u00fcst\u00fcnl\u00fc\u011f\u00fcn\u00fc tescil etmek oldu\u011funu g\u00f6stermi\u015ftir. Maske d\u00fc\u015fm\u00fc\u015f ve h\u00fck\u00fcmetin art niyetli surat\u0131 art\u0131k de\u015fifre olmu\u015ftur&#8221; dedi.<\/p>\n<p style=\"text-align: justify;\">Referandum \u00f6ncesinde Erdo\u011fan&#8217;\u0131n 12 Eyl\u00fcl ma\u011fdurlar\u0131n\u0131n hat\u0131rlatarak &#8221;Timsah g\u00f6zya\u015flar\u0131 d\u00f6kt\u00fc\u011f\u00fcn\u00fc&#8221; iddia eden Bah\u00e7eli, Ba\u015fbakan Erdo\u011fan&#8217;\u0131n \u00fclk\u00fcc\u00fclerin o d\u00f6nem ya\u015fad\u0131klar\u0131 ac\u0131lar\u0131 bilmesinin m\u00fcmk\u00fcn olmad\u0131\u011f\u0131n\u0131 savundu. &#8221;12 Eyl\u00fcl&#8217;\u00fcn ac\u0131lar\u0131n\u0131 ya\u015famam\u0131\u015f, hi\u00e7bir s\u0131k\u0131nt\u0131 \u00e7ekmemi\u015f, sadece ye\u015fil sahalarda top ko\u015fturmu\u015f olan Ba\u015fbakan Erdo\u011fan, elini dava \u015fehitlerimizden ve \u00fclk\u00fcda\u015flar\u0131m\u0131zdan \u00e7ekmelidir&#8221; diyen Bah\u00e7eli, \u00fclk\u00fcc\u00fclerin AKP&#8217;nin politikas\u0131n\u0131n vas\u0131tas\u0131 olmayaca\u011f\u0131n\u0131 s\u00f6yledi.<\/p>\n<p style=\"text-align: justify;\"><strong>&#8216;Hedef tek ba\u015f\u0131na iktidar&#8217; <\/strong><\/p>\n<p style=\"text-align: justify;\">12 Eyl\u00fcl referandumunun sonu\u00e7lar\u0131 a\u00e7\u0131kland\u0131\u011f\u0131nda MHP&#8217;ye y\u00f6nelik bir tasfiye kampanyas\u0131n\u0131n ba\u015flat\u0131ld\u0131\u011f\u0131n\u0131 \u00f6ne s\u00fcren Bah\u00e7eli, bu kampanyan\u0131n partilerini hedef alan y\u0131pratma ve istismar stratejisinin bir devam\u0131 oldu\u011funu, ancak asla ba\u015far\u0131ya ula\u015famayaca\u011f\u0131n\u0131 ifade etti. Konu\u015fmas\u0131nda partililerden gelecek y\u0131l yap\u0131lacak genel se\u00e7imlere en iyi \u015fekilde haz\u0131rlanmalar\u0131n\u0131 isteyen Bah\u00e7eli, hedeflerinin MHP&#8217;nin tek ba\u015f\u0131na iktidar\u0131 oldu\u011funu vurgulad\u0131.<\/p>\n<p style=\"text-align: justify;\">MHP&#8217;nin T\u00fcrkiye&#8217;nin t\u00fcm sorunlar\u0131n\u0131 bildi\u011fini ve bu sorunlara y\u00f6nelik \u00e7\u00f6z\u00fcmlerinin haz\u0131r oldu\u011funu da belirten Bah\u00e7eli, iktidara geldikleri takdirde yapacaklar\u0131 hakk\u0131nda da bilgi verdi. T\u00fcrkiye Cumhuriyeti&#8217;nin kurulu\u015funu 100. y\u0131l d\u00f6n\u00fcm\u00fc olan 2023&#8217;e kadar iki genel se\u00e7imin daha yap\u0131laca\u011f\u0131n\u0131 belirten Bah\u00e7eli, bu se\u00e7imlerden zaferle \u00e7\u0131kmay\u0131 hedeflediklerini belirtti. Bah\u00e7eli, &#8221;Hakk\u0131 olmayanlar 8 y\u0131l iktidar oluyor da hakk\u0131 tarihten gelenler neden \u00fc\u00e7 d\u00f6nem iktidar olmas\u0131n?&#8221; diye sordu.<\/p>\n<p style=\"text-align: justify;\"><strong>&#8216;Kap\u0131m\u0131z ve g\u00f6nl\u00fcm\u00fcz herkese ard\u0131na kadar a\u00e7\u0131k&#8217; <\/strong><\/p>\n<p style=\"text-align: justify;\">Vatan ve millet sevgisine sahip olan herkesin T\u00fcrkiye&#8217;nin ayd\u0131nl\u0131k gelece\u011fi i\u00e7in i\u015fbirli\u011fi yapmas\u0131 gerekti\u011fini vurgulayan Bah\u00e7eli, \u015funlar\u0131 kaydetti: &#8221;Bir kez daha, kutlu davam\u0131z\u0131n m\u00fccadele tarihinde aram\u0131zda bulunmu\u015f, eme\u011fi ve hizmeti ge\u00e7mi\u015f, ancak \u00e7e\u015fitli nedenlerle ayr\u0131 ve uzak kald\u0131\u011f\u0131m\u0131z, b\u00fct\u00fcn dava arkada\u015flar\u0131ma, T\u00fcrkiye&#8217;nin bug\u00fcn geldi\u011fi tarihi yol ayr\u0131m\u0131nda MHP&#8217;ye d\u00f6nmeleri i\u00e7in \u00e7a\u011fr\u0131da bulunmak istiyorum. Bir araya gelme g\u00fcn\u00fc bug\u00fcn de\u011filse ne zamand\u0131r? Kap\u0131m\u0131z ve g\u00f6nl\u00fcm\u00fcz herkese ard\u0131na kadar a\u00e7\u0131kt\u0131r. Vatan ve millet sevgisi ve T\u00fcrkiye&#8217;nin onurlu ve huzurlu gelece\u011fi ortak paydas\u0131nda ayn\u0131 duygular\u0131, hassasiyetleri ve endi\u015feleri payla\u015ft\u0131\u011f\u0131m\u0131z, ba\u015fka siyasi partilere oy veren, siyaset yapan veya mensup olan karde\u015flerimizi de &#8216;Millet ve devlet bekas\u0131 i\u00e7in g\u00fc\u00e7 birli\u011fine davet ediyorum. \u0130nanc\u0131m odur ki, bug\u00fcn bu salonda aya\u011fa kalkan milli ruh ve co\u015fku, Milliyet\u00e7i Hareket&#8217;in tek ba\u015f\u0131na iktidar\u0131n\u0131n habercisi ve m\u00fcjdecisidir. Buradan ta\u015facak olan heyecan, azim ve kararl\u0131l\u0131k, \u015fimdi dalga dalga Anadolu&#8217;ya yay\u0131lacakt\u0131r.&#8221; Devlet Bah\u00e7eli, konu\u015fmas\u0131n\u0131 Dede Korkut&#8217;tan ilham ald\u0131\u011f\u0131 &#8221;Hay\u0131r Duas\u0131&#8221; ile tamamlad\u0131. Bah\u00e7eli&#8217;nin konu\u015fmas\u0131 \u00f6ncesinde ise Osmaniye Belediyesi Mehteran Tak\u0131m\u0131 g\u00f6steri sundu.<\/p>\n<p style=\"text-align: justify;\"><a href=\"http:\/\/www.cumhuriyet.com.tr\/?hn=187104\" target=\"_blank\"><span style=\"color: #888888;\">Kaynak : Cumhuriyet Haber Portal\u0131<\/span><\/a><\/p>\n","protected":false},"excerpt":{"rendered":"<p style=\"text-align: center;\">\n<p style=\"text-align: justify;\">MHP Genel Ba\u015fkan\u0131 Devlet Bah\u00e7eli, AKP&#8217;nin milletten ald\u0131\u011f\u0131 deste\u011fi bar\u0131\u015f, karde\u015flik, huzur, kalk\u0131nma ve refah\u0131n tesisi i\u00e7in kullanmad\u0131\u011f\u0131n\u0131 ileri s\u00fcrerek, &#8221;AKP iktidar\u0131n\u0131n, T\u00fcrkiye&#8217;yi sekiz y\u0131l\u0131n sonunda i\u00e7ine soktu\u011fu tablo her y\u00f6n\u00fcyle utan\u00e7 ve endi\u015fe vericidir&#8221; dedi.<\/p>\n","protected":false},"author":1,"featured_media":0,"comment_status":"open","ping_status":"closed","sticky":false,"template":"","format":"standard","meta":{"footnotes":""},"categories":[105],"tags":[],"class_list":["post-26884","post","type-post","status-publish","format-standard","hentry","category-gundem","odd"],"_links":{"self":[{"href":"http:\/\/www.korhanyilmaz.com\/index.php?rest_route=\/wp\/v2\/posts\/26884","targetHints":{"allow":["GET"]}}],"collection":[{"href":"http:\/\/www.korhanyilmaz.com\/index.php?rest_route=\/wp\/v2\/posts"}],"about":[{"href":"http:\/\/www.korhanyilmaz.com\/index.php?rest_route=\/wp\/v2\/types\/post"}],"author":[{"embeddable":true,"href":"http:\/\/www.korhanyilmaz.com\/index.php?rest_route=\/wp\/v2\/users\/1"}],"replies":[{"embeddable":true,"href":"http:\/\/www.korhanyilmaz.com\/index.php?rest_route=%2Fwp%2Fv2%2Fcomments&post=26884"}],"version-history":[{"count":0,"href":"http:\/\/www.korhanyilmaz.com\/index.php?rest_route=\/wp\/v2\/posts\/26884\/revisions"}],"wp:attachment":[{"href":"http:\/\/www.korhanyilmaz.com\/index.php?rest_route=%2Fwp%2Fv2%2Fmedia&parent=26884"}],"wp:term":[{"taxonomy":"category","embeddable":true,"href":"http:\/\/www.korhanyilmaz.com\/index.php?rest_route=%2Fwp%2Fv2%2Fcategories&post=26884"},{"taxonomy":"post_tag","embeddable":true,"href":"http:\/\/www.korhanyilmaz.com\/index.php?rest_route=%2Fwp%2Fv2%2Ftags&post=26884"}],"curies":[{"name":"wp","href":"https:\/\/api.w.org\/{rel}","templated":true}]}}