{"id":26869,"date":"2010-10-31T18:18:45","date_gmt":"2010-10-31T16:18:45","guid":{"rendered":"http:\/\/www.korhanyilmaz.com\/?p=26869"},"modified":"2010-10-31T18:18:45","modified_gmt":"2010-10-31T16:18:45","slug":"taksimde-intihar-saldirisi-32-yarali","status":"publish","type":"post","link":"http:\/\/www.korhanyilmaz.com\/?p=26869","title":{"rendered":"Taksim&#8217;de intihar sald\u0131r\u0131s\u0131: 32 yaral\u0131"},"content":{"rendered":"<p style=\"text-align: center;\">\n<p style=\"text-align: center;\"><a href=\"http:\/\/www.korhanyilmaz.com\/wp-content\/uploads\/2010\/10\/1121.jpg\"  class=\"lightview\"><img loading=\"lazy\" decoding=\"async\" class=\"size-full wp-image-26870 aligncenter\" src=\"http:\/\/www.korhanyilmaz.com\/wp-content\/uploads\/2010\/10\/1121.jpg\" alt=\"\" width=\"307\" height=\"236\" \/><\/a><\/p>\n<p style=\"text-align: justify;\">\u0130stanbul Taksim Meydan\u0131&#8217;nda \u00e7evik kuvvet ekiplerinin bekledi\u011fi noktaya intihar sald\u0131r\u0131s\u0131 d\u00fczenlendi. Sald\u0131r\u0131da intihar eylemcisi \u00f6l\u00fcrken, 17&#8217;si vatanda\u015f, 15&#8217;i polis 32 ki\u015fi yaraland\u0131. 23 ki\u015fi ayakta tedavi edilerek taburcu oldu.<\/p>\n<p style=\"text-align: justify;\">Patlama sabah saat 10.30 sular\u0131nda meydana geldi. <!--more--><\/p>\n<p style=\"text-align: justify;\">Patlaman\u0131n ard\u0131ndan ilk a\u00e7\u0131klama olay yerinde incelemelerde bulunan \u0130stanbul Emniyet M\u00fcd\u00fcr\u00fc H\u00fcseyin \u00c7apk\u0131n&#8217;dan geldi.<\/p>\n<p style=\"text-align: justify;\">[flv]http:\/\/cdn.dogantv.com.tr\/cnnturk\/haber\/31.10.2010\/emniyet.flv[\/flv]<\/p>\n<p style=\"text-align: justify;\">\u00c7apk\u0131n, \u00e7evik kuvvet ekibinin bekledi\u011fi noktaya yak\u0131n yerde meydana gelen patlaman\u0131n canl\u0131 bombadan kaynakland\u0131\u011f\u0131n\u0131 belirtti; &#8220;\u015eehidimiz yok. Olay ara\u015ft\u0131r\u0131l\u0131yor. Canl\u0131 bomba, erkek. Polis arac\u0131na girmeye \u00e7al\u0131\u015fm\u0131\u015f, giremeyince polis arac\u0131n\u0131n yan\u0131nda patlatm\u0131\u015f&#8221; dedi.<\/p>\n<p style=\"text-align: justify;\">\u00c7apk\u0131n, cesedin yan\u0131nda bir bomba daha bulundu\u011funu, bu patlay\u0131c\u0131larla ilgili \u00e7al\u0131\u015fmalar\u0131n s\u00fcrd\u00fc\u011f\u00fcn\u00fc s\u00f6yledi.<\/p>\n<p style=\"text-align: justify;\">\u00c7apk\u0131n, olay\u0131 kimin yapt\u0131\u011f\u0131n\u0131n sorulmas\u0131 \u00fczerine, &#8220;\u015eu anda bir bilgimiz yok. Onlar \u015fu anda ara\u015ft\u0131r\u0131l\u0131yor. Canl\u0131 bomba. Kendisi par\u00e7alanm\u0131\u015f g\u00f6rd\u00fc\u011f\u00fcn\u00fcz gibi. Ceset erkek g\u00f6r\u00fcn\u00fcyor&#8221; kar\u015f\u0131l\u0131\u011f\u0131n\u0131 verdi.<\/p>\n<p style=\"text-align: justify;\">Patlama sonucu par\u00e7alara ayr\u0131lan sald\u0131rgan\u0131n cesedi, g\u00f6revlilerce toplanarak cenaze torbas\u0131na konuldu. Eylemcinin cesedi daha sonra Adli T\u0131p Kurumu cenaze nakil arac\u0131na konularak morga g\u00f6nderildi.<\/p>\n<p style=\"text-align: justify;\"><strong>32 ki\u015fi yaraland\u0131<\/strong><\/p>\n<p style=\"text-align: justify;\">Patlamada 32 ki\u015fi yaraland\u0131. Durumu a\u011f\u0131r oldu\u011fu belirtilen ve \u015ei\u015fli Etfal \u0130lkyard\u0131m Hastanesi&#8217;nde ameliyata al\u0131nan \u00e7evik kuvvet polisleri Halil Keskinb\u0131\u00e7ak ile Muzaffer Aslan hayati tehlikeyi atlatt\u0131.<\/p>\n<p style=\"text-align: justify;\">Yaral\u0131lardan 23&#8217;\u00fc ayakta tedavi edilerek taburcu oldu.<\/p>\n<p style=\"text-align: justify;\"><strong>Baz\u0131 yaral\u0131lar\u0131n kimlikleri <\/strong><\/p>\n<p style=\"text-align: justify;\">Yaral\u0131 32 ki\u015fiden 25&#8217;inin kimlikleri belirlendi.<\/p>\n<p style=\"text-align: justify;\">\u00c7evik Kuvvet \u015eube M\u00fcd\u00fcrl\u00fc\u011f\u00fcnde g\u00f6revli \u0130lker Avat, Erkan Serbay S\u0131\u011f\u0131rc\u0131, Mustafa Aslan, Halil Keskinb\u0131\u00e7ak, Muzaffer Aslan adl\u0131 polis memurlar\u0131n\u0131n yan\u0131 s\u0131ra trafik polisi \u0130dris Nergis ile Beyo\u011flu \u0130l\u00e7e Emniyet M\u00fcd\u00fcrl\u00fc\u011f\u00fcnde g\u00f6revli polis memurlar\u0131 Sava\u015f Ate\u015f, Mehmet K\u0131z\u0131ltop, Saim Yamanl\u0131, Emre Y\u0131ld\u0131r\u0131m, Bilal \u00c7al\u0131\u015fkan ve Ahu Sunu&#8217;nun yaraland\u0131\u011f\u0131 bildirildi.<\/p>\n<p style=\"text-align: justify;\">Patlamada yaralanan 17 vatanda\u015ftan 13&#8217;\u00fcn\u00fcn kimlikleri ise \u015f\u00f6yle:<\/p>\n<p style=\"text-align: justify;\">Nuri Y\u0131lmaz, G\u00fclden G\u00fcng\u00f6r, S\u00fcleyman Karanl\u0131k, Recep Langin, Yeter \u00dcnsal, H\u00fcseyin Sar\u0131, H\u0131d\u0131r Aydo\u011fdu, Ahmet Eftada, Ay\u015fe Eleme\u00e7, Saliha Ayg\u00f6rd\u00fc, Sami \u00d6zverel, Sami G\u00fcrsel ve Rag\u0131p Batur.<\/p>\n<p style=\"text-align: justify;\">Tedavisinin ard\u0131ndan taburcu olan Sami \u00d6zverel, gazetecilere yapt\u0131\u011f\u0131 a\u00e7\u0131klamada \u0130stiklal Caddesi&#8217;ne gitti\u011fini aniden \u015fiddetli bir ses duydu\u011funu belirtti.<\/p>\n<p style=\"text-align: justify;\">Patlaman\u0131n ard\u0131ndan yere yatt\u0131\u011f\u0131n\u0131 s\u00f6yleyen \u00d6zverel, &#8220;Ba\u015f\u0131mdan kan akmaya ba\u015flad\u0131\u011f\u0131n\u0131 g\u00f6rd\u00fcm ve aya\u011f\u0131mda bir a\u011fr\u0131 hissettim. Tabii olay\u0131n s\u0131cakl\u0131\u011f\u0131ndan dolay\u0131 ne oldu\u011funu hemen anlayamad\u0131m. Bomba sesiyle beraber insanlar\u0131n s\u0131\u00e7rad\u0131\u011f\u0131n\u0131, camlar\u0131n par\u00e7aland\u0131\u011f\u0131n\u0131 g\u00f6rd\u00fcm. Daha sonra polisler geldi ambulansla hastaneye g\u00f6t\u00fcrd\u00fcler&#8221; \u015feklinde konu\u015ftu.<\/p>\n<p style=\"text-align: center;\"><a href=\"http:\/\/www.korhanyilmaz.com\/wp-content\/uploads\/2010\/10\/1142.jpg\"  class=\"lightview\"><img loading=\"lazy\" decoding=\"async\" class=\"aligncenter size-full wp-image-26872\" src=\"http:\/\/www.korhanyilmaz.com\/wp-content\/uploads\/2010\/10\/1142.jpg\" alt=\"\" width=\"418\" height=\"306\" \/><\/a><\/p>\n<p style=\"text-align: justify;\"><strong>\u0130stanbul Emniyeti&#8217;nden a\u00e7\u0131klama <\/strong><\/p>\n<p style=\"text-align: justify;\"><span style=\"text-decoration: underline;\">Emniyet Genel M\u00fcd\u00fcr\u00fc O\u011fuz Ka\u011fan K\u00f6ksal<\/span>, Taksim&#8217;de meydana gelen patlama ile ilgili incelemelerde bulunmak \u00fczere \u0130stanbul&#8217;a geldi.<\/p>\n<p style=\"text-align: justify;\">K\u00f6ksal, \u0130stanbul Valisi H\u00fcseyin Avni Mutlu ve Emniyet M\u00fcd\u00fcr\u00fc H\u00fcseyin \u00c7apk\u0131n ile kameralar\u0131n kar\u015f\u0131s\u0131na ge\u00e7erek sald\u0131r\u0131yla ilgili bilgi verdi.<\/p>\n<p style=\"text-align: justify;\">K\u00f6ksal, &#8220;Hayati tehlikesi olan yaral\u0131 yok. Ekiplerimiz incelemelerini s\u00fcrd\u00fcr\u00fcyor. K\u0131sa s\u00fcre i\u00e7inde a\u00e7\u0131klama yap\u0131lacak&#8221; dedi.<\/p>\n<p style=\"text-align: justify;\"><span style=\"text-decoration: underline;\">\u0130stanbul Valisi H\u00fcseyin Avni Mutlu<\/span> da, &#8220;Eylemi ger\u00e7ekle\u015ftiren ter\u00f6rist \u00f6ld\u00fc. Sald\u0131r\u0131da 32 ki\u015fi yaraland\u0131. 23 yaral\u0131 ayakta tedavi edildi. Olay yerinde eylemi ger\u00e7ekle\u015ftiren ki\u015finin \u00fczerinde, el butonu d\u00fczenekli patlamam\u0131\u015f patlay\u0131c\u0131 madde ele ge\u00e7ririldi. Koordineli ve yo\u011fun bir bi\u00e7imde \u00e7al\u0131\u015fmalar s\u00fcr\u00fcyor. MOBESE kameralar\u0131 inceleniyor. Eylemde polis hedef al\u0131nd\u0131, siviller de yaraland\u0131. Bu bir insanl\u0131k su\u00e7udur ve bu su\u00e7u i\u015fleyenlerin \u00e7\u0131k\u0131\u015f yolu yanl\u0131\u015ft\u0131r. Husursuzluk yaratarak netice elde etmeleri m\u00fcmk\u00fcn de\u011fildir&#8221; dedi.<\/p>\n<p style=\"text-align: justify;\">[flv]http:\/\/cdn.dogantv.com.tr\/cnnturk\/haber\/31.10.2010\/vatan.flv[\/flv]<\/p>\n<p style=\"text-align: justify;\"><strong>Liderlerin mesajlar\u0131<\/strong><\/p>\n<p style=\"text-align: justify;\"><span style=\"text-decoration: underline;\">Cumhurba\u015fkan\u0131 Abdullah G\u00fcl<\/span>, sald\u0131r\u0131yla ilgili olarak, &#8220;Dostlu\u011fun, karde\u015fli\u011fin ve bar\u0131\u015f\u0131n yerine \u015fiddeti koyanlar, milletimizin birlik ve beraberli\u011fi, karde\u015f\u00e7e ya\u015fama iradesi kar\u015f\u0131s\u0131nda hi\u00e7bir sonuca ula\u015famayacakt\u0131r. Bu hain ve insanl\u0131k d\u0131\u015f\u0131 ter\u00f6r eylemi kar\u015f\u0131s\u0131nda siyasi g\u00f6r\u00fc\u015fleri ne olursa olsun istisnas\u0131z her kesimin sa\u011flam bir duru\u015f sergilemesi ve ter\u00f6rizmi lanetlemesi gerekir. Ayr\u0131ca kom\u015fu \u00fclkeler ve d\u00fcnyan\u0131n da ter\u00f6rle m\u00fccadelede i\u015fbirli\u011fini art\u0131rmas\u0131 elzemdir&#8221; dedi.<\/p>\n<p style=\"text-align: justify;\"><span style=\"text-decoration: underline;\">TBMM Ba\u015fkan\u0131 Mehmet Ali \u015eahin<\/span>, Taksim&#8217;de ya\u015fanan son hain sald\u0131r\u0131n\u0131n da ter\u00f6r\u00fcn as\u0131l amac\u0131n\u0131n \u00fclkemizin istikrar ve g\u00fcven ortam\u0131n\u0131 zedeleyerek milletin huzur ve bar\u0131\u015f\u0131n\u0131 bozmak oldu\u011funu bir kez daha ortaya koydu\u011funu bildirdi.<\/p>\n<p style=\"text-align: justify;\"><span style=\"text-decoration: underline;\">Ba\u015fbakan Recep Tayyip Erdo\u011fan<\/span> da Mardin&#8217;den sald\u0131r\u0131y\u0131 de\u011ferlendirdi; &#8220;T\u00fcrkiye&#8217;yi kar\u0131\u015ft\u0131rmak, huzuru, istikrar\u0131, g\u00fcvenlik ortam\u0131n\u0131 bozmak isteyenlere asla ve asla m\u00fcsamaha g\u00f6sterilemeyece\u011fini, bu sald\u0131r\u0131lar\u0131n hi\u00e7bir \u015fekilde T\u00fcrkiye&#8217;yi birlik, karde\u015flik ve kalk\u0131nma hedeflerinden al\u0131koyamayaca\u011f\u0131n\u0131 bir kez daha hat\u0131rlat\u0131yorum. Bu oyunun temelinde kalk\u0131nman\u0131n engellenmesi var. modern T\u00fcrkiye engellenmek isteniyor&#8221; dedi.<\/p>\n<p style=\"text-align: justify;\">[flv]http:\/\/cdn.dogantv.com.tr\/cnnturk\/haber\/31.10.2010\/erdogan.flv[\/flv]<\/p>\n<p style=\"text-align: justify;\"><span style=\"text-decoration: underline;\">\u0130\u00e7i\u015fleri Bakan\u0131 Be\u015fir Atalay<\/span>, &#8220;Yaral\u0131lar\u0131n durumu genelde iyi. \u0130ki polisimiz ameliyatta. Genel olarak ald\u0131\u011f\u0131m\u0131z bilgi in\u015fallah can kayb\u0131 olmayacak o y\u00f6nde, umudumuz da o&#8221; dedi.<\/p>\n<p style=\"text-align: justify;\"><span style=\"text-decoration: underline;\">CHP Genel Ba\u015fkan\u0131 Kemal K\u0131l\u0131\u00e7daro\u011flu<\/span>, &#8220;Ter\u00f6rle m\u00fccadele zafiyet kabul etmeyen ve kararl\u0131l\u0131kla s\u00fcrd\u00fcr\u00fclmesi gereken bir m\u00fccadeledir. \u015eu da \u00e7ok iyi bilinmelidir ki, ter\u00f6r bir insanl\u0131k su\u00e7udur. Ter\u00f6rle, silahla, \u015fiddetle sonu\u00e7 almak ne m\u00fcmk\u00fcnd\u00fcr, ne de kabul edilebilir. B\u00fcy\u00fck bir \u00fcz\u00fcnt\u00fc ve nefretle kar\u015f\u0131lad\u0131\u011f\u0131m\u0131z ter\u00f6r sald\u0131r\u0131s\u0131n\u0131 k\u0131n\u0131yor, \u00fclkemize, emniyet te\u015fkilat\u0131m\u0131za ve yaral\u0131lar\u0131m\u0131z ile yak\u0131nlar\u0131na ge\u00e7mi\u015f olsun diyor, yaral\u0131lar\u0131m\u0131za da acil \u015fifalar diliyorum&#8221; dedi.<\/p>\n<p style=\"text-align: justify;\">[flv]http:\/\/cdn.dogantv.com.tr\/cnnturk\/haber\/31.10.2010\/taniklar.flv[\/flv]<\/p>\n<div id=\"attachment_26871\" style=\"width: 474px\" class=\"wp-caption aligncenter\"><a href=\"http:\/\/www.korhanyilmaz.com\/wp-content\/uploads\/2010\/10\/1132.jpg\"  class=\"lightview\"><img loading=\"lazy\" decoding=\"async\" aria-describedby=\"caption-attachment-26871\" class=\"size-full wp-image-26871\" title=\"DHA muhabirinin objektifinden patlama an\u0131..\" src=\"http:\/\/www.korhanyilmaz.com\/wp-content\/uploads\/2010\/10\/1132.jpg\" alt=\"\" width=\"464\" height=\"216\" \/><\/a><p id=\"caption-attachment-26871\" class=\"wp-caption-text\">DHA muhabirinin objektifinden patlama an\u0131..<\/p><\/div>\n<p style=\"text-align: justify;\"><strong>Patlama \u00e7ok \u015fiddetliydi <\/strong><\/p>\n<p style=\"text-align: justify;\">Patlaman\u0131n ard\u0131ndan kapat\u0131lan The Marmara Oteli \u00f6n\u00fcnden Be\u015fikta\u015f&#8217;a inen, S\u0131ra Selviler Caddesi ile G\u00fcm\u00fc\u015fsuyu&#8217;ndan Taksim&#8217;e \u00e7\u0131kan b\u00fct\u00fcn yollar trafi\u011fe a\u00e7\u0131ld\u0131.<\/p>\n<p style=\"text-align: justify;\">Meydandaki otob\u00fcs duraklar\u0131nda bulunan b\u00fct\u00fcn otob\u00fcsler bo\u015falt\u0131l\u0131rken, vatanda\u015flar ve bas\u0131n mensuplar\u0131 b\u00f6lgeden kontroll\u00fc bir \u015fekilde uzakla\u015ft\u0131r\u0131ld\u0131.<\/p>\n<p style=\"text-align: justify;\">\u00c7evik Kuvvet polis noktas\u0131ndaki otob\u00fcste b\u00fcy\u00fck \u00e7apta maddi hasar olu\u015furken, \u00e7evredeki emniyet ara\u00e7lar\u0131yla, baz\u0131 i\u015f yerlerinin camlar\u0131 da patlaman\u0131n \u015fiddeti ve isabet eden \u015farapnel par\u00e7alar\u0131yla k\u0131r\u0131ld\u0131.<\/p>\n<p style=\"text-align: justify;\">Olayla ilgili geni\u015f ve kapsaml\u0131 soru\u015fturma s\u00fcr\u00fcyor.<\/p>\n<p style=\"text-align: justify;\"><strong>Taksim Meydan\u0131&#8217;ndaki intihar sald\u0131r\u0131lar\u0131<\/strong><\/p>\n<p style=\"text-align: justify;\">Bu sabah d\u00fczenlenen sald\u0131r\u0131 son 11 y\u0131lda Taksim Meydan\u0131&#8217;nda polise y\u00f6nelik ger\u00e7ekle\u015ftirilen \u00fc\u00e7\u00fcnc\u00fc canl\u0131 bombal\u0131 sald\u0131r\u0131s\u0131 oldu.<\/p>\n<p style=\"text-align: justify;\">Taksim Meydan\u0131&#8217;nda 27 Mart 1999 y\u0131l\u0131nda \u00c7evik Kuvvet \u015eube M\u00fcd\u00fcrl\u00fc\u011f\u00fcne ba\u011fl\u0131 otob\u00fcsler ile bir panzerin bekledi\u011fi yerde meydana gelen olayda, canl\u0131 bomba eylemcisi ter\u00f6rist \u00fczerindeki bombay\u0131 patlatm\u0131\u015ft\u0131. Sald\u0131r\u0131da 3&#8217;\u00fc polis memuru 10 ki\u015fi yaralanm\u0131\u015ft\u0131.<\/p>\n<p style=\"text-align: justify;\">Bir di\u011fer canl\u0131 bombal\u0131 sald\u0131r\u0131 ise 10 Ey\u00fcl 2001 tarihinde G\u00fcm\u00fc\u015fsuyu \u00c7evik Kuvvet bekleme noktas\u0131na meydana gelmi\u015fti. Bu sald\u0131r\u0131da da 2 polis memuru \u015fehit olmu\u015f, 2&#8217;si a\u011f\u0131r 13 polis memuru ve 7 vatanda\u015f yaralanm\u0131\u015ft\u0131.<\/p>\n<p style=\"text-align: justify;\">[flv]http:\/\/cdn.dogantv.com.tr\/cnnturk\/haber\/31.10.2010\/taksin.flv[\/flv]<\/p>\n<p style=\"text-align: justify;\"><a href=\"http:\/\/www.cnnturk.com\/2010\/turkiye\/10\/31\/taksimde.intihar.saldirisi.32.yarali\/594851.0\/index.html\" target=\"_blank\"><span style=\"color: #888888;\">CNN T\u00dcRK<\/span><\/a><\/p>\n","protected":false},"excerpt":{"rendered":"<p style=\"text-align: center;\">\n<p style=\"text-align: center;\">\n<p style=\"text-align: justify;\">\u0130stanbul Taksim Meydan\u0131&#8217;nda \u00e7evik kuvvet ekiplerinin bekledi\u011fi noktaya intihar sald\u0131r\u0131s\u0131 d\u00fczenlendi. Sald\u0131r\u0131da intihar eylemcisi \u00f6l\u00fcrken, 17&#8217;si vatanda\u015f, 15&#8217;i polis 32 ki\u015fi yaraland\u0131. 23 ki\u015fi ayakta tedavi edilerek taburcu oldu.<\/p>\n<p style=\"text-align: justify;\">Patlama sabah saat 10.30 sular\u0131nda meydana geldi. <\/p>\n","protected":false},"author":1,"featured_media":0,"comment_status":"open","ping_status":"closed","sticky":false,"template":"","format":"standard","meta":{"footnotes":""},"categories":[105],"tags":[],"class_list":["post-26869","post","type-post","status-publish","format-standard","hentry","category-gundem","odd"],"_links":{"self":[{"href":"http:\/\/www.korhanyilmaz.com\/index.php?rest_route=\/wp\/v2\/posts\/26869","targetHints":{"allow":["GET"]}}],"collection":[{"href":"http:\/\/www.korhanyilmaz.com\/index.php?rest_route=\/wp\/v2\/posts"}],"about":[{"href":"http:\/\/www.korhanyilmaz.com\/index.php?rest_route=\/wp\/v2\/types\/post"}],"author":[{"embeddable":true,"href":"http:\/\/www.korhanyilmaz.com\/index.php?rest_route=\/wp\/v2\/users\/1"}],"replies":[{"embeddable":true,"href":"http:\/\/www.korhanyilmaz.com\/index.php?rest_route=%2Fwp%2Fv2%2Fcomments&post=26869"}],"version-history":[{"count":0,"href":"http:\/\/www.korhanyilmaz.com\/index.php?rest_route=\/wp\/v2\/posts\/26869\/revisions"}],"wp:attachment":[{"href":"http:\/\/www.korhanyilmaz.com\/index.php?rest_route=%2Fwp%2Fv2%2Fmedia&parent=26869"}],"wp:term":[{"taxonomy":"category","embeddable":true,"href":"http:\/\/www.korhanyilmaz.com\/index.php?rest_route=%2Fwp%2Fv2%2Fcategories&post=26869"},{"taxonomy":"post_tag","embeddable":true,"href":"http:\/\/www.korhanyilmaz.com\/index.php?rest_route=%2Fwp%2Fv2%2Ftags&post=26869"}],"curies":[{"name":"wp","href":"https:\/\/api.w.org\/{rel}","templated":true}]}}