{"id":26861,"date":"2010-10-31T00:39:15","date_gmt":"2010-10-30T21:39:15","guid":{"rendered":"http:\/\/www.korhanyilmaz.com\/?p=26861"},"modified":"2010-10-31T00:39:15","modified_gmt":"2010-10-30T21:39:15","slug":"asil-boykot-emine-hanimdan","status":"publish","type":"post","link":"http:\/\/www.korhanyilmaz.com\/?p=26861","title":{"rendered":"As\u0131l boykot Emine Han\u0131m&#8217;dan"},"content":{"rendered":"<p style=\"text-align: justify;\"><a href=\"http:\/\/www.korhanyilmaz.com\/wp-content\/uploads\/2010\/10\/1101.jpg\"  class=\"lightview\"><img loading=\"lazy\" decoding=\"async\" class=\"aligncenter size-full wp-image-26862\" src=\"http:\/\/www.korhanyilmaz.com\/wp-content\/uploads\/2010\/10\/1101.jpg\" alt=\"\" width=\"343\" height=\"257\" \/><\/a><\/p>\n<p style=\"text-align: justify;\">CHP lideri ve askerlerin \u00c7ankaya K\u00f6\u015fk\u00fc&#8217;ndeki resepsiyona gitmemeleri tart\u0131\u015f\u0131l\u0131rken, Emine Erdo\u011fan\u2019\u0131n \u2018\u2019\u00c7ankaya boykotu\u2019\u2019 da devam ediyor. Bayan Erdo\u011fan, \u00c7ankaya\u2019da \u0130ngiltere Krali\u00e7esi onuruna verilen yemek dahil K\u00f6\u015fk\u2019e hi\u00e7 \u00e7\u0131kmad\u0131.<\/p>\n<p style=\"text-align: justify;\">ANKARA- Ba\u015fbakan Recep Tayyip Erdo\u011fan\u2019\u0131n e\u015fi Emine Erdo\u011fan, \u00c7ankaya K\u00f6\u015fk\u00fcne \u00e7\u0131kmama gelene\u011fini s\u00fcrd\u00fcrd\u00fc ve Cumhurba\u015fkan\u0131 Abdullah G\u00fcl\u2019\u00fcn \u2018\u2019E\u015fli\u2019 Cumhuriyet Bayram\u0131 resepsiyonuna da kat\u0131lmad\u0131.<!--more--><\/p>\n<p style=\"text-align: justify;\">Bayan Erdo\u011fan\u2019\u0131n, G\u00fcl\u2019\u00fcn Cumhurba\u015fkan\u0131 se\u00e7ilmesinden sonra \u00c7ankaya K\u00f6\u015fk\u00fcndeki t\u00f6renlere kat\u0131lmamas\u0131 dikkat \u00e7ekiyor. Emine Erdo\u011fan, \u0130ngiltere Krali\u00e7esi ile Sudan, Suriye, Avusturya ve Azerbaycan cumhurba\u015fkanlar\u0131 onuruna verilen e\u015fli yemeklere de kat\u0131lmam\u0131\u015f ve Ba\u015fbakan Erdo\u011fan bu yemeklere yaln\u0131z gitmi\u015fti.<\/p>\n<p style=\"text-align: justify;\">Hayr\u00fcnnisa G\u00fcl, K\u00f6\u015fk\u2019te t\u00fcrban\u0131yla ilk kez 29 Ekim 2007\u2019deki \u2018\u2019\u0130kinci resepsiyonda\u2019\u2019 konuklar\u0131na e\u015fi ile ev sahipli\u011fi yapt\u0131. Emine Erdo\u011fan ise bu davete kat\u0131lmayarak \u2018\u2019\u00c7ankaya\u2019ya \u00e7\u0131kmama\u2019\u2019 tavr\u0131n\u0131 ba\u015flatt\u0131.<\/p>\n<p style=\"text-align: justify;\"><strong>AL\u0130YEV DAVET\u0130<\/strong><\/p>\n<p style=\"text-align: justify;\">Bayan Erdo\u011fan, Hayr\u00fcnnisa G\u00fcl\u2019\u00fcn 6 Kas\u0131m 2008 g\u00fcn\u00fc, Azerbaycan Cumhurba\u015fkan\u0131  Aliyev ve e\u015fi Mihriban Aliyev onuruna \u00c7ankaya K\u00f6\u015fk\u00fc&#8217;nde verdi\u011fi yeme\u011fe de kat\u0131lmad\u0131 ve Ba\u015fbakan, K\u00f6\u015fk\u2019e yaln\u0131z gitti. Emine Erdo\u011fan ise bir g\u00fcn sonra Aliyev \u00e7iftini Ba\u015fbakanl\u0131k Konutu\u2019nda \u00f6\u011fle yeme\u011fiyle a\u011f\u0131rlad\u0131.<\/p>\n<p style=\"text-align: justify;\">Emine Erdo\u011fan,  \u2018\u2019Sava\u015f Su\u00e7lusu\u2019\u2019 oldu\u011fu gerek\u00e7esiyle T\u00fcrkiye\u2019de a\u011f\u0131rlanmas\u0131 tart\u0131\u015fmalara neden olan Sudan Cumhurba\u015fkan\u0131 El Be\u015fir ve e\u015fi Widad Babikir onuruna \u00c7ankaya k\u00f6\u015fk\u00fcnde 21 Ocak 2008\u2019de verilen ak\u015fam yeme\u011fine de kat\u0131lmad\u0131.<\/p>\n<p style=\"text-align: justify;\">Suriye Devlet Ba\u015fkan\u0131 Be\u015far Esad ile e\u015finin bu y\u0131l Ekim ay\u0131nda T\u00fcrkiye\u2019ye yapt\u0131\u011f\u0131 resmi ziyarette de Emine Erdo\u011fan \u00c7ankaya\u2019ya \u00e7\u0131kmad\u0131. Cumhurba\u015fkan\u0131 G\u00fcl, Esad onuruna \u00c7ankaya K\u00f6\u015fk\u00fc\u2019nde yemek verirken ayn\u0131 saatlerde e\u015fi Hayr\u00fcnissa G\u00fcl de, Esma Esad\u2019\u0131 D\u0131\u015fi\u015fleri Konutu\u2019nda a\u011f\u0131rlad\u0131. Emine Erdo\u011fan bu yeme\u011fe de kat\u0131lmad\u0131 ve daha sonra Esma Esad i\u00e7in \u0130stanbul Feriye Lokantas\u0131nda ayr\u0131 bir yemek verdi.<\/p>\n<p style=\"text-align: justify;\"><strong>KRAL\u0130\u00c7E\u2019DE DE YOK<\/strong><\/p>\n<p style=\"text-align: justify;\">Emine Erdo\u011fan, T\u00fcrkiye\u2019yi ziyareti \u00f6nemli bir g\u00fcndem maddesi olan \u0130ngiltere Krali\u00e7esi Elizabeth onuruna \u00c7ankaya k\u00f6\u015fk\u00fcnde verilen yeme\u011fe de yine kat\u0131lmad\u0131.  Emine Erdo\u011fan, Krali\u00e7e\u2019nin do\u011fum g\u00fcn\u00fc \u015ferefine B\u00fcy\u00fckel\u00e7ilikte d\u00fczenlenen partiye gitti. Bu partiye  Hayr\u00fcnnisa G\u00fcl ise kat\u0131lmad\u0131.<\/p>\n<p style=\"text-align: justify;\"><strong>AVUSTURYA CUMHURBA\u015eKANI<\/strong><\/p>\n<p style=\"text-align: justify;\">Krali\u00e7e\u2019nin T\u00fcrkiye\u2019den ayr\u0131lmas\u0131ndan be\u015f g\u00fcn sonra 20 May\u0131s\u2019ta, Avusturya Cumhurba\u015fkan\u0131 Heinz Fischer\u2019in e\u015fi Margit Fischer Ankara\u2019y\u0131 ziyaret etti. Hayr\u00fcnnisa G\u00fcl, Margit Fischer onuruna D\u0131\u015fi\u015fleri Konutu\u2019nda davet verdi. Emine Erdo\u011fan bu davete kat\u0131ld\u0131. Ancak ayn\u0131 g\u00fcn\u00fcn ak\u015fam\u0131nda K\u00f6\u015fk\u2019teki yeme\u011fe g\u00f6z\u00fcndeki rahats\u0131zl\u0131k nedeniyle Ba\u015fbakan da e\u015fi de kat\u0131lmad\u0131.<\/p>\n<p style=\"text-align: justify;\">Bayan Erdo\u011fan\u2019\u0131n bu tavr\u0131, Cumhurba\u015fkanl\u0131\u011f\u0131 K\u00fclt\u00fcr ve Sanat \u00f6d\u00fclleri i\u00e7in d\u00fczenlenen davette de s\u00fcrd\u00fc. Erdo\u011fan t\u00f6rene yaln\u0131z kat\u0131ld\u0131 ve bayan G\u00fcl ile yan yana oturdu. Konuklar\u0131n b\u00fcy\u00fck b\u00f6l\u00fcm\u00fc ise bu \u00f6d\u00fcl t\u00f6renine e\u015fleriyle birlikte geldi.<\/p>\n<p style=\"text-align: justify;\"><strong>KONYA&#8217;DA BULU\u015eTULAR<\/strong><\/p>\n<p style=\"text-align: justify;\">Emine Erdo\u011fan\u2019\u0131n \u00c7ankaya\u2019ya \u00e7\u0131kmamas\u0131 ve Hayr\u00fcnnisa G\u00fcl aras\u0131nda k\u00fcsl\u00fck oldu\u011fu iddialar\u0131 daha \u00f6nce de bas\u0131na yans\u0131m\u0131\u015f ve iki isim, 18 Aral\u0131k 2009\u2019de Konya\u2019da d\u00fczenlenen \u015eeb-i Aruz t\u00f6renlerine e\u015fleri ile birlikte kat\u0131lm\u0131\u015ft\u0131. Emine Erdo\u011fan ve Hayr\u00fcnnisa G\u00fcl, bu t\u00f6ren boyunca samimi dialoglar yaparak \u2018\u2019Darg\u0131n de\u011filiz\u201d mesaj\u0131 vermi\u015fti.<\/p>\n<p style=\"text-align: justify;\"><a href=\"http:\/\/www.gazeteport.com.tr\/SIYASET\/NEWS\/GP_791662\" target=\"_blank\"><span style=\"color: #888888;\">Kaynak : GAZETEPORT<\/span><\/a><\/p>\n","protected":false},"excerpt":{"rendered":"<p style=\"text-align: justify;\">\n<p style=\"text-align: justify;\">CHP lideri ve askerlerin \u00c7ankaya K\u00f6\u015fk\u00fc&#8217;ndeki resepsiyona gitmemeleri tart\u0131\u015f\u0131l\u0131rken, Emine Erdo\u011fan\u2019\u0131n \u2018\u2019\u00c7ankaya boykotu\u2019\u2019 da devam ediyor. Bayan Erdo\u011fan, \u00c7ankaya\u2019da \u0130ngiltere Krali\u00e7esi onuruna verilen yemek dahil K\u00f6\u015fk\u2019e hi\u00e7 \u00e7\u0131kmad\u0131.<\/p>\n<p style=\"text-align: justify;\">ANKARA- Ba\u015fbakan Recep Tayyip Erdo\u011fan\u2019\u0131n e\u015fi Emine Erdo\u011fan, \u00c7ankaya K\u00f6\u015fk\u00fcne \u00e7\u0131kmama gelene\u011fini s\u00fcrd\u00fcrd\u00fc ve Cumhurba\u015fkan\u0131 Abdullah G\u00fcl\u2019\u00fcn \u2018\u2019E\u015fli\u2019 Cumhuriyet Bayram\u0131 <\/p>\n","protected":false},"author":1,"featured_media":0,"comment_status":"open","ping_status":"closed","sticky":false,"template":"","format":"standard","meta":{"footnotes":""},"categories":[105],"tags":[],"class_list":["post-26861","post","type-post","status-publish","format-standard","hentry","category-gundem","odd"],"_links":{"self":[{"href":"http:\/\/www.korhanyilmaz.com\/index.php?rest_route=\/wp\/v2\/posts\/26861","targetHints":{"allow":["GET"]}}],"collection":[{"href":"http:\/\/www.korhanyilmaz.com\/index.php?rest_route=\/wp\/v2\/posts"}],"about":[{"href":"http:\/\/www.korhanyilmaz.com\/index.php?rest_route=\/wp\/v2\/types\/post"}],"author":[{"embeddable":true,"href":"http:\/\/www.korhanyilmaz.com\/index.php?rest_route=\/wp\/v2\/users\/1"}],"replies":[{"embeddable":true,"href":"http:\/\/www.korhanyilmaz.com\/index.php?rest_route=%2Fwp%2Fv2%2Fcomments&post=26861"}],"version-history":[{"count":0,"href":"http:\/\/www.korhanyilmaz.com\/index.php?rest_route=\/wp\/v2\/posts\/26861\/revisions"}],"wp:attachment":[{"href":"http:\/\/www.korhanyilmaz.com\/index.php?rest_route=%2Fwp%2Fv2%2Fmedia&parent=26861"}],"wp:term":[{"taxonomy":"category","embeddable":true,"href":"http:\/\/www.korhanyilmaz.com\/index.php?rest_route=%2Fwp%2Fv2%2Fcategories&post=26861"},{"taxonomy":"post_tag","embeddable":true,"href":"http:\/\/www.korhanyilmaz.com\/index.php?rest_route=%2Fwp%2Fv2%2Ftags&post=26861"}],"curies":[{"name":"wp","href":"https:\/\/api.w.org\/{rel}","templated":true}]}}