{"id":26857,"date":"2010-10-30T15:04:05","date_gmt":"2010-10-30T12:04:05","guid":{"rendered":"http:\/\/www.korhanyilmaz.com\/?p=26857"},"modified":"2010-10-30T15:04:05","modified_gmt":"2010-10-30T12:04:05","slug":"saatlerinizi-geri-almayi-unutmayin-2","status":"publish","type":"post","link":"http:\/\/www.korhanyilmaz.com\/?p=26857","title":{"rendered":"Saatlerinizi geri almay\u0131 unutmay\u0131n!"},"content":{"rendered":"<p style=\"text-align: center;\"><a href=\"http:\/\/www.korhanyilmaz.com\/wp-content\/uploads\/2010\/10\/1091.jpg\"  class=\"lightview\"><img loading=\"lazy\" decoding=\"async\" class=\"aligncenter size-full wp-image-26858\" src=\"http:\/\/www.korhanyilmaz.com\/wp-content\/uploads\/2010\/10\/1091.jpg\" alt=\"\" width=\"322\" height=\"241\" \/><\/a><\/p>\n<p style=\"text-align: justify;\">Yaz saati uygulamas\u0131 sona eriyor. 31 Ekim Pazar g\u00fcn\u00fc (Cumartesi g\u00fcn\u00fcn\u00fc, Pazar g\u00fcn\u00fcne ba\u011flayan gece) saat 04.00&#8217;de saatler 1 saat geri al\u0131nacak.<\/p>\n<p style=\"text-align: justify;\">Ankara- Yaz saati uygulamas\u0131na 28 Mart 2010 tarihinde ge\u00e7ilirken, saatler 03.00&#8217;te bir saat ileri al\u0131nm\u0131\u015ft\u0131. G\u00fcn \u0131\u015f\u0131\u011f\u0131ndan daha fazla yararlanmak amac\u0131yla yap\u0131lan uygulamaya ili\u015fkin Bakanlar Kurulu karar\u0131 da 19 Mart tarihli Resmi Gazete&#8217;de yay\u0131mlanm\u0131\u015ft\u0131. Buna g\u00f6re yaz saati, bir ba\u015fka deyi\u015fle &#8216;ileri saat&#8217; uygulamas\u0131, 28 Mart Pazar g\u00fcn\u00fc saat 03.00&#8217;te saatlerin bir saat ileri al\u0131nmas\u0131yla ba\u015flarken, 31 Ekim Pazar g\u00fcn\u00fc saat 04.00&#8217;te saatlerin 1 saat geri al\u0131nmas\u0131yla sona erecek. <!--more--><\/p>\n<p style=\"text-align: justify;\">Yaz saati uygulamas\u0131yla, ak\u015fam saatlerinde en y\u00fcksek de\u011ferine ula\u015fan enerji talebinin (puant g\u00fcc\u00fc) azalt\u0131lmas\u0131 hedefleniyor. Ge\u00e7mi\u015f y\u0131llara bak\u0131ld\u0131\u011f\u0131nda yaz saati uygulamas\u0131, Avrupa Birli\u011fi (AB) \u00fclkeleriyle birlikte Mart ay\u0131n\u0131n son pazar g\u00fcn\u00fc ba\u015flay\u0131p, Ekim ay\u0131n\u0131n son pazar g\u00fcn\u00fc bitiyor.<\/p>\n<p style=\"text-align: justify;\">Yaz saati uygulamas\u0131yla her y\u0131l &#8221;orta \u00f6l\u00e7ekli&#8221; bir hidroelektrik santralinin y\u0131ll\u0131k \u00fcretimi kadar tasarruf sa\u011flan\u0131yor. \u0130leri saat uygulamas\u0131yla i\u015fe erken ba\u015flamak ve \u00e7\u0131kmak, ayd\u0131nlatma, \u0131s\u0131tma, so\u011futma a\u00e7\u0131s\u0131ndan \u00f6nem ta\u015f\u0131yor. Enerji Bakanl\u0131\u011f\u0131 hesaplar\u0131na g\u00f6re, yaz saati uygulamas\u0131yla y\u0131ll\u0131k 600-700 milyon kilovat saat (kWh) tasarruf sa\u011flan\u0131yor.<\/p>\n<p style=\"text-align: justify;\"><a href=\"http:\/\/www.cumhuriyet.com.tr\/?hn=186588\" target=\"_blank\"><span style=\"color: #888888;\">Cumhuriyet Haber Portal\u0131<\/span><\/a><\/p>\n","protected":false},"excerpt":{"rendered":"<p style=\"text-align: center;\">\n<p style=\"text-align: justify;\">Yaz saati uygulamas\u0131 sona eriyor. 31 Ekim Pazar g\u00fcn\u00fc (Cumartesi g\u00fcn\u00fcn\u00fc, Pazar g\u00fcn\u00fcne ba\u011flayan gece) saat 04.00&#8217;de saatler 1 saat geri al\u0131nacak.<\/p>\n<p style=\"text-align: justify;\">Ankara- Yaz saati uygulamas\u0131na 28 Mart 2010 tarihinde ge\u00e7ilirken, saatler 03.00&#8217;te bir saat ileri al\u0131nm\u0131\u015ft\u0131. G\u00fcn \u0131\u015f\u0131\u011f\u0131ndan daha fazla yararlanmak amac\u0131yla yap\u0131lan uygulamaya ili\u015fkin Bakanlar Kurulu <\/p>\n","protected":false},"author":1,"featured_media":0,"comment_status":"open","ping_status":"closed","sticky":false,"template":"","format":"standard","meta":{"footnotes":""},"categories":[105],"tags":[],"class_list":["post-26857","post","type-post","status-publish","format-standard","hentry","category-gundem","odd"],"_links":{"self":[{"href":"http:\/\/www.korhanyilmaz.com\/index.php?rest_route=\/wp\/v2\/posts\/26857","targetHints":{"allow":["GET"]}}],"collection":[{"href":"http:\/\/www.korhanyilmaz.com\/index.php?rest_route=\/wp\/v2\/posts"}],"about":[{"href":"http:\/\/www.korhanyilmaz.com\/index.php?rest_route=\/wp\/v2\/types\/post"}],"author":[{"embeddable":true,"href":"http:\/\/www.korhanyilmaz.com\/index.php?rest_route=\/wp\/v2\/users\/1"}],"replies":[{"embeddable":true,"href":"http:\/\/www.korhanyilmaz.com\/index.php?rest_route=%2Fwp%2Fv2%2Fcomments&post=26857"}],"version-history":[{"count":0,"href":"http:\/\/www.korhanyilmaz.com\/index.php?rest_route=\/wp\/v2\/posts\/26857\/revisions"}],"wp:attachment":[{"href":"http:\/\/www.korhanyilmaz.com\/index.php?rest_route=%2Fwp%2Fv2%2Fmedia&parent=26857"}],"wp:term":[{"taxonomy":"category","embeddable":true,"href":"http:\/\/www.korhanyilmaz.com\/index.php?rest_route=%2Fwp%2Fv2%2Fcategories&post=26857"},{"taxonomy":"post_tag","embeddable":true,"href":"http:\/\/www.korhanyilmaz.com\/index.php?rest_route=%2Fwp%2Fv2%2Ftags&post=26857"}],"curies":[{"name":"wp","href":"https:\/\/api.w.org\/{rel}","templated":true}]}}