{"id":26854,"date":"2010-10-30T17:23:09","date_gmt":"2010-10-30T14:23:09","guid":{"rendered":"http:\/\/www.korhanyilmaz.com\/?p=26854"},"modified":"2010-10-30T17:23:09","modified_gmt":"2010-10-30T14:23:09","slug":"ankarada-basortusu-yasagi-protestosu","status":"publish","type":"post","link":"http:\/\/www.korhanyilmaz.com\/?p=26854","title":{"rendered":"Ankara&#8217;da ba\u015f\u00f6rt\u00fcs\u00fc yasa\u011f\u0131 protestosu"},"content":{"rendered":"<p style=\"text-align: center;\"><a href=\"http:\/\/www.korhanyilmaz.com\/wp-content\/uploads\/2010\/10\/1081.jpg\"  class=\"lightview\"><img loading=\"lazy\" decoding=\"async\" class=\"aligncenter size-full wp-image-26855\" src=\"http:\/\/www.korhanyilmaz.com\/wp-content\/uploads\/2010\/10\/1081.jpg\" alt=\"\" width=\"307\" height=\"236\" \/><\/a><\/p>\n<p style=\"text-align: justify;\">Ba\u015fkentte, Abdi \u0130pek\u00e7i Park\u0131&#8217;nda &#8220;ba\u015f\u00f6rt\u00fcs\u00fc yasa\u011f\u0131n\u0131&#8221; protesto eden kad\u0131nlar, maket hapisten parmakl\u0131klar k\u0131r\u0131larak \u00e7\u0131kar\u0131ld\u0131.<\/p>\n<p style=\"text-align: justify;\">D\u00fcnya Demokrasi Hareketi &#8220;\u00d6zg\u00fcrl\u00fck Platformu&#8221; \u00fcyelerinin bulundu\u011fu grup, \u00c7anakkale&#8217;de &#8220;Dur Yolcu&#8221; yaz\u0131l\u0131 tepenin foto\u011fraf\u0131n\u0131n bulundu\u011fu ve yaz\u0131n\u0131n &#8220;Dur Ba\u015f\u00f6rt\u00fcs\u00fc&#8221; olarak de\u011fi\u015ftirildi\u011fi d\u00f6vizlerle S\u0131hhiye&#8217;deki parkta topland\u0131. <!--more--><\/p>\n<p style=\"text-align: justify;\">Burada, \u00fc\u00e7 ba\u015f\u00f6rt\u00fcl\u00fc kad\u0131n, haz\u0131rlanan ve \u00fczerinde &#8220;Ba\u015f\u00f6rt\u00fcl\u00fclerin \u00f6zg\u00fcrl\u00fck alan\u0131&#8221; yaz\u0131l\u0131 maket hapsin i\u00e7ine girdi. Hapisteki kad\u0131nlardan Sema Sevencan, platform ad\u0131na haz\u0131rlanan a\u00e7\u0131klamay\u0131 okudu.<\/p>\n<p style=\"text-align: justify;\">Sevencan, T\u00fcrkiye&#8217;de y\u0131llard\u0131r inan\u00e7lar\u0131n\u0131n tart\u0131\u015f\u0131ld\u0131\u011f\u0131n\u0131, yorumlarda bulunuldu\u011funu ancak hi\u00e7 kimsenin bu konunun ma\u011fduru insanlar\u0131n d\u00fc\u015f\u00fcncesini, ruh halini, s\u0131k\u0131nt\u0131lar\u0131n\u0131 sormad\u0131\u011f\u0131n\u0131 s\u00f6yledi.<\/p>\n<p style=\"text-align: justify;\">\u0130nan\u00e7lar\u0131ndan \u00f6t\u00fcr\u00fc \u00f6zg\u00fcrl\u00fcklerinin k\u0131s\u0131tlanmas\u0131n\u0131n, &#8220;kutsal&#8221; ve &#8220;dokunulmaz&#8221; kabul edilen kamusal alanlardan d\u0131\u015flanmalar\u0131n\u0131n ve \u00f6tekile\u015ftirilmelerinin bir utan\u00e7 oldu\u011funu dile getiren Sevencan, ba\u015f\u00f6rt\u00fcs\u00fc sorununun insan haklar\u0131 ve \u00f6zg\u00fcrl\u00fck sorunu oldu\u011funu dile getirdi.<\/p>\n<p style=\"text-align: justify;\">Sevencan, \u015f\u00f6yle konu\u015ftu:<\/p>\n<p style=\"text-align: justify;\">&#8220;Bu sorun, fark\u0131l\u0131klardan korkanlar\u0131n \u00f6zg\u00fcr ya\u015fam alanlar\u0131n\u0131 kendilerinden ba\u015fka kimseyle payla\u015fmama sorunudur. Korkular\u0131n\u0131n tutsa\u011f\u0131 olmu\u015f, dar d\u00fc\u015f\u00fcnceli insanlar\u0131n sorunudur. Bu sorun, ba\u015f\u00f6rt\u00fcl\u00fclerin sorunu de\u011fil, siyaset\u00e7ilerin sorunudur&#8221;<\/p>\n<p style=\"text-align: justify;\">Konu\u015fman\u0131n ard\u0131ndan maket hapsin parmakl\u0131klar\u0131 k\u0131r\u0131larak ba\u015f\u00f6rt\u00fcl\u00fc kad\u0131nlar serbest b\u0131rak\u0131ld\u0131.<\/p>\n<p style=\"text-align: justify;\">\u00d6te yandan, Ankara \u0130nan\u00e7 \u00d6zg\u00fcrl\u00fc\u011f\u00fc Platformu \u00fcyeleri de parkta &#8220;ba\u015f\u00f6rt\u00fcs\u00fcne \u00f6zg\u00fcrl\u00fck&#8221; eyleminin 248&#8217;incisini ger\u00e7ekle\u015ftirdi.<\/p>\n<p style=\"text-align: justify;\">Burada yap\u0131lan a\u00e7\u0131klamada, her se\u00e7im s\u00fcrecinde kanayan bir yara haline gelen ba\u015f\u00f6rt\u00fcs\u00fc sorununun yine g\u00fcndemde oldu\u011funu belirtilerek, bir se\u00e7im s\u00fcreci daha beklenilmesinin istenmedi\u011fi kaydedildi.<\/p>\n<p style=\"text-align: justify;\">A\u00e7\u0131klamada, sorunlar\u0131n ertelenmeden \u00e7\u00f6z\u00fclmesi gerekti\u011fi ifade edildi.<\/p>\n<p style=\"text-align: justify;\"><a href=\"http:\/\/www.cnnturk.com\/2010\/turkiye\/10\/30\/ankarada.basortusu.yasagi.protestosu\/594815.0\/index.html\" target=\"_blank\"><span style=\"color: #888888;\">CNN T\u00dcRK<\/span><\/a><\/p>\n","protected":false},"excerpt":{"rendered":"<p style=\"text-align: center;\">\n<p style=\"text-align: justify;\">Ba\u015fkentte, Abdi \u0130pek\u00e7i Park\u0131&#8217;nda &#8220;ba\u015f\u00f6rt\u00fcs\u00fc yasa\u011f\u0131n\u0131&#8221; protesto eden kad\u0131nlar, maket hapisten parmakl\u0131klar k\u0131r\u0131larak \u00e7\u0131kar\u0131ld\u0131.<\/p>\n<p style=\"text-align: justify;\">D\u00fcnya Demokrasi Hareketi &#8220;\u00d6zg\u00fcrl\u00fck Platformu&#8221; \u00fcyelerinin bulundu\u011fu grup, \u00c7anakkale&#8217;de &#8220;Dur Yolcu&#8221; yaz\u0131l\u0131 tepenin foto\u011fraf\u0131n\u0131n bulundu\u011fu ve yaz\u0131n\u0131n &#8220;Dur Ba\u015f\u00f6rt\u00fcs\u00fc&#8221; olarak de\u011fi\u015ftirildi\u011fi d\u00f6vizlerle S\u0131hhiye&#8217;deki parkta topland\u0131. <\/p>\n","protected":false},"author":1,"featured_media":0,"comment_status":"open","ping_status":"closed","sticky":false,"template":"","format":"standard","meta":{"footnotes":""},"categories":[105],"tags":[],"class_list":["post-26854","post","type-post","status-publish","format-standard","hentry","category-gundem","odd"],"_links":{"self":[{"href":"http:\/\/www.korhanyilmaz.com\/index.php?rest_route=\/wp\/v2\/posts\/26854","targetHints":{"allow":["GET"]}}],"collection":[{"href":"http:\/\/www.korhanyilmaz.com\/index.php?rest_route=\/wp\/v2\/posts"}],"about":[{"href":"http:\/\/www.korhanyilmaz.com\/index.php?rest_route=\/wp\/v2\/types\/post"}],"author":[{"embeddable":true,"href":"http:\/\/www.korhanyilmaz.com\/index.php?rest_route=\/wp\/v2\/users\/1"}],"replies":[{"embeddable":true,"href":"http:\/\/www.korhanyilmaz.com\/index.php?rest_route=%2Fwp%2Fv2%2Fcomments&post=26854"}],"version-history":[{"count":0,"href":"http:\/\/www.korhanyilmaz.com\/index.php?rest_route=\/wp\/v2\/posts\/26854\/revisions"}],"wp:attachment":[{"href":"http:\/\/www.korhanyilmaz.com\/index.php?rest_route=%2Fwp%2Fv2%2Fmedia&parent=26854"}],"wp:term":[{"taxonomy":"category","embeddable":true,"href":"http:\/\/www.korhanyilmaz.com\/index.php?rest_route=%2Fwp%2Fv2%2Fcategories&post=26854"},{"taxonomy":"post_tag","embeddable":true,"href":"http:\/\/www.korhanyilmaz.com\/index.php?rest_route=%2Fwp%2Fv2%2Ftags&post=26854"}],"curies":[{"name":"wp","href":"https:\/\/api.w.org\/{rel}","templated":true}]}}