{"id":26851,"date":"2010-10-30T22:29:06","date_gmt":"2010-10-30T19:29:06","guid":{"rendered":"http:\/\/www.korhanyilmaz.com\/?p=26851"},"modified":"2010-10-30T22:29:06","modified_gmt":"2010-10-30T19:29:06","slug":"arinc-chpnin-gozu-askerde-kulagi-bassavcida","status":"publish","type":"post","link":"http:\/\/www.korhanyilmaz.com\/?p=26851","title":{"rendered":"Ar\u0131n\u00e7: &#8220;CHP&#8217;nin g\u00f6z\u00fc askerde, kula\u011f\u0131 Ba\u015fsavc\u0131&#8217;da&#8230;&#8221;"},"content":{"rendered":"<p style=\"text-align: center;\"><a href=\"http:\/\/www.korhanyilmaz.com\/wp-content\/uploads\/2010\/10\/1061.jpg\"  class=\"lightview\"><img loading=\"lazy\" decoding=\"async\" class=\"aligncenter size-full wp-image-26852\" src=\"http:\/\/www.korhanyilmaz.com\/wp-content\/uploads\/2010\/10\/1061.jpg\" alt=\"\" width=\"307\" height=\"236\" \/><\/a><\/p>\n<p style=\"text-align: justify;\">Ba\u015fbakan Yard\u0131mc\u0131s\u0131 B\u00fclent Ar\u0131n\u00e7, &#8220;CHP&#8217;nin g\u00f6z\u00fc askerde, kula\u011f\u0131 Yarg\u0131tay Cumhuriyet Ba\u015fsavc\u0131s\u0131&#8217;nda olacaksa b\u00f6yle bir parti hi\u00e7bir zaman demokrat olamaz, hi\u00e7bir zaman sivil olamaz, hi\u00e7bir zaman da iktidar olamaz. Bu resepsiyon ve bu t\u00fcrban konusunda s\u00f6yledikleri Cumhuriyet Halk Partisi&#8217;nin hala 1930&#8217;lu y\u0131llardaki gibi g\u00f6z\u00fcn\u00fcn askerde, kula\u011f\u0131n\u0131n Yarg\u0131tay Cumhuriyet Ba\u015fsavc\u0131s\u0131&#8217;nda oldu\u011funu g\u00f6steriyor&#8221; dedi.<!--more--><\/p>\n<p style=\"text-align: justify;\">Ar\u0131n\u00e7, Atlantik E\u011fitim Kurumlar\u0131 Mezunlar Derne\u011fi&#8217;nin a\u00e7\u0131l\u0131\u015f t\u00f6renin ard\u0131ndan gazetecilerin sorular\u0131n\u0131 yan\u0131tlad\u0131.<\/p>\n<p style=\"text-align: justify;\">Ar\u0131n\u00e7, 29 Ekim Cumhuriyet Bayram\u0131 resepsiyonuna, CHP ve T\u00fcrk Silahl\u0131 Kuvvetler (TSK) mensuplar\u0131n\u0131n kat\u0131lmamas\u0131yla ilgili de\u011ferlendirmesinin istenmesi \u00fczerine daha \u00f6nce yapt\u0131\u011f\u0131 a\u00e7\u0131klamalar\u0131nda \u00f6nemli olan\u0131n davet oldu\u011funu, Cumhurba\u015fkan\u0131 Abdullah G\u00fcl&#8217;\u00fcn de ayr\u0131mc\u0131l\u0131k yapmadan e\u015fli olarak insanlara davet g\u00f6nderdi\u011fini s\u00f6yledi\u011fini hat\u0131rlatt\u0131.<\/p>\n<p style=\"text-align: justify;\">CHP&#8217;nin sivil bir \u00f6rg\u00fct oldu\u011funu, Anayasa&#8217;n\u0131n demokratik hayat\u0131n vazge\u00e7ilmez unsuru olarak nitelendirdi\u011fi siyasi bir olu\u015fumu temsil eden kurum, TSK&#8217;n\u0131n da T\u00fcrkiye&#8217;nin yurt d\u0131\u015f\u0131 savunmas\u0131ndan ve g\u00fcvenli\u011finden sorumlu askeri bir kurulu\u015f oldu\u011funu belirten Ar\u0131n\u00e7, &#8220;\u0130kisinin yan yana gelmesi bence dikkat \u00e7ekici, konu\u015fulacak ve dikkat \u00e7ekilecek bir husus varsa bu ikisinin yan yana gelmesidir&#8221; dedi.<\/p>\n<p style=\"text-align: justify;\">Ar\u0131n\u00e7, \u015f\u00f6yle konu\u015ftu:<\/p>\n<p style=\"text-align: justify;\">&#8220;T\u00fcrban konusunda AK Parti Grup Ba\u015fkanvekilleri, CHP&#8217;yi ziyarete gittiklerinde nas\u0131l kar\u015f\u0131land\u0131lar? CHP Grup Ba\u015fkanvekilleri nas\u0131l konu\u015fma yapt\u0131, &#8216;hay\u0131r, asla ve kat&#8217;a bunlarla bir araya gelmeyiz, komisyonda bulunmay\u0131z&#8217; dedi.<\/p>\n<p style=\"text-align: justify;\">Ni\u00e7in 15 dakika evvel Yarg\u0131tay Cumhuriyet Ba\u015fsavc\u0131s\u0131 &#8220;aman ha aman, bu laikli\u011fe ayk\u0131r\u0131d\u0131r&#8217; dedi. CHP&#8217;nin g\u00f6z\u00fc askerde, kula\u011f\u0131 Yarg\u0131tay Cumhuriyet Ba\u015fsavc\u0131s\u0131&#8217;nda olacaksa b\u00f6yle bir parti hi\u00e7bir zaman demokrat olamaz, hi\u00e7bir zaman sivil olamaz, hi\u00e7bir zaman da iktidar olamaz. Bu resepsiyon ve bu t\u00fcrban konusunda s\u00f6yledikleri Cumhuriyet Halk Partisinin hala 1930&#8217;lu y\u0131llardaki gibi g\u00f6z\u00fcn\u00fcn askerde, kula\u011f\u0131n\u0131n Yarg\u0131tay Cumhuriyet Ba\u015fsavc\u0131s\u0131&#8217;nda oldu\u011funu g\u00f6steriyor.&#8221;<\/p>\n<p style=\"text-align: justify;\">Ba\u015fbakan Yard\u0131mc\u0131s\u0131 Ar\u0131n\u00e7, &#8220;Cumhurba\u015fkan\u0131m\u0131z bir davette bulunuyor, ba\u015fka bir kurum da oraya gitmemek i\u00e7in ba\u015fka bir resepsiyon tertipliyor. Bu \u015f\u0131k bir davran\u0131\u015f, do\u011fru bir davran\u0131\u015f de\u011fildir. Ama\u00e7 ne olursa olsun b\u00f6yle bir farkl\u0131l\u0131\u011f\u0131 ortaya koymak yanl\u0131\u015f anla\u015f\u0131l\u0131r, ele\u015ftirilir ve o kurumu y\u0131prat\u0131r&#8221; dedi.<\/p>\n<p style=\"text-align: justify;\">B\u00fclent Ar\u0131n\u00e7, Cumhurba\u015fkan\u0131 Abdullah G\u00fcl&#8217;\u00fcn 29 Ekim Cumhuriyet Bayram\u0131 dolay\u0131s\u0131yla d\u00fczenledi\u011fi resepsiyona CHP&#8217;lilerin ve TSK mensuplar\u0131n\u0131n kat\u0131lmamas\u0131n\u0131 ele\u015ftirdi.<\/p>\n<p style=\"text-align: justify;\">Kurumlar\u0131n resepsiyona kat\u0131l\u0131p kat\u0131lmamalar\u0131 konusu halk taraf\u0131ndan merak ediliyorsa bu kurumlar\u0131n da \u00e7ok hakl\u0131 sebepler g\u00f6stermesi gerekti\u011fini ifade eden Ar\u0131n\u00e7, kendisinin de resepsiyona kat\u0131lmad\u0131\u011f\u0131n\u0131, \u00fcyesi bulundu\u011fu h\u00fck\u00fcmetin mensuplar\u0131n\u0131n e\u015fli veya e\u015fsiz \u015fekilde h\u00fck\u00fcmeti kurumsal olarak temsil ettiklerini s\u00f6yledi.<\/p>\n<p style=\"text-align: justify;\"><strong>Gazetelerin resepsiyon de\u011ferlendirmesi <\/strong><\/p>\n<p style=\"text-align: justify;\">Bug\u00fcn gazetelerin ve televizyonlar\u0131n resepsiyon haberlerini &#8220;askerler ve CHP kat\u0131lmad\u0131&#8221; \u015feklinde verdi\u011fine i\u015faret eden Ar\u0131n\u00e7, &#8220;Birisi sivil bir \u00f6rg\u00fct, di\u011feri de askeri bir kurum. \u0130kisinin yan yana gelmesi bence dikkat \u00e7ekici ve e\u011fer s\u00f6ylenecek \u015feyler varsa bu benzerli\u011fe bakarak s\u00f6ylenmelidir&#8221; dedi.<\/p>\n<p style=\"text-align: justify;\">Ar\u0131n\u00e7, 5 y\u0131l s\u00fcreyle TBMM Ba\u015fkanl\u0131\u011f\u0131 yapt\u0131\u011f\u0131n\u0131 da an\u0131msatarak, ba\u015fkanl\u0131\u011f\u0131 d\u00f6neminde g\u00f6rd\u00fc\u011f\u00fc team\u00fcller oldu\u011funu, 29 Ekim Cumhuriyet Bayram\u0131, 23 Nisan Ulusal Egemenlik ve \u00c7ocuk Bayram\u0131 ve 30 A\u011fustos Zafer Bayram\u0131&#8217;nda tek resepsiyon verildi\u011fini anlatt\u0131.<\/p>\n<p style=\"text-align: justify;\">Ar\u0131n\u00e7, \u015f\u00f6yle devam etti:<\/p>\n<p style=\"text-align: justify;\">&#8220;29 Ekim Cumhuriyetimiz kuruldu\u011fu g\u00fcnd\u00fcr. Cumhuriyetimizi, milletin birli\u011fini ve ba\u015fkomutanl\u0131k g\u00f6revini temsil eden cumhurba\u015fkan\u0131d\u0131r. 29 Ekim&#8217;in ak\u015fam\u0131nda resepsiyon verilmesi gerekiyorsa bunu sadece Cumhurba\u015fkan\u0131m\u0131z yapar, bug\u00fcne kadar gelenek b\u00f6yledir. Say\u0131n Demirel, Say\u0131n Sezer ve rahmetli Say\u0131n \u00d6zal zaman\u0131nda da 29 Ekim kutlamalar\u0131na Cumhurba\u015fkan\u0131 kat\u0131l\u0131r, ak\u015fam da daveti sadece o verir, ikinci, \u00fc\u00e7\u00fcnc\u00fc bir davet veya kurumlar\u0131n farkl\u0131 gece tertip etmesi bug\u00fcne kadar ya\u015fanmam\u0131\u015ft\u0131r. 23 Nisan Meclisimizin a\u00e7\u0131ld\u0131\u011f\u0131 g\u00fcnd\u00fcr.<\/p>\n<p style=\"text-align: justify;\">O g\u00fcn An\u0131tkabir&#8217;e biz gideriz, kutlamalar\u0131 biz izleriz, ak\u015fam da resepsiyonu Meclis Ba\u015fkan\u0131 olarak biz veririz. Ya\u015fad\u0131\u011f\u0131m bu 5 y\u0131l ve onun \u00f6ncesi ve sonras\u0131nda 23 Nisan ak\u015fam\u0131 Meclis Ba\u015fkan\u0131&#8217;ndan ba\u015fka bir ki\u015finin ya da kurumun resepsiyon verdi\u011fini duymad\u0131m.<\/p>\n<p style=\"text-align: justify;\">30 A\u011fustos Zafer Bayram\u0131&#8217;d\u0131r, o g\u00fcn An\u0131tkabir&#8217;e asker gider, merasimlere onlarla beraber biz gideriz, resepsiyonu sadece askerimiz orduevinde verir. 30 A\u011fustos&#8217;un ak\u015fam\u0131nda hi\u00e7bir ba\u015fka kurum veya kurulu\u015fun orduevinde yap\u0131lan resepsiyona kar\u015f\u0131 bir alternatif resepsiyon yapt\u0131\u011f\u0131n\u0131 ne g\u00f6rd\u00fcm, ne duydum. Bu team\u00fcl yerle\u015fmi\u015ftir. Team\u00fcllere kar\u015f\u0131 farkl\u0131 \u015feyler yap\u0131l\u0131r m\u0131, yap\u0131l\u0131rsa nas\u0131l kar\u015f\u0131lan\u0131r, onu hem bunu yapanlara hem de kamuoyuna sormak laz\u0131m.<\/p>\n<p style=\"text-align: justify;\">Bir Cumhuriyet Bayram\u0131&#8217;nda devletimizi temsil eden, milletin birli\u011fini, ba\u015fkomutan s\u0131fat\u0131n\u0131 ta\u015f\u0131yan bir zat, Cumhurba\u015fkan\u0131m\u0131z bir davette bulunuyor, ba\u015fka bir kurum da oraya gitmemek i\u00e7in ba\u015fka bir resepsiyon tertipliyor. Bu \u015f\u0131k bir davran\u0131\u015f, do\u011fru bir davran\u0131\u015f de\u011fildir. Ama\u00e7 ne olursa olsun b\u00f6yle bir farkl\u0131l\u0131\u011f\u0131 ortaya koymak yanl\u0131\u015f anla\u015f\u0131l\u0131r, ele\u015ftirilir ve o kurumu y\u0131prat\u0131r. O kurumu y\u0131pratacak hareketlere hi\u00e7 kimsenin tevess\u00fcl etmemesi laz\u0131m.<\/p>\n<p style=\"text-align: justify;\">Devletin ba\u015f\u0131ndaki insan davet ediyor, buna ya kat\u0131l\u0131rs\u0131n\u0131z ya kat\u0131lmazsan\u0131z. Hi\u00e7 kimse bir y\u00fczba\u015f\u0131 kat\u0131lmad\u0131\u011f\u0131 zaman &#8216;niye gelmedi&#8217; diye ara\u015ft\u0131racak de\u011fildir, hi\u00e7 kimse &#8216;Ar\u0131n\u00e7 niye kat\u0131lmad\u0131&#8217; diye sormak ihtiyac\u0131 duymuyor, ama kurumlar\u0131 temsil eden insanlar\u0131n hakl\u0131 mazeretleri olmad\u0131k\u00e7a bu davetlere kat\u0131lmas\u0131 Cumhuriyetin de bir gelene\u011fidir.&#8221;<\/p>\n<p style=\"text-align: justify;\"><strong>&#8220;Ke\u015fke gelmesi gerekenler de gelseydi&#8221; <\/strong><\/p>\n<p style=\"text-align: justify;\">Ar\u0131n\u00e7, d\u00fcn ak\u015famki resepsiyona T\u00fcrkiye&#8217;nin farkl\u0131 kesimlerinden bin 500&#8217;e yak\u0131n davetlinin kat\u0131ld\u0131\u011f\u0131n\u0131 da belirterek, &#8220;Anadolu&#8217;nun bir haritas\u0131, bir toplam\u0131, T\u00fcrkiyemizin bir toplam\u0131 bu davete ko\u015farak gelmi\u015ftir. Ke\u015fke gelmesi gerekenler de gelseydi, ama bu T\u00fcrkiye&#8217;de siville\u015fme ad\u0131na, Say\u0131n Cumhurba\u015fkan\u0131m\u0131z\u0131n konumu ad\u0131na eksiklik de\u011fil, onlar kazan\u00e7l\u0131 \u00e7\u0131kt\u0131lar, karl\u0131 \u00e7\u0131kt\u0131lar \u00e7\u00fcnk\u00fc do\u011fru olan\u0131 yapt\u0131lar. Gelmeyenler kendi durumlar\u0131n\u0131 tekrar g\u00f6zden ge\u00e7irsinler. Halen Say\u0131n Abdullah G\u00fcl, Cumhurba\u015fkan\u0131d\u0131r, b\u00fct\u00fcn yetkilerini kullan\u0131yor, kullanmaya devam edecek. Be\u011fenenler veya be\u011fenmeyenler kendilerini buna g\u00f6re dizayn etsinler. T\u00fcrkiye&#8217;de g\u00fc\u00e7l\u00fc bir h\u00fck\u00fcmet var ve g\u00f6revine devam ediyor&#8221; diye konu\u015ftu.<\/p>\n<p style=\"text-align: justify;\">CHP Genel Ba\u015fkan\u0131 Kemal K\u0131l\u0131\u00e7daro\u011flu&#8217;nun resepsiyona kat\u0131lmayarak, &#8220;halkla kutlayaca\u011f\u0131m&#8221; a\u00e7\u0131klamas\u0131nda bulundu\u011funu hat\u0131rlatan Ar\u0131n\u00e7, &#8220;komedi dizilerine yans\u0131yacak \u015fekilde CHP&#8217;li milletvekillerinin resepsiyon g\u00fcn\u00fc nerede olacaklar\u0131n\u0131n gazetelerde yer ald\u0131\u011f\u0131n\u0131, CHP milletvekillerinin hayatlar\u0131nda hi\u00e7 gitmedik yerlere gidecekleri y\u00f6n\u00fcnde a\u00e7\u0131klamalarda bulunduklar\u0131n\u0131&#8221; kaydetti.<\/p>\n<p style=\"text-align: justify;\">&#8220;CHP&#8217;de, &#8216;ben Adana&#8217;da, ben Eski\u015fehir&#8217;de, ben Mu\u011fla&#8217;da olaca\u011f\u0131m&#8217; diyen diyene, ma\u015fallah ne kadar vatanda\u015f\u0131m\u0131zla, Anadolu&#8217;da bayram kutlamaya merakl\u0131larm\u0131\u015f. Ara\u015ft\u0131r\u0131n hi\u00e7 birinin o s\u00f6yledikleri yerlere gitmediklerini g\u00f6receksiniz&#8221; diyen Ar\u0131n\u00e7, \u015f\u00f6yle devam etti:<\/p>\n<p style=\"text-align: justify;\">&#8220;Bizi ilgilendiren Say\u0131n K\u0131l\u0131\u00e7daro\u011flu&#8217;nun &#8216;halkla kutlayaca\u011f\u0131m&#8217; s\u00f6z\u00fcd\u00fcr. Ben buna \u00e7ok sevindim, Ba\u011fc\u0131lar, G\u00fcng\u00f6ren ya da Gaziosmanpa\u015fa da kutlayacakt\u0131r diye \u00fcmit ettim. Bir de bakt\u0131k ki CHP, eski CHP. Ba\u011fdat Caddesi&#8217;nde kutluyorlar. Ba\u011fdat Caddesi&#8217;nde, jet sosyetenin en h\u0131zl\u0131 oldu\u011fu yerde ellerinde T\u00fcrk bayraklar\u0131, a\u011f\u0131zlar\u0131nda 10. Y\u0131l Mar\u015f\u0131 ile Cumhuriyet Bayram\u0131&#8217;n\u0131 kutluyorlar, onlar hale 1933&#8217;l\u00fc y\u0131llarda, halen 1930&#8217;lu, 1940&#8217;l\u0131 y\u0131llarda.<\/p>\n<p style=\"text-align: justify;\">Halbuki bir CHP&#8217;li Parti Meclisi \u00fcyesi ne g\u00fczel s\u00f6ylemi\u015fti, &#8216;art\u0131k 10. Y\u0131l Mar\u015f\u0131&#8217;n\u0131 b\u0131rakal\u0131m da 100. Y\u0131l Mar\u015f\u0131&#8217;n\u0131 yazal\u0131m&#8217; diye, onlar hala 10. y\u0131ldalar. Kad\u0131k\u00f6y Belediyesi ve toplad\u0131klar\u0131 kalabal\u0131k Ba\u011fdat Caddesi&#8217;nde y\u00fcr\u00fcy\u00fc\u015f yapt\u0131. Varo\u015flarda, veya \u0130stanbul&#8217;un 14 milyonun ya\u015fad\u0131\u011f\u0131 yerlerde halk denince akla gelecek topluluklarla bu bayram\u0131 kutlamad\u0131. S\u0131rf resepsiyona gelmemek i\u00e7in \u0130stanbul&#8217;a giden bir genel ba\u015fkan, bir taraftan a\u00e7\u0131k vermi\u015ftir ve Ba\u011fdat Caddesi&#8217;nde akl\u0131nca kutlama yapm\u0131\u015ft\u0131r.<\/p>\n<p style=\"text-align: justify;\">CHP 60 y\u0131ldan beri iktidara gelemiyor, 1950&#8217;den bu yana. Gelebilir mi, matematik olarak gelebilir. T\u00fcrkiye&#8217;de ciddi bir parti vizyonu \u00e7izerse, T\u00fcrkiye&#8217;yi \u00e7ok daha kalk\u0131nd\u0131raca\u011f\u0131n\u0131, geli\u015fmi\u015f bir \u00fclke olarak AB hedefine ula\u015ft\u0131raca\u011f\u0131n\u0131, sosyal adalet noktas\u0131nda ve di\u011fer konularda daha iyi bir programla ortaya \u00e7\u0131kaca\u011f\u0131n\u0131 s\u00f6ylerse halk\u0131m\u0131z oy verip belki kazand\u0131rabilir, ama hen\u00fcz siville\u015fmemi\u015f bir parti olarak bunu ba\u015farmas\u0131 m\u00fcmk\u00fcn de\u011fil. Neden siville\u015fmemi\u015ftir CHP, &#8216;Asker ve CHP resepsiyona kat\u0131lmad\u0131&#8217; ba\u015fl\u0131\u011f\u0131ndan dolay\u0131. Demek ki CHP&#8217;nin iktidara gelmesi i\u00e7in daha 60 y\u0131ll\u0131k bir \u00f6mre ihtiya\u00e7 var.&#8221;<\/p>\n<p style=\"text-align: justify;\"><strong>Oktay Ek\u015fi&#8217;nin istifas\u0131 <\/strong><\/p>\n<p style=\"text-align: justify;\">Bir gazetecinin, H\u00fcrriyet gazetesi ba\u015fyazar\u0131 Oktay Ek\u015fi&#8217;nin g\u00f6revinden istifa etti\u011fini an\u0131msatmas\u0131 \u00fczerine Ar\u0131n\u00e7, &#8220;Ben daha zor, daha \u00f6nemli bir \u015fey soracaks\u0131n\u0131z diye \u00e7ok heyecanlanm\u0131\u015ft\u0131m&#8221; cevab\u0131n\u0131 verdi.<\/p>\n<p style=\"text-align: justify;\">Ar\u0131n\u00e7, Ek\u015fi&#8217;nin ba\u015fyazarl\u0131ktan istifa etti\u011fini duydu\u011funu belirterek, &#8220;Bu kendi takdirleridir. Gazete ile aralar\u0131nda herhangi bir ili\u015fki olduysa bunu da bilmiyorum. Ancak son yaz\u0131s\u0131 fevkalade \u00e7irkin bir yaz\u0131yd\u0131&#8221; de\u011ferlendirmesinde bulundu.<\/p>\n<p style=\"text-align: justify;\">Ba\u015fbakan Recep Tayyip Erdo\u011fan&#8217;\u0131n d\u00fcnk\u00fc resepsiyonda yaz\u0131yla ili\u015fkili ele\u015ftirilerini dile getirdi\u011fini, Ek\u015fi&#8217;nin de bug\u00fcnk\u00fc yaz\u0131s\u0131nda \u00f6z\u00fcr dileyen ifadeler kulland\u0131\u011f\u0131n\u0131 kaydeden Ar\u0131n\u00e7, yaz\u0131daki \u00e7irkin ifadelerin hemen unutulacak ifadeler olmad\u0131\u011f\u0131n\u0131 s\u00f6yledi.<\/p>\n<p style=\"text-align: justify;\">Ar\u0131n\u00e7, &#8220;Bu istifa yeterli de\u011fil, Say\u0131n Ek\u015fi Bas\u0131n Konseyi ve Ahlak Konseyi&#8217;nin de ba\u015fkanl\u0131\u011f\u0131n\u0131 yap\u0131yor. Ben \u00f6nce oradan istifa etmesini bekliyorum. San\u0131r\u0131m ba\u015fyazarl\u0131ktan istifa etti. Say\u0131n Ek\u015fi&#8217;nin, Bas\u0131n Konseyi ba\u015fkanl\u0131\u011f\u0131ndan istifa etmesini daha uygun buluyorum, \u015f\u0131k olan budur&#8221; dedi.<\/p>\n<p style=\"text-align: justify;\"><a href=\"http:\/\/www.cnnturk.com\/2010\/turkiye\/10\/30\/arinc.chpnin.gozu.askerde.kulagi.bassavcida\/594831.0\/index.html\" target=\"_blank\"><span style=\"color: #888888;\">CNN T\u00dcRK<\/span><\/a><\/p>\n","protected":false},"excerpt":{"rendered":"<p style=\"text-align: center;\">\n<p style=\"text-align: justify;\">Ba\u015fbakan Yard\u0131mc\u0131s\u0131 B\u00fclent Ar\u0131n\u00e7, &#8220;CHP&#8217;nin g\u00f6z\u00fc askerde, kula\u011f\u0131 Yarg\u0131tay Cumhuriyet Ba\u015fsavc\u0131s\u0131&#8217;nda olacaksa b\u00f6yle bir parti hi\u00e7bir zaman demokrat olamaz, hi\u00e7bir zaman sivil olamaz, hi\u00e7bir zaman da iktidar olamaz. Bu resepsiyon ve bu t\u00fcrban konusunda s\u00f6yledikleri Cumhuriyet Halk Partisi&#8217;nin hala 1930&#8217;lu y\u0131llardaki gibi g\u00f6z\u00fcn\u00fcn askerde, kula\u011f\u0131n\u0131n Yarg\u0131tay Cumhuriyet Ba\u015fsavc\u0131s\u0131&#8217;nda oldu\u011funu g\u00f6steriyor&#8221; <\/p>\n","protected":false},"author":1,"featured_media":0,"comment_status":"open","ping_status":"closed","sticky":false,"template":"","format":"standard","meta":{"footnotes":""},"categories":[105],"tags":[],"class_list":["post-26851","post","type-post","status-publish","format-standard","hentry","category-gundem","odd"],"_links":{"self":[{"href":"http:\/\/www.korhanyilmaz.com\/index.php?rest_route=\/wp\/v2\/posts\/26851","targetHints":{"allow":["GET"]}}],"collection":[{"href":"http:\/\/www.korhanyilmaz.com\/index.php?rest_route=\/wp\/v2\/posts"}],"about":[{"href":"http:\/\/www.korhanyilmaz.com\/index.php?rest_route=\/wp\/v2\/types\/post"}],"author":[{"embeddable":true,"href":"http:\/\/www.korhanyilmaz.com\/index.php?rest_route=\/wp\/v2\/users\/1"}],"replies":[{"embeddable":true,"href":"http:\/\/www.korhanyilmaz.com\/index.php?rest_route=%2Fwp%2Fv2%2Fcomments&post=26851"}],"version-history":[{"count":0,"href":"http:\/\/www.korhanyilmaz.com\/index.php?rest_route=\/wp\/v2\/posts\/26851\/revisions"}],"wp:attachment":[{"href":"http:\/\/www.korhanyilmaz.com\/index.php?rest_route=%2Fwp%2Fv2%2Fmedia&parent=26851"}],"wp:term":[{"taxonomy":"category","embeddable":true,"href":"http:\/\/www.korhanyilmaz.com\/index.php?rest_route=%2Fwp%2Fv2%2Fcategories&post=26851"},{"taxonomy":"post_tag","embeddable":true,"href":"http:\/\/www.korhanyilmaz.com\/index.php?rest_route=%2Fwp%2Fv2%2Ftags&post=26851"}],"curies":[{"name":"wp","href":"https:\/\/api.w.org\/{rel}","templated":true}]}}