{"id":26846,"date":"2010-10-30T17:53:30","date_gmt":"2010-10-30T14:53:30","guid":{"rendered":"http:\/\/www.korhanyilmaz.com\/?p=26846"},"modified":"2010-10-30T17:53:30","modified_gmt":"2010-10-30T14:53:30","slug":"youtube-yasagi-kalkti","status":"publish","type":"post","link":"http:\/\/www.korhanyilmaz.com\/?p=26846","title":{"rendered":"YouTube yasa\u011f\u0131 kalkt\u0131"},"content":{"rendered":"<p style=\"text-align: center;\"><a href=\"http:\/\/www.korhanyilmaz.com\/wp-content\/uploads\/2010\/10\/1051.jpg\"  class=\"lightview\"><img loading=\"lazy\" decoding=\"async\" class=\"aligncenter size-full wp-image-26847\" src=\"http:\/\/www.korhanyilmaz.com\/wp-content\/uploads\/2010\/10\/1051.jpg\" alt=\"\" width=\"307\" height=\"236\" \/><\/a><\/p>\n<p style=\"text-align: justify;\">YouTube&#8217;a eri\u015fimin \u00f6n\u00fcndeki 2. 5 y\u0131ll\u0131k engel kalkt\u0131. Bir telif ajans\u0131 Atat\u00fcrk&#8217;e hakaret i\u00e7eren videolar\u0131n haklar\u0131n\u0131 sat\u0131n alarak, YouTube&#8217;dan kald\u0131rd\u0131. Ankara Savc\u0131l\u0131\u011f\u0131 da re&#8217;sen harekete ge\u00e7ti ve eri\u015fim engelini kald\u0131racak ad\u0131m\u0131 att\u0131. Savc\u0131l\u0131k, Telekom\u00fcnikasyon \u0130le\u015fim Ba\u015fkanl\u0131\u011f\u0131&#8217;na &#8221;eri\u015fime izin verin&#8221; dedi.<!--more--><\/p>\n<p style=\"text-align: justify;\">Ankara Cumhuriyet Ba\u015fsavc\u0131l\u0131\u011f\u0131 Bas\u0131n Su\u00e7lar\u0131 Soru\u015fturma B\u00fcrosu Savc\u0131s\u0131 K\u00fcr\u015fat Kayral, Emniyet Genel M\u00fcd\u00fcrl\u00fc\u011f\u00fc Bilim Su\u00e7lar\u0131 B\u00fcro Amirli\u011fi&#8217;ne yaz\u0131 yazarak YouTube&#8217;un kapat\u0131lmas\u0131na gerek\u00e7e olan ve Atat\u00fcrk&#8217;e hakaret i\u00e7eren d\u00f6rt videonun siteden kald\u0131r\u0131l\u0131p kald\u0131r\u0131lmad\u0131\u011f\u0131n\u0131 sordu.<\/p>\n<p style=\"text-align: justify;\">Emniyetten s\u00f6z konusu videolar\u0131n kald\u0131r\u0131ld\u0131\u011f\u0131na y\u00f6nelik cevap alan Kayral, 5651 say\u0131l\u0131 \u0130nternet Ortam\u0131nda Yap\u0131lan Yay\u0131nlar\u0131n D\u00fczenlenmesi ve Bu Yay\u0131nlar Yoluyla \u0130\u015flenen Su\u00e7larla M\u00fccadele Edilmesi Hakk\u0131nda Kanun&#8217;un 8. maddesinin 9. f\u0131kras\u0131na dayanarak YouTube&#8217;a eri\u015fimin engellenmesi karar\u0131n\u0131n kald\u0131r\u0131lmas\u0131na karar verdi.<\/p>\n<p style=\"text-align: justify;\">Savc\u0131, siteye eri\u015fimin serbest b\u0131rak\u0131lmas\u0131 i\u00e7in Telekom\u00fcnikasyon \u0130leti\u015fim Ba\u015fkanl\u0131\u011f\u0131&#8217;na gerekli yaz\u0131y\u0131 yazd\u0131.<\/p>\n<p style=\"text-align: justify;\">YouTube eri\u015fim, Ankara 1. Sulh Ceza Mahkemesi karar\u0131yla 5 May\u0131s 2008&#8217;den beri engelleniyordu.<\/p>\n<p style=\"text-align: justify;\">YouTube yetkilileri: &#8220;\u0130ncelemelerimiz s\u00fcr\u00fcyor&#8221;<\/p>\n<p style=\"text-align: justify;\">Video payla\u015f\u0131m sitesi YouTube, T\u00fcrkiye&#8217;de eri\u015fim yasa\u011f\u0131n\u0131n nas\u0131l kald\u0131r\u0131ld\u0131\u011f\u0131 konusundaki incelemelerinin s\u00fcrd\u00fc\u011f\u00fcn\u00fc bildirdi.<\/p>\n<p style=\"text-align: justify;\">YouTube yetkililerince yap\u0131lan yaz\u0131l\u0131 a\u00e7\u0131klamada, T\u00fcrkiye&#8217;de baz\u0131 kullan\u0131c\u0131lar\u0131n Youtube&#8217;a tekrar eri\u015febildikleri bilgisinin al\u0131nd\u0131\u011f\u0131 belirtilerek, bu geli\u015fmelerin izlendi\u011fi kaydedildi.<\/p>\n<p style=\"text-align: justify;\">A\u00e7\u0131klamada, &#8220;T\u00fcrkiye&#8217;de kapatmaya neden olan videolar, YouTube taraf\u0131ndan de\u011fil, \u00fc\u00e7\u00fcnc\u00fc bir kurulu\u015f taraf\u0131ndan mevcut &#8216;otomatik telif haklar\u0131 \u015fikayet&#8217; uygulamam\u0131z kullan\u0131larak kald\u0131r\u0131lm\u0131\u015ft\u0131r. Bu \u015fikayetin telif haklar\u0131 politikam\u0131za uygun olup olmad\u0131\u011f\u0131 ile ilgili ara\u015ft\u0131rmalar\u0131m\u0131z devam etmektedir&#8221; denildi.<\/p>\n<p style=\"text-align: justify;\"><strong>Bakan Y\u0131ld\u0131r\u0131m&#8217;\u0131n a\u00e7\u0131klamas\u0131 <\/strong><\/p>\n<p style=\"text-align: justify;\">Ula\u015ft\u0131rma Bakan\u0131 Binali Y\u0131ld\u0131r\u0131m, YouTube adl\u0131 internet sitesine eri\u015fim yasa\u011f\u0131yla ilgili olarak, &#8220;Bundan sonraki a\u015fama, yarg\u0131 karar\u0131 yerine getirildi\u011fine g\u00f6re, mahkemeye m\u00fcracaat edip tamamen bu filtrelemenin ortadan kald\u0131r\u0131lmas\u0131 a\u015famas\u0131d\u0131r&#8221; demi\u015fti.<\/p>\n<p style=\"text-align: justify;\">Y\u0131ld\u0131r\u0131m, ilk\u00f6\u011fretim ve liseler aras\u0131 kompozisyon, \u015fiir, resim ve foto\u011fraf dallar\u0131nda d\u00fczenlenen &#8220;Denizin Sesi&#8221; yar\u0131\u015fmas\u0131n\u0131n \u00f6d\u00fcl t\u00f6reninden sonra bas\u0131n mensuplar\u0131n\u0131n sorular\u0131n\u0131 yan\u0131tlad\u0131.<\/p>\n<p style=\"text-align: justify;\">Bir \u015firketin, YouTube&#8217;un yasaklanmas\u0131na neden olan i\u00e7erikleri kald\u0131rd\u0131\u011f\u0131 ve bu y\u00fczden art\u0131k yasaklanmaya neden olacak bir durumun olmad\u0131\u011f\u0131 y\u00f6n\u00fcndeki a\u00e7\u0131klamayla ilgili soru \u00fczerine Y\u0131ld\u0131r\u0131m, bahsedilen konunun bilgileri dahilinde geli\u015fti\u011fini s\u00f6yledi.<\/p>\n<p style=\"text-align: justify;\">Y\u0131ld\u0131r\u0131m, T\u00fcrkiye&#8217;nin bir hukuk devleti oldu\u011funu ve bu nedenle herkesin hukuka sayg\u0131 g\u00f6stermesi gerekti\u011fini vurgulayarak, \u015funlar\u0131 kaydetti:<\/p>\n<p style=\"text-align: justify;\">&#8220;Nihayet bu payla\u015f\u0131m sitesinin y\u00f6neticileri de bu y\u00f6nde hareket etmeye karar verdiler. Hukukun izlenmesinden ba\u015fka hi\u00e7bir yolun ge\u00e7erli olmad\u0131\u011f\u0131n\u0131 g\u00f6rd\u00fcler zannediyorum. Bundan sonraki a\u015fama, yarg\u0131 karar\u0131 yerine getirildi\u011fine g\u00f6re, mahkemeye m\u00fcracaat edip tamamen bu filtrelemenin ortadan kald\u0131r\u0131lmas\u0131 a\u015famas\u0131d\u0131r. G\u00f6rd\u00fc\u011f\u00fcn\u00fcz gibi herkes yasalara uyunca hi\u00e7bir sorun \u00e7\u0131km\u0131yor.&#8221;<\/p>\n<p style=\"text-align: justify;\"><a href=\"http:\/\/www.cnnturk.com\/2010\/turkiye\/10\/30\/youtube.yasagi.kalkti\/594793.0\/index.html\" target=\"_blank\"><span style=\"color: #888888;\">CNN T\u00dcRK<\/span><\/a><\/p>\n","protected":false},"excerpt":{"rendered":"<p style=\"text-align: center;\">\n<p style=\"text-align: justify;\">YouTube&#8217;a eri\u015fimin \u00f6n\u00fcndeki 2. 5 y\u0131ll\u0131k engel kalkt\u0131. Bir telif ajans\u0131 Atat\u00fcrk&#8217;e hakaret i\u00e7eren videolar\u0131n haklar\u0131n\u0131 sat\u0131n alarak, YouTube&#8217;dan kald\u0131rd\u0131. Ankara Savc\u0131l\u0131\u011f\u0131 da re&#8217;sen harekete ge\u00e7ti ve eri\u015fim engelini kald\u0131racak ad\u0131m\u0131 att\u0131. Savc\u0131l\u0131k, Telekom\u00fcnikasyon \u0130le\u015fim Ba\u015fkanl\u0131\u011f\u0131&#8217;na &#8221;eri\u015fime izin verin&#8221; dedi.<\/p>\n","protected":false},"author":1,"featured_media":0,"comment_status":"open","ping_status":"closed","sticky":false,"template":"","format":"standard","meta":{"footnotes":""},"categories":[105],"tags":[],"class_list":["post-26846","post","type-post","status-publish","format-standard","hentry","category-gundem","odd"],"_links":{"self":[{"href":"http:\/\/www.korhanyilmaz.com\/index.php?rest_route=\/wp\/v2\/posts\/26846","targetHints":{"allow":["GET"]}}],"collection":[{"href":"http:\/\/www.korhanyilmaz.com\/index.php?rest_route=\/wp\/v2\/posts"}],"about":[{"href":"http:\/\/www.korhanyilmaz.com\/index.php?rest_route=\/wp\/v2\/types\/post"}],"author":[{"embeddable":true,"href":"http:\/\/www.korhanyilmaz.com\/index.php?rest_route=\/wp\/v2\/users\/1"}],"replies":[{"embeddable":true,"href":"http:\/\/www.korhanyilmaz.com\/index.php?rest_route=%2Fwp%2Fv2%2Fcomments&post=26846"}],"version-history":[{"count":0,"href":"http:\/\/www.korhanyilmaz.com\/index.php?rest_route=\/wp\/v2\/posts\/26846\/revisions"}],"wp:attachment":[{"href":"http:\/\/www.korhanyilmaz.com\/index.php?rest_route=%2Fwp%2Fv2%2Fmedia&parent=26846"}],"wp:term":[{"taxonomy":"category","embeddable":true,"href":"http:\/\/www.korhanyilmaz.com\/index.php?rest_route=%2Fwp%2Fv2%2Fcategories&post=26846"},{"taxonomy":"post_tag","embeddable":true,"href":"http:\/\/www.korhanyilmaz.com\/index.php?rest_route=%2Fwp%2Fv2%2Ftags&post=26846"}],"curies":[{"name":"wp","href":"https:\/\/api.w.org\/{rel}","templated":true}]}}