{"id":26841,"date":"2010-10-30T20:49:01","date_gmt":"2010-10-30T17:49:01","guid":{"rendered":"http:\/\/www.korhanyilmaz.com\/?p=26841"},"modified":"2010-10-30T20:49:01","modified_gmt":"2010-10-30T17:49:01","slug":"oktay-eksi-hurriyetten-istifa-etti","status":"publish","type":"post","link":"http:\/\/www.korhanyilmaz.com\/?p=26841","title":{"rendered":"Oktay Ek\u015fi H\u00fcrriyet&#8217;ten istifa etti"},"content":{"rendered":"<p style=\"text-align: center;\"><a href=\"http:\/\/www.korhanyilmaz.com\/wp-content\/uploads\/2010\/10\/1041.jpg\"  class=\"lightview\"><img loading=\"lazy\" decoding=\"async\" class=\"aligncenter size-full wp-image-26842\" src=\"http:\/\/www.korhanyilmaz.com\/wp-content\/uploads\/2010\/10\/1041.jpg\" alt=\"\" width=\"307\" height=\"236\" \/><\/a><\/p>\n<p style=\"text-align: justify;\">H\u00fcrriyet gazetesi ba\u015fyazar\u0131 Oktay Ek\u015fi istifa etti. D\u00fcnk\u00fc hidroelektrik santralleriyle ilgili yaz\u0131s\u0131nda tepki \u00e7eken ifadeler kullanan Oktay Ek\u015fi hem yazar hem de ba\u015fyazarl\u0131k g\u00f6revlerinden ayr\u0131ld\u0131.<\/p>\n<p style=\"text-align: justify;\">Oktay Ek\u015fi hidroelektrik santralleriyle ilgili h\u00fck\u00fcmetin politikas\u0131n\u0131 ele\u015ftirdi\u011fi yaz\u0131s\u0131n\u0131 &#8220;\u015eimdi, her \u015feyi satan i\u015fte o zihniyetin marifetlerini g\u00f6r\u00fcyoruz&#8221; diye bitirmi\u015fti. <!--more--><\/p>\n<p style=\"text-align: justify;\">Yaz\u0131n\u0131n ta\u015fra bask\u0131s\u0131nda &#8220;bu zihniyet analar\u0131n\u0131 da satar&#8221; ifadelerinin yer ald\u0131\u011f\u0131 belirtildi.<\/p>\n<p style=\"text-align: justify;\">S\u00f6zkonusu bu ifadelerin daha sonra \u015fehir bask\u0131s\u0131ndan \u00e7\u0131kart\u0131ld\u0131\u011f\u0131 \u00f6\u011frenildi.<\/p>\n<p style=\"text-align: justify;\">Oktay Ek\u015fi, ertesi g\u00fcn kaleme ald\u0131\u011f\u0131 \u00f6z\u00fcr yaz\u0131s\u0131nda, &#8220;Sabah gazetede kendi yapt\u0131\u011f\u0131m de\u011fi\u015fikli\u011fi g\u00f6r\u00fcnce &#8216;Galiba kantar\u0131n topunuzu ka\u00e7\u0131rm\u0131\u015f\u0131z&#8217; dedim ama i\u015f i\u015ften ge\u00e7mi\u015fti. Ger\u00e7ekten ifade hem maksad\u0131m\u0131 a\u015fm\u0131\u015ft\u0131, hem de bu s\u00fctunu izleyenlerin yad\u0131rgayaca\u011f\u0131 kadar a\u011f\u0131r ka\u00e7m\u0131\u015ft\u0131&#8217; ifadelerini kullanm\u0131\u015ft\u0131.<\/p>\n<p style=\"text-align: justify;\">Bas\u0131n Konseyi Ba\u015fkanl\u0131\u011f\u0131 devam edecek mi?<\/p>\n<p style=\"text-align: justify;\">Bu arada Ek\u015fi, istifa gerek\u00e7elerini yar\u0131n yay\u0131mlanacak yaz\u0131s\u0131nda a\u00e7\u0131klayaca\u011f\u0131n\u0131 bildirdi.<\/p>\n<p style=\"text-align: justify;\">&#8220;Bas\u0131n Konseyi Ba\u015fkanl\u0131\u011f\u0131 g\u00f6reviniz devam edecek mi?&#8221; sorusu \u00fczerine Ek\u015fi, H\u00fcrriyet gazetesinden istifas\u0131n\u0131n Bas\u0131n Konseyi ile alakas\u0131 bulunmad\u0131\u011f\u0131n\u0131 s\u00f6yledi.<\/p>\n<p style=\"text-align: justify;\">Ek\u015fi, &#8220;Ben de bunlar\u0131 \u015fimdi televizyonda g\u00f6r\u00fcyorum. B\u00fclent Ar\u0131n\u00e7 Bey, b\u00f6yle bir beklentiden s\u00f6z ediyor. Bu kendi beklentisi&#8221; dedi.<\/p>\n<p style=\"text-align: justify;\"><a href=\"http:\/\/www.cnnturk.com\/2010\/turkiye\/10\/30\/oktay.eksi.hurriyetten.istifa.etti\/594832.0\/index.html\" target=\"_blank\"><span style=\"color: #888888;\">CNN T\u00dcRK<\/span><\/a><\/p>\n","protected":false},"excerpt":{"rendered":"<p style=\"text-align: center;\">\n<p style=\"text-align: justify;\">H\u00fcrriyet gazetesi ba\u015fyazar\u0131 Oktay Ek\u015fi istifa etti. D\u00fcnk\u00fc hidroelektrik santralleriyle ilgili yaz\u0131s\u0131nda tepki \u00e7eken ifadeler kullanan Oktay Ek\u015fi hem yazar hem de ba\u015fyazarl\u0131k g\u00f6revlerinden ayr\u0131ld\u0131.<\/p>\n<p style=\"text-align: justify;\">Oktay Ek\u015fi hidroelektrik santralleriyle ilgili h\u00fck\u00fcmetin politikas\u0131n\u0131 ele\u015ftirdi\u011fi yaz\u0131s\u0131n\u0131 &#8220;\u015eimdi, her \u015feyi satan i\u015fte o zihniyetin marifetlerini g\u00f6r\u00fcyoruz&#8221; diye bitirmi\u015fti. <\/p>\n","protected":false},"author":1,"featured_media":0,"comment_status":"open","ping_status":"closed","sticky":false,"template":"","format":"standard","meta":{"footnotes":""},"categories":[105],"tags":[],"class_list":["post-26841","post","type-post","status-publish","format-standard","hentry","category-gundem","odd"],"_links":{"self":[{"href":"http:\/\/www.korhanyilmaz.com\/index.php?rest_route=\/wp\/v2\/posts\/26841","targetHints":{"allow":["GET"]}}],"collection":[{"href":"http:\/\/www.korhanyilmaz.com\/index.php?rest_route=\/wp\/v2\/posts"}],"about":[{"href":"http:\/\/www.korhanyilmaz.com\/index.php?rest_route=\/wp\/v2\/types\/post"}],"author":[{"embeddable":true,"href":"http:\/\/www.korhanyilmaz.com\/index.php?rest_route=\/wp\/v2\/users\/1"}],"replies":[{"embeddable":true,"href":"http:\/\/www.korhanyilmaz.com\/index.php?rest_route=%2Fwp%2Fv2%2Fcomments&post=26841"}],"version-history":[{"count":0,"href":"http:\/\/www.korhanyilmaz.com\/index.php?rest_route=\/wp\/v2\/posts\/26841\/revisions"}],"wp:attachment":[{"href":"http:\/\/www.korhanyilmaz.com\/index.php?rest_route=%2Fwp%2Fv2%2Fmedia&parent=26841"}],"wp:term":[{"taxonomy":"category","embeddable":true,"href":"http:\/\/www.korhanyilmaz.com\/index.php?rest_route=%2Fwp%2Fv2%2Fcategories&post=26841"},{"taxonomy":"post_tag","embeddable":true,"href":"http:\/\/www.korhanyilmaz.com\/index.php?rest_route=%2Fwp%2Fv2%2Ftags&post=26841"}],"curies":[{"name":"wp","href":"https:\/\/api.w.org\/{rel}","templated":true}]}}