{"id":26813,"date":"2010-10-28T08:45:51","date_gmt":"2010-10-28T05:45:51","guid":{"rendered":"http:\/\/www.korhanyilmaz.com\/?p=26813"},"modified":"2010-10-28T08:45:51","modified_gmt":"2010-10-28T05:45:51","slug":"az-demisiz","status":"publish","type":"post","link":"http:\/\/www.korhanyilmaz.com\/?p=26813","title":{"rendered":"Az demi\u015fiz"},"content":{"rendered":"<div id=\"attachment_26814\" style=\"width: 145px\" class=\"wp-caption alignleft\"><a title=\"Oktay Ek\u015fi\" href=\"http:\/\/www.korhanyilmaz.com\/wp-content\/uploads\/2010\/10\/oktay_eksi1.jpg\"  class=\"lightview\"><img loading=\"lazy\" decoding=\"async\" aria-describedby=\"caption-attachment-26814\" class=\"size-full wp-image-26814  \" style=\"margin-left: 10px; margin-right: 10px;\" title=\"Oktay Ek\u015fi - H\u00fcrriyet Gazetesi\" src=\"http:\/\/www.korhanyilmaz.com\/wp-content\/uploads\/2010\/10\/oktay_eksi1.jpg\" alt=\"\" width=\"135\" height=\"135\" \/><\/a><p id=\"caption-attachment-26814\" class=\"wp-caption-text\">Oktay Ek\u015fi<\/p><\/div>\n<p style=\"text-align: justify;\">GE\u00c7ENLERDE bir tepkimizi dile getirirken \u00c7evre ve Orman Bakan\u0131 Prof. Dr. Veysel Ero\u011flu&#8217;nun \u201cneyin bakan\u0131?\u201d oldu\u011funu sormu\u015ftuk. Me\u011fer bu laf tam yerine oturuyormu\u015f. Onu da \u00c7evre Bakan\u0131&#8217;n\u0131n, \u201ccennet\u201d g\u00fczelli\u011findeki \u0130kizdere Vadisi&#8217;nde 22 adet hidroelektrik baraj yap\u0131lmas\u0131n\u0131 engelleyen sit karar\u0131na g\u00f6sterdi\u011fi tepkiyle anlad\u0131k. <!--more--><\/p>\n<p style=\"text-align: justify;\">Konunun bir \u201chukuki\u201d taraf\u0131 da var ama, ona gelmeden de\u011finelim:<\/p>\n<p style=\"text-align: justify;\">Veysel Ero\u011flu&#8217;nun asl\u0131nda \u00c7evre Bakan\u0131 anlay\u0131\u015f\u0131yla de\u011fil \u201c\u00c7evre D\u00fc\u015fmanl\u0131\u011f\u0131 Bakan\u0131\u201d gibi g\u00f6rev yapt\u0131\u011f\u0131n\u0131 g\u00f6steren son haberi, arkada\u015f\u0131m\u0131z Nuray Babacan d\u00fcn bildirdi:<\/p>\n<p style=\"text-align: justify;\">\u0130kizdere Vadisi&#8217;nde Hidroeldektrik Santrallar (HES) kurmak i\u00e7in baraj in\u015fa edilmesine biliyorsunuz \u00f6nce y\u00f6redeki bilin\u00e7li insanlar kar\u015f\u0131 \u00e7\u0131kt\u0131.<\/p>\n<p style=\"text-align: justify;\">\u00c7\u00fcnk\u00fc her baraj\u0131n y\u00f6redeki tabiat\u0131 mahvedece\u011fi a\u015fik\u00e2rd\u0131. \u0130kizdereliler belki de Veysel Ero\u011flu&#8217;nun s\u0131fat\u0131na bak\u0131p kendilerini destekleyece\u011fini sanm\u0131\u015flard\u0131.<\/p>\n<p style=\"text-align: justify;\">Oysa Ero\u011flu kendisini h\u00e2l\u00e2 Devlet Su \u0130\u015fleri Genel M\u00fcd\u00fcr\u00fc koltu\u011funda oturuyor sand\u0131\u011f\u0131 i\u00e7in tam tersini yapt\u0131:<\/p>\n<p style=\"text-align: justify;\">Tam bir \u00e7evre d\u00fc\u015fman\u0131 gibi HES yap\u0131m\u0131nda \u0131srar etti. Ama Trabzon&#8217;daki K\u00fclt\u00fcr ve Tabiat Varl\u0131klar\u0131n\u0131 Koruma Kurulu ge\u00e7en g\u00fcn \u0130kizdere Vadisi&#8217;ni \u201csit alan\u0131\u201d ilan edip de baraj yap\u0131m\u0131n\u0131 durdurunca aynen Ba\u015fbakan Tayyip Erdo\u011fan gibi o da k\u00fcplere bindi.<\/p>\n<p style=\"text-align: justify;\">\u201cHES&#8217;lere kar\u015f\u0131 \u00e7\u0131kanlar Avrupa&#8217;dan finanse ediliyor\u201d diyen Enerji ve Tabii Kaynaklar Bakan\u0131 Taner Y\u0131ld\u0131z gibi (3 Eyl\u00fcl 2010 gazeteler) o da tuttu, \u201c\u00fclkesini seven, enerjide d\u0131\u015fa ba\u011f\u0131ml\u0131l\u0131\u011f\u0131n azalmas\u0131n\u0131 isteyen vatansever \u00e7evrecilerin de oldu\u011funu\u201d s\u00f6yleyerek kendisini ele\u015ftirenlerin hareketini \u201cvatan hainli\u011fi\u201d ile a\u00e7\u0131klad\u0131.<\/p>\n<p style=\"text-align: justify;\">Me\u011fer o da yetmemi\u015fmi\u015f.<\/p>\n<p style=\"text-align: justify;\">Nuray Babacan&#8217;\u0131n haberi i\u015fte onu ortaya koyuyor. \u00c7\u00fcnk\u00fc haberde \u201c\u0130kizdere Vadisi\u201dnin \u201csit alan\u0131\u201d oldu\u011funa karar veren Kurulun elindeki yetkinin oradan al\u0131n\u0131p \u00c7evre Bakanl\u0131\u011f\u0131&#8217;na verilmesini \u00f6ng\u00f6ren bir yasal de\u011fi\u015fikli\u011fin Meclis&#8217;e sunuldu\u011fu bildiriliyor.<\/p>\n<p style=\"text-align: justify;\">\u015eimdi g\u00f6r\u00fcrs\u00fcn\u00fcz T\u00fcrkiye&#8217;nin g\u00fczelliklerinin \u0131rz\u0131na nas\u0131l ge\u00e7ildi\u011fini&#8230;<\/p>\n<p style=\"text-align: justify;\">Yukar\u0131da Veysel Ero\u011flu&#8217;nun s\u0131fat\u0131 ile yapt\u0131\u011f\u0131n\u0131n birbirine z\u0131t oldu\u011fundan s\u00f6z etmi\u015ftik. Bunun \u201chukuki\u201d zeminini de s\u00f6yleyelim:<\/p>\n<p style=\"text-align: justify;\">Biliyorsunuz devletin her kurumunun varl\u0131\u011f\u0131, onunla ilgili yasa h\u00fckm\u00fcne dayan\u0131r. A\u00e7\u0131n \u00c7evre ve Orman Bakanl\u0131\u011f\u0131&#8217;n\u0131n kurulu\u015f yasas\u0131n\u0131 okuyun. Burada \u00c7evre ve Orman Bakanl\u0131\u011f\u0131&#8217;n\u0131n, \u201cbaraj\u201d yapmas\u0131na izin veren tek kelimelik bir h\u00fck\u00fcm yok.<\/p>\n<p style=\"text-align: justify;\">Tam tersine yasa, \u00c7evre Bakan\u0131&#8217;na, bu s\u0131fat\u0131yla ilgili tam 13 adet g\u00f6rev vermi\u015f. Onlardan biri olarak da \u201c\u00c7evreye olumsuz etkileri olan her t\u00fcrl\u00fc faaliyeti \u00fclke b\u00fct\u00fcn\u00fcnde izlemesini ve denetlemesini\u201d emretmi\u015f.<\/p>\n<p style=\"text-align: justify;\">Ama anla\u015f\u0131lan bir kararla Devlet Su \u0130\u015fleri&#8217;ni \u00c7evre Bakan\u0131&#8217;na ba\u011flam\u0131\u015flar yani \u201ck\u00fcmesi tilkiye teslim edip\u201d meseleyi \u00e7\u00f6zm\u00fc\u015fler.<\/p>\n<p style=\"text-align: justify;\">Biliyorsunuz \u201cileri demokrasi\u201d ve yeni \u201chukuk devleti\u201d anlay\u0131\u015f\u0131yla y\u00f6netiliyoruz ya&#8230;<\/p>\n<p style=\"text-align: justify;\">Bu anlay\u0131\u015f, Anadolu&#8217;daki 2000&#8217;den fazla akarsuyu, o y\u00f6renin tabiat\u0131na ne zarar verece\u011fini hesaba katmadan tuttu \u201cBaraj yap\u0131p elektrik \u00fcretece\u011fim, bunu da devlete sataca\u011f\u0131m\u201d diyen \u015firketlere 49 y\u0131l i\u00e7in pe\u015fke\u015f \u00e7ekti.<\/p>\n<p style=\"text-align: justify;\">\u015eimdi, <span style=\"text-decoration: underline;\"><strong>her \u015feyi satan<\/strong><\/span> i\u015fte o zihniyetin marifetlerini g\u00f6r\u00fcyoruz.<\/p>\n<p style=\"text-align: justify;\"><a href=\"http:\/\/hurarsiv.hurriyet.com.tr\/goster\/haber.aspx?id=16156737&amp;yazarid=1&amp;tarih=2010-10-28\" target=\"_blank\"><span style=\"color: #888888;\">Oktay Ek\u015fi &#8211; H\u00fcrriyet<\/span><\/a><\/p>\n","protected":false},"excerpt":{"rendered":"<p id=\"caption-attachment-26814\" class=\"wp-caption-text\">Oktay Ek\u015fi<\/p>\n<p style=\"text-align: justify;\">GE\u00c7ENLERDE bir tepkimizi dile getirirken \u00c7evre ve Orman Bakan\u0131 Prof. Dr. Veysel Ero\u011flu&#8217;nun \u201cneyin bakan\u0131?\u201d oldu\u011funu sormu\u015ftuk. Me\u011fer bu laf tam yerine oturuyormu\u015f. Onu da \u00c7evre Bakan\u0131&#8217;n\u0131n, \u201ccennet\u201d g\u00fczelli\u011findeki \u0130kizdere Vadisi&#8217;nde 22 adet hidroelektrik baraj yap\u0131lmas\u0131n\u0131 engelleyen sit karar\u0131na g\u00f6sterdi\u011fi tepkiyle anlad\u0131k. <\/p>\n","protected":false},"author":1,"featured_media":0,"comment_status":"open","ping_status":"closed","sticky":false,"template":"","format":"standard","meta":{"footnotes":""},"categories":[16],"tags":[28],"class_list":["post-26813","post","type-post","status-publish","format-standard","hentry","category-kose-yazilari","tag-oktay-eksi","odd"],"_links":{"self":[{"href":"http:\/\/www.korhanyilmaz.com\/index.php?rest_route=\/wp\/v2\/posts\/26813","targetHints":{"allow":["GET"]}}],"collection":[{"href":"http:\/\/www.korhanyilmaz.com\/index.php?rest_route=\/wp\/v2\/posts"}],"about":[{"href":"http:\/\/www.korhanyilmaz.com\/index.php?rest_route=\/wp\/v2\/types\/post"}],"author":[{"embeddable":true,"href":"http:\/\/www.korhanyilmaz.com\/index.php?rest_route=\/wp\/v2\/users\/1"}],"replies":[{"embeddable":true,"href":"http:\/\/www.korhanyilmaz.com\/index.php?rest_route=%2Fwp%2Fv2%2Fcomments&post=26813"}],"version-history":[{"count":0,"href":"http:\/\/www.korhanyilmaz.com\/index.php?rest_route=\/wp\/v2\/posts\/26813\/revisions"}],"wp:attachment":[{"href":"http:\/\/www.korhanyilmaz.com\/index.php?rest_route=%2Fwp%2Fv2%2Fmedia&parent=26813"}],"wp:term":[{"taxonomy":"category","embeddable":true,"href":"http:\/\/www.korhanyilmaz.com\/index.php?rest_route=%2Fwp%2Fv2%2Fcategories&post=26813"},{"taxonomy":"post_tag","embeddable":true,"href":"http:\/\/www.korhanyilmaz.com\/index.php?rest_route=%2Fwp%2Fv2%2Ftags&post=26813"}],"curies":[{"name":"wp","href":"https:\/\/api.w.org\/{rel}","templated":true}]}}