{"id":26812,"date":"2010-10-30T01:08:49","date_gmt":"2010-10-29T22:08:49","guid":{"rendered":"http:\/\/www.korhanyilmaz.com\/?p=26812"},"modified":"2010-10-30T01:08:49","modified_gmt":"2010-10-29T22:08:49","slug":"basbakan-oktay-eksi%e2%80%99ye-savas-acti","status":"publish","type":"post","link":"http:\/\/www.korhanyilmaz.com\/?p=26812","title":{"rendered":"Ba\u015fbakan, Oktay Ek\u015fi\u2019ye sava\u015f a\u00e7t\u0131"},"content":{"rendered":"<p><a href=\"http:\/\/www.korhanyilmaz.com\/wp-content\/uploads\/2010\/10\/oktay_eksi01.jpg\"  class=\"lightview\"><img loading=\"lazy\" decoding=\"async\" class=\"size-full wp-image-26817 aligncenter\" src=\"http:\/\/www.korhanyilmaz.com\/wp-content\/uploads\/2010\/10\/oktay_eksi01.jpg\" alt=\"\" width=\"300\" height=\"200\" \/><\/a><\/p>\n<p style=\"text-align: justify;\">Cumhurba\u015fkanl\u0131\u011f\u0131 K\u00f6\u015fk\u00fc\u2019ndeki resepsiyonda en \u00e7ok konu\u015fulan konu Ba\u015fbakan Erdo\u011fan\u2019\u0131n \u00e7evresindeki bas\u0131n mensuplar\u0131na H\u00fcrriyet Gazetesi Ba\u015fyazar\u0131 Oktay Ek\u015fi hakk\u0131nda s\u00f6yledi\u011fi \u201cBu gazetecilik de\u011fil. Onunla m\u00fccadele edece\u011fim. G\u00f6receksiniz bak\u0131n neler olacak\u201d s\u00f6zleri damgas\u0131n\u0131 vurdu.<!--more--><\/p>\n<p style=\"text-align: justify;\">Erdo\u011fan\u2019\u0131n Ek\u015fi\u2019ye sava\u015f a\u00e7mas\u0131na neden olan yaz\u0131 \u00f6nceki g\u00fcn H\u00fcrriyet\u2019te yay\u0131nlanan ve HES\u2019lerle ilgili olan \u201c<a href=\"http:\/\/www.korhanyilmaz.com\/?p=26813\"><strong>AZ DEMI\u015e\u0130Z<\/strong><\/a>\u201d isimli yaz\u0131yd\u0131.<span style=\"background-color: #ff9900;\"> <a href=\"http:\/\/www.korhanyilmaz.com\/?p=26813\">&gt;&gt;<\/a><\/span><\/p>\n<p style=\"text-align: justify;\"><strong>HURRIYET.COM.TR, OKTAY EK\u015e\u0130&#8217;N\u0130N AYIBINI D\u00dcZELTT\u0130 M\u0130?<\/strong><\/p>\n<p style=\"text-align: justify;\">Ba\u015fbakan\u2019\u0131 \u00e7ileden \u00e7\u0131kartt\u0131\u011f\u0131 anla\u015f\u0131lan yaz\u0131n\u0131n son c\u00fcmlesi internetteki versiyonda \u015f\u00f6yle yer al\u0131yor:<\/p>\n<p style=\"text-align: justify;\">\u201c\u015eimdi, <span style=\"text-decoration: underline;\"><strong>her \u015feyi satan<\/strong><\/span> i\u015fte o zihniyetin marifetlerini g\u00f6r\u00fcyoruz.\u201d<\/p>\n<p style=\"text-align: justify;\">Oysa <span style=\"text-decoration: underline;\">Ba\u015fbakan\u2019\u0131n tepkisine yol a\u00e7an<\/span> ve H\u00fcrriyet\u2019in <span style=\"text-decoration: underline;\"><strong>28 Ekim 2010<\/strong> tarihli ger\u00e7ek say\u0131s\u0131ndaki (hardcopy)<\/span> ayn\u0131 yaz\u0131n\u0131n son c\u00fcmlesi \u015f\u00f6yleydi:<\/p>\n<p style=\"text-align: justify;\">\u201c\u015eimdi, <span style=\"text-decoration: underline;\"><strong>analar\u0131n\u0131 bile satan<\/strong><\/span> i\u015fte o zihniyetin marifetlerini g\u00f6r\u00fcyoruz\u201d<\/p>\n<p style=\"text-align: justify;\">\n<p style=\"text-align: center;\"><a href=\"http:\/\/www.korhanyilmaz.com\/wp-content\/uploads\/2010\/10\/101.jpg\"  class=\"lightview\"><img loading=\"lazy\" decoding=\"async\" class=\"aligncenter size-full wp-image-26828\" src=\"http:\/\/www.korhanyilmaz.com\/wp-content\/uploads\/2010\/10\/101.jpg\" alt=\"\" width=\"465\" height=\"247\" \/><\/a><\/p>\n<p style=\"text-align: justify;\"><strong>EK\u015e\u0130 \u00d6Z\u00dcR D\u0130LED\u0130: AYARI KA\u00c7IRMI\u015eIZ<\/strong><\/p>\n<p style=\"text-align: justify;\">Yazd\u0131\u011f\u0131 yaz\u0131dan dolay\u0131 Ba\u015fbakan Erdo\u011fan&#8217;\u0131n &#8220;Bu gazetecilik de\u011fil, onunla m\u00fccadele edece\u011fim, G\u00f6receksiniz bak\u0131n neler olacak&#8221; dedi\u011fi Oktay Ek\u015fi, bug\u00fcnk\u00fc k\u00f6\u015fesinde bir \u00f6z\u00fcr metnine yer verdi. &#8220;Ayar\u0131 ka\u00e7\u0131rm\u0131\u015f\u0131z&#8221; ba\u015fl\u0131\u011f\u0131yla yaz\u0131s\u0131n\u0131 yay\u0131mlayan Ek\u015fi, o ifadeyi son anda yaz\u0131ya koydu\u011funu ve sonraki g\u00fcn gazeteyi eline ald\u0131\u011f\u0131nda kendisini de biraz ayar\u0131 ka\u00e7\u0131rd\u0131\u011f\u0131n\u0131n fark\u0131na vard\u0131\u011f\u0131n\u0131 s\u00f6yledi. \u0130\u015fte Oktay Ek\u015fi&#8217;nin o \u00f6z\u00fcr yaz\u0131s\u0131&#8230;<\/p>\n<p style=\"text-align: justify;\"><a href=\"http:\/\/www.hurriyet.com.tr\/yazarlar\/16172000.asp?yazarid=1&amp;gid=61\" target=\"_blank\"><span style=\"background-color: #ff9900;\"><strong>&#8220;Ayar\u0131 ka\u00e7\u0131rm\u0131\u015f\u0131z&#8221;<\/strong><\/span><\/a><\/p>\n<p style=\"text-align: justify;\">Okuyucudan tepki gelmese belki unutup gidecektik. Ama \u201cBu d\u00fcped\u00fcz hakaret anlam\u0131na geliyor\u201d t\u00fcr\u00fc uyar\u0131lar \u00fczerine d\u00f6n\u00fcp bak\u0131nca, itiraf edelim, \u201cLaf\u0131n hem ayar\u0131n\u0131 ka\u00e7\u0131rm\u0131\u015f\u0131z, hem de seviyesini \u00e7ok d\u00fc\u015f\u00fcrm\u00fc\u015f\u00fcz\u201d diye \u00e7ok rahats\u0131z olduk. \u00d6nce kimi rencide etmi\u015fsek t\u00fcm i\u00e7tenli\u011fimizle \u00f6z\u00fcr diliyoruz.<\/p>\n<p style=\"text-align: justify;\">Gelelim \u015fimdi hik\u00e2yenin kendisine:<\/p>\n<p style=\"text-align: justify;\">Bize yani H\u00fcrriyet\u2019in k\u00f6\u015fe yazarlar\u0131na kendi yaz\u0131lar\u0131n\u0131, \u201ce\u011fer ifade d\u00fc\u015f\u00fckl\u00fc\u011f\u00fc, bilgi yanl\u0131\u015f\u0131, eksik anlat\u0131m gibi bir kusur varsa d\u00fczeltmesi i\u00e7in\u201d bir f\u0131rsat verilir yani ya evine gazetenin erken bask\u0131lar\u0131 g\u00f6nderilir veya yaz\u0131s\u0131 fakslan\u0131r.<\/p>\n<p style=\"text-align: justify;\">Bu profesyonel m\u00fckemmeliyet\u00e7ili\u011fin gere\u011fidir ve y\u0131llard\u0131r yap\u0131l\u0131r.<\/p>\n<p style=\"text-align: justify;\">Biz yazarlar -en az\u0131ndan ben \u00f6yleyimdir- ge\u00e7 vakit de olsa, o metni bir kere daha g\u00f6zden ge\u00e7iririz. Zaman olur yaz\u0131ya ilave yapar\u0131z. Zaman olur yaz\u0131n\u0131n b\u00fct\u00fcn\u00fcn\u00fc de\u011fi\u015ftiririz. Zaman olur i\u00e7indeki bir ifadeyi yeterince a\u00e7\u0131k yahut \u00e7arp\u0131c\u0131 bulmaz, onun yerine ba\u015fka bir c\u00fcmle yazar\u0131z.<\/p>\n<p style=\"text-align: justify;\">\u015eimdi bu yaz\u0131y\u0131 yazmam\u0131za sebep olan makalenin ba\u015f\u0131ndan aynen \u00f6yle bir \u015fey ge\u00e7ti.<\/p>\n<p style=\"text-align: justify;\">Ge\u00e7en gece, yani 27 Ekim g\u00fcn\u00fc saat 23.30 sular\u0131yd\u0131. \u201cOkuyucunun \u00f6n\u00fcne \u00e7\u0131kacak metinde hata olmas\u0131n\u201d diye, eve fakslanm\u0131\u015f yaz\u0131y\u0131 g\u00f6zden ge\u00e7irdim. Ger\u00e7ekten metinde ufak tefek hatalar vard\u0131. Onlar\u0131 d\u00fczelttim.<\/p>\n<p style=\"text-align: justify;\">Yaz\u0131, Rize\u2019nin \u0130kizdere vadisinde 22 adet Hidroelektrik Santral yap\u0131lmas\u0131n\u0131 engelleyen Trabzon K\u00fclt\u00fcr ve Tabiat Varl\u0131klar\u0131n\u0131 Koruma Kurulu\u2019nun karar\u0131na destek veriyor ve \u201cElektrik \u00fcretimi i\u00e7in \u00fclkedeki t\u00fcm akarsular\u0131n kullanma hakk\u0131n\u0131n 49 y\u0131ll\u0131\u011f\u0131na \u00f6zel \u015firketlere verilmesini\u201d bir \u201cpe\u015fke\u015f \u00e7ekme\u201d olarak nitelendiriyordu.<\/p>\n<p style=\"text-align: justify;\">Konu\u015fmac\u0131lar gibi yazarlar da son c\u00fcmlenin \u201cvurucu\u201d olmas\u0131n\u0131 isterler. \u00c7\u00fcnk\u00fc dinledi\u011finiz konu\u015fman\u0131n yahut okudu\u011funuz yaz\u0131n\u0131n deyim yerindeyse tad\u0131 o son c\u00fcmlededir.<\/p>\n<p style=\"text-align: justify;\">Ben de, akarsular\u0131n kullanma hakk\u0131n\u0131n 49 y\u0131ll\u0131\u011f\u0131na verilmesiyle ilgili hususu, \u201c\u015eimdi, her \u015feyi satan i\u015fte o zihniyetin marifetini g\u00f6r\u00fcyoruz\u201d diyerek ifade etmi\u015ftim.<\/p>\n<p style=\"text-align: justify;\">Akl\u0131ma bir \u00f6nceki Maliye Bakan\u0131 Kemal Unak\u0131tan\u2019\u0131n me\u015fhur \u201cBabalar gibi sataca\u011f\u0131z\u201d s\u00f6z\u00fc geldi. Ondan esinlenerek \u201cher \u015feyi satan zihniyet\u201d ifadesini de\u011fi\u015ftirip \u201canalar\u0131n\u0131 bile satan\u201d yapt\u0131m ve o metni gazeteye fakslad\u0131m.<\/p>\n<p style=\"text-align: justify;\">Bu de\u011fi\u015fiklik sadece saat 24\u2019ten sonra bas\u0131lan gazetelere yani \u015fehir i\u00e7lerinde da\u011f\u0131t\u0131lan H\u00fcrriyet\u2019lere girdi.<\/p>\n<p style=\"text-align: justify;\">Ertesi sabah gazetede kendi yapt\u0131\u011f\u0131m de\u011fi\u015fikli\u011fi g\u00f6r\u00fcnce \u201cGaliba kantar\u0131n topunuzu ka\u00e7\u0131rm\u0131\u015f\u0131z\u201d dedim ama i\u015f i\u015ften ge\u00e7mi\u015fti.<\/p>\n<p style=\"text-align: justify;\">Ger\u00e7ekten ifade hem \u201cmaksad\u0131m\u0131\u201d a\u015fm\u0131\u015ft\u0131, hem de bu s\u00fctunu izleyenlerin yad\u0131rgayaca\u011f\u0131 kadar a\u011f\u0131r ka\u00e7m\u0131\u015ft\u0131.<\/p>\n<p style=\"text-align: justify;\">Nitekim okuyucu hi\u00e7bir faturay\u0131 \u00f6detmeden b\u0131rakmaz:<\/p>\n<p style=\"text-align: justify;\">Protestolar ya\u011f\u0131nca, ba\u015fa d\u00f6nd\u00fck ve \u201cvurucu ifade\u201d \u015fehvetine kap\u0131l\u0131p birilerini -\u00f6zellikle siyasi iktidar\u0131- rencide etti\u011fimizi g\u00f6rd\u00fck.<\/p>\n<p style=\"text-align: justify;\">Konuyu bir de gazetede kendi aram\u0131zda tartt\u0131k. Sonunda \u201chatay\u0131 kabul etmenin de bir g\u00f6rev ve bir bor\u00e7 oldu\u011fu\u201d ger\u00e7e\u011fini dikkate al\u0131p \u201c\u00fczd\u00fcklerimizden \u00f6z\u00fcr diledi\u011fimizi\u201d t\u00fcm i\u00e7tenli\u011fimizle duyurmaya karar verdik. &#8220;<\/p>\n<p style=\"text-align: justify;\"><a href=\"http:\/\/www.gazeteport.com.tr\/GUNCEL\/NEWS\/GP_791326\" target=\"_blank\"><span style=\"color: #888888;\">Kaynak : GAZETEPORT<\/span><\/a><\/p>\n","protected":false},"excerpt":{"rendered":"<\/p>\n<p style=\"text-align: justify;\">Cumhurba\u015fkanl\u0131\u011f\u0131 K\u00f6\u015fk\u00fc\u2019ndeki resepsiyonda en \u00e7ok konu\u015fulan konu Ba\u015fbakan Erdo\u011fan\u2019\u0131n \u00e7evresindeki bas\u0131n mensuplar\u0131na H\u00fcrriyet Gazetesi Ba\u015fyazar\u0131 Oktay Ek\u015fi hakk\u0131nda s\u00f6yledi\u011fi \u201cBu gazetecilik de\u011fil. Onunla m\u00fccadele edece\u011fim. G\u00f6receksiniz bak\u0131n neler olacak\u201d s\u00f6zleri damgas\u0131n\u0131 vurdu.<\/p>\n","protected":false},"author":1,"featured_media":0,"comment_status":"open","ping_status":"closed","sticky":false,"template":"","format":"standard","meta":{"footnotes":""},"categories":[105],"tags":[],"class_list":["post-26812","post","type-post","status-publish","format-standard","hentry","category-gundem","odd"],"_links":{"self":[{"href":"http:\/\/www.korhanyilmaz.com\/index.php?rest_route=\/wp\/v2\/posts\/26812","targetHints":{"allow":["GET"]}}],"collection":[{"href":"http:\/\/www.korhanyilmaz.com\/index.php?rest_route=\/wp\/v2\/posts"}],"about":[{"href":"http:\/\/www.korhanyilmaz.com\/index.php?rest_route=\/wp\/v2\/types\/post"}],"author":[{"embeddable":true,"href":"http:\/\/www.korhanyilmaz.com\/index.php?rest_route=\/wp\/v2\/users\/1"}],"replies":[{"embeddable":true,"href":"http:\/\/www.korhanyilmaz.com\/index.php?rest_route=%2Fwp%2Fv2%2Fcomments&post=26812"}],"version-history":[{"count":0,"href":"http:\/\/www.korhanyilmaz.com\/index.php?rest_route=\/wp\/v2\/posts\/26812\/revisions"}],"wp:attachment":[{"href":"http:\/\/www.korhanyilmaz.com\/index.php?rest_route=%2Fwp%2Fv2%2Fmedia&parent=26812"}],"wp:term":[{"taxonomy":"category","embeddable":true,"href":"http:\/\/www.korhanyilmaz.com\/index.php?rest_route=%2Fwp%2Fv2%2Fcategories&post=26812"},{"taxonomy":"post_tag","embeddable":true,"href":"http:\/\/www.korhanyilmaz.com\/index.php?rest_route=%2Fwp%2Fv2%2Ftags&post=26812"}],"curies":[{"name":"wp","href":"https:\/\/api.w.org\/{rel}","templated":true}]}}