{"id":26807,"date":"2010-10-29T10:22:51","date_gmt":"2010-10-29T07:22:51","guid":{"rendered":"http:\/\/www.korhanyilmaz.com\/?p=26807"},"modified":"2010-10-29T10:22:51","modified_gmt":"2010-10-29T07:22:51","slug":"87-yilda-cumhuriyet-coskusu","status":"publish","type":"post","link":"http:\/\/www.korhanyilmaz.com\/?p=26807","title":{"rendered":"87. y\u0131lda Cumhuriyet co\u015fkusu"},"content":{"rendered":"<p style=\"text-align: center;\"><a href=\"http:\/\/www.korhanyilmaz.com\/wp-content\/uploads\/2010\/10\/231.jpg\"  class=\"lightview\"><img loading=\"lazy\" decoding=\"async\" class=\"aligncenter size-full wp-image-26808\" src=\"http:\/\/www.korhanyilmaz.com\/wp-content\/uploads\/2010\/10\/231.jpg\" alt=\"\" width=\"423\" height=\"304\" \/><\/a><\/p>\n<p style=\"text-align: justify;\">T\u00fcrkiye Cumhuriyeti&#8217;nin 87. kurulu\u015f y\u0131ld\u00f6n\u00fcm\u00fc, t\u00fcm yurtta, KKTC&#8217;de ve d\u0131\u015f temsilciliklerde t\u00f6renlerle kutlan\u0131yor.<\/p>\n<p style=\"text-align: justify;\">Cumhuriyet Bayram\u0131 kutlamalar\u0131 kapsam\u0131nda Ankara&#8217;da ilk t\u00f6ren An\u0131tkabir&#8217;de yap\u0131ld\u0131.<\/p>\n<p style=\"text-align: justify;\">An\u0131tkabir&#8217;deki t\u00f6ren, saat 08.45&#8217;te devlet erkan\u0131n\u0131n yerlerini almas\u0131yla ba\u015flad\u0131.<\/p>\n<p style=\"text-align: justify;\">Cumhurba\u015fkan\u0131 Abdullah G\u00fcl&#8217;\u00fcn ba\u015fkanl\u0131\u011f\u0131ndaki devlet erkan\u0131, Aslanl\u0131 Yol&#8217;dan y\u00fcr\u00fcyerek T\u00fcrkiye Cumhuriyeti&#8217;nin kurucusu Ulu \u00d6nder Atat\u00fcrk&#8217;\u00fcn mozolesinin bulundu\u011fu b\u00f6l\u00fcme ge\u00e7ti. <!--more--><\/p>\n<p style=\"text-align: justify;\">Cumhurba\u015fkan\u0131 G\u00fcl&#8217;\u00fcn, Ulu \u00d6nder&#8217;in mozolesine, \u00fczerinde &#8220;Cumhurba\u015fkan\u0131&#8221; yaz\u0131l\u0131 k\u0131rm\u0131z\u0131-beyaz karanfillerden olu\u015fan \u00e7elenk koymas\u0131n\u0131n ard\u0131ndan sayg\u0131 duru\u015funda bulunuldu ve \u0130stiklal Mar\u015f\u0131 okundu.<\/p>\n<p style=\"text-align: justify;\">Cumhurba\u015fkan\u0131 G\u00fcl ve beraberindekiler, daha sonra Misak-\u0131 Milli Kulesi&#8217;ne ge\u00e7ti.<\/p>\n<p style=\"text-align: justify;\"><strong>An\u0131tkabir \u00d6zel Defteri&#8217;ni imzalayan G\u00fcl, deftere \u015funlar\u0131 yazd\u0131: <\/strong><\/p>\n<p style=\"text-align: justify;\">&#8220;Aziz Atat\u00fcrk, Cumhuriyetimizin kurulu\u015funun 87. y\u0131ld\u00f6n\u00fcm\u00fcnde yar\u0131nlar\u0131na g\u00fcvenle bakan b\u00fcy\u00fck bir milletin evlatlar\u0131 olarak huzurunday\u0131z. Bug\u00fcn demokratik, laik g\u00fc\u00e7l\u00fc, geli\u015fmi\u015f d\u00fcnyada aktif rol oynayan bir \u00fclke konumuna ula\u015fman\u0131n gururunu ya\u015f\u0131yoruz.<\/p>\n<p style=\"text-align: justify;\"><a href=\"http:\/\/www.korhanyilmaz.com\/wp-content\/uploads\/2010\/10\/232.jpg\"  class=\"lightview\"><img loading=\"lazy\" decoding=\"async\" class=\"aligncenter size-full wp-image-26809\" src=\"http:\/\/www.korhanyilmaz.com\/wp-content\/uploads\/2010\/10\/232.jpg\" alt=\"\" width=\"464\" height=\"236\" \/><\/a><\/p>\n<p style=\"text-align: justify;\">\u00dclkemizi g\u00f6sterdi\u011finiz hedef do\u011frultusunda gelece\u011fe ta\u015f\u0131mak i\u00e7in var g\u00fcc\u00fcm\u00fczle \u00e7al\u0131\u015f\u0131yoruz. T\u00fcrkiye, d\u00fcnyadaki de\u011fi\u015fimleri \u015fekillendiren bir \u00fclke olarak daima y\u00fckselecektir. Milletimiz bu s\u00fcre\u00e7te Cumhuriyetin temel de\u011ferlerini korumaya ve demokratik geli\u015fimini s\u00fcrd\u00fcrmeye kararl\u0131d\u0131r.<\/p>\n<p style=\"text-align: justify;\">Cumhuriyet Bayram\u0131&#8217;nda millet olarak aziz hat\u0131ran\u0131z \u00f6n\u00fcnde sayg\u0131yla e\u011filiyor, size minnet duygular\u0131m\u0131zla birlikte \u015f\u00fckranlar\u0131m\u0131z\u0131 ve sayg\u0131lar\u0131m\u0131z\u0131 sunuyoruz. Ruhunuz \u015fad olsun.&#8221;<\/p>\n<p style=\"text-align: justify;\">G\u00fcl&#8217;\u00fcn, An\u0131tkabir \u00d6zel Defteri&#8217;ni imzalamas\u0131n\u0131n ard\u0131ndan t\u00f6ren alan\u0131ndaki T\u00fcrk Silahl\u0131 Kuvvetleri mensuplar\u0131 ve \u00f6\u011frenciler, Atat\u00fcrk&#8217;\u00fcn mozolesinin \u00f6n\u00fcnden sayg\u0131 ge\u00e7i\u015fi yapt\u0131lar.<\/p>\n<p style=\"text-align: justify;\">An\u0131tkabir&#8217;deki t\u00f6rene, Cumhurba\u015fkan\u0131 Abdullah G\u00fcl&#8217;\u00fcn yan\u0131 s\u0131ra TBMM Ba\u015fkan\u0131 Mehmet Ali \u015eahin, Ba\u015fbakan Recep Tayyip Erdo\u011fan, Anayasa Mahkemesi Ba\u015fkan\u0131 Ha\u015fim K\u0131l\u0131\u00e7, Genelkurmay Ba\u015fkan\u0131 Orgeneral I\u015f\u0131k Ko\u015faner, CHP Genel Ba\u015fkan\u0131 Kemal K\u0131l\u0131\u00e7daro\u011flu, Yarg\u0131tay Ba\u015fkan\u0131 Hasan Ger\u00e7eker, Bakanlar Kurulu \u00fcyeleri, MHP Genel Ba\u015fkan\u0131 Devlet Bah\u00e7eli, Kuvvet Komutanlar\u0131, Yarg\u0131tay Cumhuriyet Ba\u015fsavc\u0131vekili Kublay \u00d6zkan, Anayasa Mahkemesi Ba\u015fkanvekili Osman Paks\u00fct ve mahkeme \u00fcyeleri, Y\u00d6K Ba\u015fkan\u0131 Prof. Dr. Yusuf Ziya \u00d6zcan, milletvekilleri, Ankara Valisi Alaaddin Y\u00fcksel, B\u00fcy\u00fck\u015fehir Belediye Ba\u015fkan\u0131 Melih G\u00f6k\u00e7ek, Anadolu Ajans\u0131 Y\u00f6netim Kurulu Ba\u015fkan\u0131 ve Genel M\u00fcd\u00fcr\u00fc Dr. Hilmi Bengi, baz\u0131 siyasi parti temsilcileri ile di\u011fer askeri ve m\u00fclki erkan kat\u0131ld\u0131.<\/p>\n<p style=\"text-align: justify;\"><strong>Ayakkab\u0131s\u0131 kayan Y\u00d6K Ba\u015fkan\u0131 mozoleye \u00e7\u0131kmad\u0131 <\/strong><\/p>\n<p style=\"text-align: justify;\">T\u00f6rene devlet erkan\u0131 ile birlikte Aslanal\u0131 Yol&#8217;dan y\u00fcr\u00fcyerek gelen Y\u00d6K Ba\u015fkan\u0131 Prof. Dr. \u00d6zcan, &#8220;ayakkab\u0131s\u0131n\u0131n \u0131slak zeminde kaymas\u0131&#8221; nedeniyle mozoleye \u00e7\u0131kmad\u0131.<\/p>\n<p style=\"text-align: justify;\"><strong>Meclis&#8217;teki kutlamalar <\/strong><\/p>\n<p style=\"text-align: justify;\">An\u0131tkabir&#8217;deki t\u00f6renin ard\u0131ndan Meclise gelen G\u00fcl&#8217;\u00fc, TBMM Ba\u015fkan\u0131 Mehmet Ali \u015eahin, askeri t\u00f6renle kar\u015f\u0131lad\u0131. T\u00f6ren k\u0131tas\u0131n\u0131 selamlayan G\u00fcl, tebrikleri kabul etmek \u00fczere T\u00f6ren Salonuna ge\u00e7ti.<\/p>\n<p style=\"text-align: justify;\">T\u00f6rene kat\u0131lmak \u00fczere Meclise ilk olarak MHP Genel Ba\u015fkan\u0131 Devlet Bah\u00e7eli geldi. Bah\u00e7eli, MHP Genel Sekreteri Cihan Pa\u00e7ac\u0131 ile yerine ge\u00e7ti. Bah\u00e7eli&#8217;nin hemen ard\u0131ndan Ba\u015fbakan Recep Tayyip Erdo\u011fan yerini ald\u0131.<\/p>\n<p style=\"text-align: justify;\">Daha sonra CHP Genel Ba\u015fkan\u0131 Kemal K\u0131l\u0131\u00e7daro\u011flu, t\u00f6ren salonuna geldi. K\u0131l\u0131\u00e7daro\u011flu&#8217;nun ard\u0131ndan Anayasa Mahkemesi Ba\u015fkan\u0131 Ha\u015fim K\u0131l\u0131\u00e7 ve Yarg\u0131tay Ba\u015fkan\u0131 Hasan Ger\u00e7eker t\u00f6ren salonunda kendisine ayr\u0131lan yere ge\u00e7ti.<\/p>\n<p style=\"text-align: justify;\">T\u00f6ren salonunda daha sonra Bakanlar yerlerini ald\u0131. Ula\u015ft\u0131rma Bakan\u0131 Binali Y\u0131ld\u0131r\u0131m, yerine ge\u00e7meden \u00f6nce Erdo\u011fan, K\u0131l\u0131\u00e7daro\u011flu, K\u0131l\u0131\u00e7 ve Ger\u00e7eker ile tokala\u015ft\u0131. Devlet Bakan\u0131 Hayati Yaz\u0131c\u0131 da yerini almadan \u00f6nce, Ha\u015fim K\u0131l\u0131\u00e7 ile tokala\u015f\u0131rken, yan\u0131nda bulunan K\u0131l\u0131\u00e7daro\u011flu ile tokala\u015fmad\u0131.<\/p>\n<p style=\"text-align: justify;\">Bakanlar, Cumhurba\u015fkan\u0131 G\u00fcl&#8217;\u00fcn tebrikleri kabul etmesini beklerken kendi aralar\u0131nda sohbet etti.<\/p>\n<p style=\"text-align: justify;\">Devlet Bakan\u0131 ve Ba\u015fbakan Yard\u0131mc\u0131s\u0131 Cemil \u00c7i\u00e7ek, Devlet Bah\u00e7eli&#8217;yi ba\u015f\u0131yla selamlad\u0131ktan sonra yerine ge\u00e7ti. Genelkurmay Ba\u015fkan\u0131 Orgeneral I\u015f\u0131k Ko\u015faner ve hemen ard\u0131ndan da kuvvet komutanlar\u0131 t\u00f6ren salonundaki yerlerini ald\u0131. Yerine ge\u00e7erken Ba\u015fbakan Erdo\u011fan&#8217;\u0131 ba\u015f\u0131yla selamlayan Orgeneral Ko\u015faner, daha sonra bir s\u00fcre Erdo\u011fan ile sohbet etti.<\/p>\n<p style=\"text-align: justify;\">TBMM Ba\u015fkanvekili Nevzat Pakdil de yerine ge\u00e7erken, yan\u0131nda bulunan Bah\u00e7eli, Pa\u00e7ac\u0131 ve Y\u00d6K Ba\u015fkan\u0131 Yusuf Ziya \u00d6zcan ile tokala\u015ft\u0131. Daha sonra, TBMM Ba\u015fkan\u0131 \u015eahin yerini ald\u0131. \u015eahin, yerine ge\u00e7erken Bakanlar\u0131 ba\u015f\u0131yla selamlad\u0131, Erdo\u011fan ile bir s\u00fcre konu\u015ftu.<\/p>\n<p style=\"text-align: justify;\">Cumhurba\u015fkan\u0131 G\u00fcl&#8217;\u00fcn yerini almas\u0131n\u0131n ard\u0131ndan, \u0130stiklal Mar\u015f\u0131 s\u00f6ylendi. G\u00fcl, daha sonra kutlamalar\u0131 kabul etti. S\u0131ras\u0131yla TBMM Ba\u015fkan\u0131 \u015eahin, Ba\u015fbakan Erdo\u011fan, CHP Genel Ba\u015fkan\u0131 K\u0131l\u0131\u00e7daro\u011flu, Genelkurmay Ba\u015fkan\u0131 Orgeneral Ko\u015faner, Anayasa Mahkemesi Ba\u015fkan\u0131 K\u0131l\u0131\u00e7, Yarg\u0131tay Ba\u015fkan\u0131 Ger\u00e7eker, Dan\u0131\u015ftay Ba\u015fkan\u0131 Mustafa Birden, Bakanlar Kurulu \u00fcyeleri, kuvvet komutanlar\u0131, MHP Genel Ba\u015fkan\u0131 Bah\u00e7eli, TBMM Ba\u015fkanl\u0131k Divan\u0131 \u00fcyeleri, AK Parti, CHP, MHP ve BDP milletvekilleri, Say\u0131\u015ftay Ba\u015fkan\u0131 Recai Akyel, Ankara Valisi Alaaddin Y\u00fcksel, Ankara B\u00fcy\u00fck\u015fehir Belediye Ba\u015fkan\u0131 Melih G\u00f6k\u00e7ek, Anadolu Ajans\u0131 Y\u00f6netim Kurulu Ba\u015fkan\u0131 ve Genel M\u00fcd\u00fcr\u00fc Hilmi Bengi, TRT Genel M\u00fcd\u00fcr\u00fc \u0130brahim \u015eahin ve b\u00fcrokratlar tebriklerini iletti.<\/p>\n<p style=\"text-align: justify;\">Kutlamalara, BDP Genel Ba\u015fkan\u0131 Selahattin Demirta\u015f kat\u0131lmazken, BDP Mu\u015f Milletvekili Nuri Yaman, G\u00fcl&#8217;e tebriklerini sundu. Cumhurba\u015fkan\u0131 Abdullah G\u00fcl, yabanc\u0131 misyon \u015feflerinin kutlamalar\u0131n\u0131 kabul ettikten sonra, gazetecilerin de bayram\u0131n\u0131 kutlad\u0131.<\/p>\n<p style=\"text-align: justify;\">Abdullah G\u00fcl, &#8220;Bayram\u0131n\u0131z\u0131 tebrik ediyorum. Cumhuriyet Bayram\u0131 en b\u00fcy\u00fck bayramlar\u0131m\u0131zdand\u0131r. B\u00fct\u00fcn milletimizin, T\u00fcrkiye i\u00e7indeki ve d\u0131\u015f\u0131ndaki t\u00fcm vatanda\u015flar\u0131m\u0131z\u0131n bayram\u0131n\u0131 kutluyorum&#8221; dedi. G\u00fcl, do\u011fum g\u00fcn\u00fcn\u00fc kutlayan gazetecilere te\u015fekk\u00fcr etti.<\/p>\n<p style=\"text-align: justify;\"><a href=\"http:\/\/www.cnnturk.com\/2010\/turkiye\/10\/29\/87.yilda.cumhuriyet.coskusu\/594637.0\/index.html\" target=\"_blank\"><span style=\"color: #888888;\">CNN T\u00dcRK<\/span><\/a><\/p>\n","protected":false},"excerpt":{"rendered":"<p style=\"text-align: center;\">\n<p style=\"text-align: justify;\">T\u00fcrkiye Cumhuriyeti&#8217;nin 87. kurulu\u015f y\u0131ld\u00f6n\u00fcm\u00fc, t\u00fcm yurtta, KKTC&#8217;de ve d\u0131\u015f temsilciliklerde t\u00f6renlerle kutlan\u0131yor.<\/p>\n<p style=\"text-align: justify;\">Cumhuriyet Bayram\u0131 kutlamalar\u0131 kapsam\u0131nda Ankara&#8217;da ilk t\u00f6ren An\u0131tkabir&#8217;de yap\u0131ld\u0131.<\/p>\n<p style=\"text-align: justify;\">An\u0131tkabir&#8217;deki t\u00f6ren, saat 08.45&#8217;te devlet erkan\u0131n\u0131n yerlerini almas\u0131yla ba\u015flad\u0131.<\/p>\n<p style=\"text-align: justify;\">Cumhurba\u015fkan\u0131 Abdullah G\u00fcl&#8217;\u00fcn ba\u015fkanl\u0131\u011f\u0131ndaki devlet erkan\u0131, Aslanl\u0131 Yol&#8217;dan y\u00fcr\u00fcyerek T\u00fcrkiye Cumhuriyeti&#8217;nin kurucusu Ulu <\/p>\n","protected":false},"author":1,"featured_media":0,"comment_status":"open","ping_status":"closed","sticky":false,"template":"","format":"standard","meta":{"footnotes":""},"categories":[105],"tags":[],"class_list":["post-26807","post","type-post","status-publish","format-standard","hentry","category-gundem","odd"],"_links":{"self":[{"href":"http:\/\/www.korhanyilmaz.com\/index.php?rest_route=\/wp\/v2\/posts\/26807","targetHints":{"allow":["GET"]}}],"collection":[{"href":"http:\/\/www.korhanyilmaz.com\/index.php?rest_route=\/wp\/v2\/posts"}],"about":[{"href":"http:\/\/www.korhanyilmaz.com\/index.php?rest_route=\/wp\/v2\/types\/post"}],"author":[{"embeddable":true,"href":"http:\/\/www.korhanyilmaz.com\/index.php?rest_route=\/wp\/v2\/users\/1"}],"replies":[{"embeddable":true,"href":"http:\/\/www.korhanyilmaz.com\/index.php?rest_route=%2Fwp%2Fv2%2Fcomments&post=26807"}],"version-history":[{"count":0,"href":"http:\/\/www.korhanyilmaz.com\/index.php?rest_route=\/wp\/v2\/posts\/26807\/revisions"}],"wp:attachment":[{"href":"http:\/\/www.korhanyilmaz.com\/index.php?rest_route=%2Fwp%2Fv2%2Fmedia&parent=26807"}],"wp:term":[{"taxonomy":"category","embeddable":true,"href":"http:\/\/www.korhanyilmaz.com\/index.php?rest_route=%2Fwp%2Fv2%2Fcategories&post=26807"},{"taxonomy":"post_tag","embeddable":true,"href":"http:\/\/www.korhanyilmaz.com\/index.php?rest_route=%2Fwp%2Fv2%2Ftags&post=26807"}],"curies":[{"name":"wp","href":"https:\/\/api.w.org\/{rel}","templated":true}]}}