{"id":26801,"date":"2010-10-28T09:02:20","date_gmt":"2010-10-28T06:02:20","guid":{"rendered":"http:\/\/www.korhanyilmaz.com\/?p=26801"},"modified":"2010-10-28T09:02:20","modified_gmt":"2010-10-28T06:02:20","slug":"karayilan-hata-yaptik-ozur-dileriz","status":"publish","type":"post","link":"http:\/\/www.korhanyilmaz.com\/?p=26801","title":{"rendered":"Karay\u0131lan: Hata yapt\u0131k, \u00f6z\u00fcr dileriz"},"content":{"rendered":"<p style=\"text-align: center;\"><a href=\"http:\/\/www.korhanyilmaz.com\/wp-content\/uploads\/2010\/10\/2010-10-28_110113.jpg\"  class=\"lightview\"><img loading=\"lazy\" decoding=\"async\" class=\"aligncenter size-full wp-image-26802\" src=\"http:\/\/www.korhanyilmaz.com\/wp-content\/uploads\/2010\/10\/2010-10-28_110113.jpg\" alt=\"\" width=\"466\" height=\"248\" \/><\/a><\/p>\n<p style=\"text-align: justify;\">PKK&#8217;n\u0131n Kandil&#8217;deki lideri Murat Karay\u0131lan sivillerin \u00f6ld\u00fc\u011f\u00fc PKK sald\u0131r\u0131lar\u0131yla ilgili &#8220;Evet hata yapt\u0131k, \u00f6z\u00fcr de dileriz&#8221; dedi. Karay\u0131lan devam ediyor: &#8220;Hi\u00e7 bir sivilin zarar g\u00f6rmemesi i\u00e7in t\u00fcm g\u00fc\u00e7lerimizi e\u011fitimden ge\u00e7iriyoruz. Asla olmayacak.&#8221;<\/p>\n<p style=\"text-align: justify;\">\u0130STANBUL &#8211; Radikal gazetesinden Ertu\u011frul Mavio\u011flu, Kandil&#8217;de PKK&#8217;n\u0131n lideri Murat Karay\u0131lan&#8217;la r\u00f6portaj yapt\u0131. <!--more--><\/p>\n<p style=\"text-align: justify;\">PKK\u2019n\u0131n Kuzey Irak\u2019taki Kandil kamp\u0131na ula\u015ft\u0131\u011f\u0131m andan itibaren i\u00e7imde Kan-dil\u2019i heceleyerek t\u00fcretti\u011fim \u015fu c\u00fcmle var: \u201cKan akarsa, dil susar!\u201d Kandil, tam da b\u00f6yle; \u00fclkenin art\u0131k iyiden iyiye d\u00fc\u011f\u00fcm olmu\u015f b\u00fcy\u00fck bir paradoksunun \u00f6zeti gibi. Sabah\u0131n k\u00f6r saatlerinden itibaren yakla\u015f\u0131k iki saat boyunca bekledi\u011fim eve birazdan gelecekler ve kar\u015f\u0131s\u0131na oturaca\u011f\u0131m adam, &#8220;Devlet bizi yenemeyecek ama biz de devleti yenemeyece\u011fimizi art\u0131k anlad\u0131k&#8221; diyecek. Ate\u015fkesin s\u00fcrmesi i\u00e7in bekledikleri ad\u0131mlar\u0131 anlatacak ve \u015fu ana kadar kimseye olmad\u0131\u011f\u0131 kadar a\u00e7\u0131kl\u0131kla, \u0130ran, ABD ve \u0130srail ili\u015fkilerinden bahsedecek. Ve \u015fimdiye kadar kimseye vermedi\u011fi kadar net bir s\u00f6z verecek: &#8220;Bundan sonra PKK\u2019dan yana sivillere asla zarar gelmeyecek!&#8221;<\/p>\n<p style=\"text-align: justify;\">Yakla\u015fan arac\u0131n sesini duydu\u011fumda yerimden do\u011frulup kap\u0131n\u0131n \u00f6n\u00fcne \u00e7\u0131k\u0131yorum. \u201cMerhaba\u201d diyor, kendisini \u2018Deniz\u2019 diye tan\u0131tan adam, g\u00fcle\u00e7 bir y\u00fczle konu\u015fuyor: &#8220;Ho\u015f geldiniz, yorucuydu yol san\u0131r\u0131m. \u015eimdi haz\u0131r m\u0131s\u0131n\u0131z?&#8221; D\u00f6rt \u00e7ekerli, \u00e7ift kabin Toyota\u2019n\u0131n i\u00e7inde, Diyana Ranya aras\u0131ndaki Akoyan vadisinin i\u00e7inden bir nehir gibi akt\u0131\u011f\u0131 hissi veren yolda ilerliyoruz. \u0130ran b\u00f6lgesine do\u011fru, k\u00e2h t\u0131rmanarak, k\u00e2h yoku\u015f a\u015fa\u011f\u0131 inen, virajl\u0131 ama her nas\u0131lsa son derece bak\u0131ml\u0131 oldu\u011fu i\u00e7in insan\u0131 sarsmayan bir yol bu.<\/p>\n<p style=\"text-align: justify;\">Toyota bir yerde duruyor ve geri d\u00f6n\u00fcyor. Be\u015f dakika ilerledikten sonra tekrar duruyor ve yine geri d\u00f6n\u00fcyor. \u201cYolu mu \u015fa\u015f\u0131rd\u0131n\u201d diye soruyorum saf saf. Y\u00fcz\u00fc da\u011f yan\u0131\u011f\u0131 adam, \u201cHay\u0131r\u201d diyor: \u201cBir i\u015faret bekliyorum.\u201d Oysa ben etrafa bak\u0131yorum ve ku\u015flar, b\u00f6cekler, a\u011fa\u00e7lar, \u00e7i\u00e7ekler d\u0131\u015f\u0131nda i\u015faret verecek bir canl\u0131 g\u00f6remiyorum. Sonra yeniden duruyor kamyonet. \u201cBundan sonras\u0131nda biraz y\u00fcr\u00fcyece\u011fiz\u201d diyor. \u00c7evrede kimseler yok. Herhalde uzun bir y\u00fcr\u00fcy\u00fc\u015f olacak. K\u00fc\u00e7\u00fck bir derenin \u00fczerinden atl\u0131yoruz, ye\u015fillik bir alan\u0131n \u00f6n\u00fcndeyiz. Birden birka\u00e7 silahl\u0131 adam, kad\u0131n beliriyor. Sessiz ve dikkatliler. Arkalar\u0131nda d\u00fcnyan\u0131n her yerinde k\u0131rm\u0131z\u0131 b\u00fcltenle aranan PKK\u2019n\u0131n d\u0131\u015far\u0131daki bir numaral\u0131 ismi Murat Karay\u0131lan g\u00f6r\u00fcn\u00fcyor. Resmi kay\u0131tlara g\u00f6re 1954 Birecik do\u011fumlu. Y\u00fcksekokul, Makine b\u00f6l\u00fcm\u00fc mezunu. PKK\u2019ya 1979\u2019da kat\u0131lm\u0131\u015f, 12 Eyl\u00fcl\u2019den \u00f6nce yurtd\u0131\u015f\u0131na \u00e7\u0131km\u0131\u015f ve hi\u00e7 cezaevinde yatmam\u0131\u015f. Bana do\u011fru birka\u00e7 ad\u0131m at\u0131p elini uzat\u0131yor: &#8220;Ho\u015f geldiniz.&#8221;<\/p>\n<div id=\"attachment_26803\" style=\"width: 250px\" class=\"wp-caption alignleft\"><a href=\"http:\/\/www.korhanyilmaz.com\/wp-content\/uploads\/2010\/10\/229.jpg\"  class=\"lightview\"><img loading=\"lazy\" decoding=\"async\" aria-describedby=\"caption-attachment-26803\" class=\"size-full wp-image-26803\" style=\"margin-left: 10px; margin-right: 10px;\" src=\"http:\/\/www.korhanyilmaz.com\/wp-content\/uploads\/2010\/10\/229.jpg\" alt=\"\" width=\"240\" height=\"386\" \/><\/a><p id=\"caption-attachment-26803\" class=\"wp-caption-text\">Murat Karay\u0131lan<\/p><\/div>\n<p style=\"text-align: justify;\">\u00dczeri ve arkas\u0131 kapal\u0131 bir \u00e7ad\u0131r\u0131n alt\u0131nday\u0131z \u015fimdi. Bir masa yerle\u015ftirilmi\u015f, \u00fc\u00e7 tane de sandalye. Yerde has\u0131r serili. Ayakkab\u0131lar \u00e7\u0131kar\u0131l\u0131yor. Masan\u0131n arkas\u0131na Karay\u0131lan ge\u00e7iyor. Ben yana oturuyorum. Kar\u015f\u0131ma \u00f6rg\u00fct y\u00f6neticilerinden Bozan Tekin ge\u00e7iyor. Teybimin yan\u0131na kendi teyplerini koyuyorlar. Foto\u011fraf \u00e7ekiyorlar, ar\u015fivleri i\u00e7in birka\u00e7 dakika kamera kayd\u0131 yapmak i\u00e7in izin istiyorlar. Sadece T\u00fcrkiye\u2019de sava\u015f ve bar\u0131\u015fa dair \u00e7ok s\u0131k tart\u0131\u015f\u0131lan g\u00fcndemdeki konular\u0131n de\u011fil, PKK\u2019ya ili\u015fkin y\u0131llard\u0131r i\u00e7imde birikmi\u015f soru i\u015faretlerinin de izini s\u00fcrmekte kararl\u0131y\u0131m. Soruyorum ve Karay\u0131lan yan\u0131tl\u0131yor\u2026<\/p>\n<p style=\"text-align: justify;\"><strong>Ate\u015fkesin son kullanma tarihi 31 Ekim mi?<\/strong><\/p>\n<p style=\"text-align: justify;\">S\u00fcrekli ate\u015fkesten yanay\u0131z biz asl\u0131nda . Top kar\u015f\u0131da . G\u00fcven verici ad\u0131mlar atmas\u0131 laz\u0131m. Operasyonlar\u0131n durdurulmas\u0131 bir ad\u0131m olabilir. \u00d6calan ile diyalog s\u00fcrecinin geli\u015ftirilmesi \u00f6nem ta\u015f\u0131yor. En son diyalog 16 Eyl\u00fcl\u2019de oldu. Olumlu, \u00e7\u00f6z\u00fcme d\u00f6n\u00fck, g\u00fcven veren bir \u00fcslup kullanmas\u0131 gerekir. Bekliyoruz hen\u00fcz karar vermedik. Olumsuz yakla\u015f\u0131ma ra\u011fmen iyimser bir tav\u0131r geli\u015ftiremeyiz. Baz\u0131 \u015feyler de var ki bize ra\u011fmen oluyor. Bizim iste\u011fimiz s\u00fcresiz bir ate\u015fkes. Diyalog, m\u00fczakere s\u00fcrecini ba\u015flatma, silahlar\u0131 t\u00fcm\u00fcyle susturmakt\u0131r. Bir ara Hasan Cemal \u2018elini tetikten \u00e7ekme\u2019 diyordu. Biz \u00e7ekece\u011fiz, o \u00e7ekmeyecek, b\u00f6yle olmuyor. G\u00fcnler \u00f6nemli, izliyoruz, bekliyoruz, duruma g\u00f6re karar verece\u011fiz .<\/p>\n<p style=\"text-align: justify;\"><strong>SOLA SERT ELE\u015eT\u0130R\u0130<\/strong><\/p>\n<p style=\"text-align: justify;\">\u015eehit cenazeleri kald\u0131r\u0131lmaya, PKK\u2019l\u0131 gen\u00e7ler da\u011flarda \u00f6lmeye devam ettik\u00e7e, olaylar deyim yerindeyse bir kan davas\u0131na d\u00f6n\u00fc\u015fm\u00fc\u015fken bar\u0131\u015f nas\u0131l ger\u00e7ekle\u015fecek? Trabzonlular, Manisal\u0131lar, U\u015fakl\u0131lar, Ankaral\u0131lar nas\u0131l ikna olacak?<\/p>\n<p style=\"text-align: justify;\">Ku\u015fkusuz T\u00fcrkiye halk\u0131na kar\u015f\u0131 sorumluluklar\u0131m\u0131z vard\u0131r. Kendimizi onlara tan\u0131tma, onurunu alma gibi bir siyasi anlay\u0131\u015f\u0131m\u0131z vard\u0131r. Bizim bu konuda yeterli oldu\u011fumuzu s\u00f6yleyemem. Ama bu konuda esasen sorumlu bir kesim daha var. T\u00fcrkiye sol hareketi. Biz m\u00fccadelemizi anlatmakta yetersiz kald\u0131k ve T\u00fcrkiye solu da yetersiz kal\u0131nca b\u00fcy\u00fck bir gedik olu\u015ftu.<\/p>\n<p style=\"text-align: justify;\">\u015eovenizm toplumsal bir reflekse d\u00f6n\u00fc\u015ft\u00fc. K\u00fcrt hareketi zamanla toplumsalla\u015ft\u0131. Sol ise uzak durdu. K\u00fcrt hareketi ile birlikte g\u00f6r\u00fclse, T\u00fcrk toplumundan tecrit olaca\u011f\u0131n\u0131 d\u00fc\u015f\u00fcnd\u00fc. K\u00fcrt hareketiyle aras\u0131na mesafe koydu. T\u00fcrk solunun mesafe koyma tavr\u0131, onu da toplumdan uzakla\u015ft\u0131rd\u0131. \u00c7\u00f6z\u00fcm\u00fcn bir boyutu da T\u00fcrk halk\u0131n\u0131n ikna edilmesidir. Bu konudaki \u00e7abalar\u0131m\u0131z s\u00fcrecek.<\/p>\n<p style=\"text-align: justify;\">Bir\u00e7ok yerde PKK kaynakl\u0131 patlamalar oluyor. PKK \u2018\u015fehirlerde eylemlere ge\u00e7eriz, cehenneme \u00e7eviririz\u2019 gibi s\u00f6ylemlerde bulunuyor. Sokakta dola\u015fan, halktan insanlar\u0131n ya\u015fayaca\u011f\u0131 zararlar\u0131 ve do\u011furaca\u011f\u0131 nefreti g\u00f6remiyor musunuz?<\/p>\n<p style=\"text-align: justify;\">O konuda ya\u015fananlar\u0131n bir k\u0131sm\u0131 bizim d\u0131\u015f\u0131m\u0131zdad\u0131r. Hakk\u00e2ri Ge\u00e7itli\u2019deki gibi. \u015eunu s\u00f6yleyeyim, son y\u0131llarda geli\u015fen baz\u0131 durumlardan \u00f6t\u00fcr\u00fc, bu konuda kendimizi daha fazla anlay\u0131\u015f, ilke boyutuyla g\u00fc\u00e7lerimizi \u00f6rg\u00fctlemi\u015f durumday\u0131z. Metropolde de eylem olsa, nerede olsa, tek bir sivilin zarar g\u00f6rmemesi bizim temel ilkemiz olacak. Ge\u00e7mi\u015f d\u00f6nemde de oldu, ama art\u0131k olmayacak.<\/p>\n<p style=\"text-align: justify;\"><strong>\u2018EVET HATA YAPTIK\u2019<\/strong><\/p>\n<p style=\"text-align: justify;\">\u00c7ok ac\u0131 olaylar var. Mavi \u00c7ar\u015f\u0131, \u00c7etinkaya ve benzeri olaylarda \u00e7ok say\u0131da masum sivil ya\u015fam\u0131n\u0131 kaybetti\u2026 Evet bizden kaynakl\u0131 hatalar oldu. Yeri gelse, zaman\u0131 gelse kendimizden kaynakl\u0131 bu hatalar i\u00e7in \u00f6z\u00fcr de dileriz, telafi etme yoluna da gideriz. Ama unutmamak gerekir ki, bize ait olmayan eylemleri de devlet bizim \u00fczerimize y\u0131kmaya \u00e7al\u0131\u015ft\u0131. Buna ra\u011fmen biz, bizden kaynakl\u0131 eylemlerde hi\u00e7bir sivilin zarar g\u00f6rmemesi i\u00e7in t\u00fcm g\u00fc\u00e7lerimizi, e\u011fitimden ge\u00e7irmede, anlay\u0131\u015f kazand\u0131rmada daha emin ve g\u00fcvenli bi\u00e7imde konu\u015fabilirim. Asla olmayacak. Benim topluma y\u00f6nelik mesajlar\u0131m da bu y\u00f6ndedir.<\/p>\n<p style=\"text-align: justify;\"><strong>\u2018ME\u015eRU SAVUNMA\u2019<\/strong><\/p>\n<p style=\"text-align: justify;\">PKK i\u00e7in medyada ve siyaset d\u00fcnyas\u0131ndan \u2018ter\u00f6r \u00f6rg\u00fct\u00fc\u2019 s\u0131fat\u0131 kullan\u0131l\u0131yor. Siz ter\u00f6rist misiniz?<\/p>\n<p style=\"text-align: justify;\">Halk hareketi oldu\u011fumuzu iddia ediyoruz. \u00d6yleyiz de. Bize kar\u015f\u0131 binlerce \u015fiddet uygulamas\u0131 yap\u0131lm\u0131\u015ft\u0131r. Biz b\u00f6yle bir halk\u0131z. Me\u015fru savunma hakk\u0131m\u0131za ter\u00f6r diyorlarsa \u00f6yledir. Ama me\u015fru savunma b\u00fct\u00fcn d\u00fcnyada, BM\u2019de kabul edilmi\u015ftir. Biz yok edilmeye karar verilmi\u015f bir toplumuz. Me\u015fruyuz, hakl\u0131y\u0131z, do\u011fal haklar\u0131m\u0131z\u0131 istiyoruz. Bunun i\u00e7in teslim olmam\u0131\u015f\u0131z, ruhumuzu teslim etmemi\u015fiz. Hep ter\u00f6rist, ter\u00f6rist deniliyor ama ger\u00e7e\u011fi \u00f6yle de\u011fildir. Bir \u00f6zg\u00fcrl\u00fck hareketi ter\u00f6rist olamaz. Ama egemen g\u00fc\u00e7ler b\u00fct\u00fcn hakl\u0131 halk hareketlerini ter\u00f6rist ilan ediyor.<\/p>\n<p style=\"text-align: justify;\">Mandela\u2019ya da y\u0131llarca ter\u00f6rist dediler. 27 y\u0131l hapis yatt\u0131. \u015eimdi bar\u0131\u015f ku\u015fu olarak g\u00f6r\u00fcl\u00fcyor. D\u00fcnyaca en \u00fcnl\u00fc ki\u015filiklerden biridir. Yaser Arafat da \u00f6yle.<\/p>\n<p style=\"text-align: justify;\">Y\u0131llarca ter\u00f6rist denildi, sonra devlet ba\u015fkan\u0131 oldu. T\u00fcrk devletine g\u00f6re, biz ter\u00f6ristiz. Ama devlet gelmi\u015f topraklar\u0131m\u0131z\u0131 i\u015fgal etmi\u015f, dilimizi yasaklam\u0131\u015f, zenginlik kaynaklar\u0131m\u0131z\u0131 talan etmi\u015f. Halbuki burada bin y\u0131llardan beri ya\u015fayan bir halk\u0131z.<\/p>\n<p style=\"text-align: justify;\"><strong>\u2018DEVLET\u0130 YENEMEY\u0130Z\u2019<\/strong><\/p>\n<p style=\"text-align: justify;\">PKK\u2019yi da\u011fdan indirmek \u00fczerine tart\u0131\u015fmalar var. G\u00fcneye \u00e7ekilme gibi se\u00e7eneklerden bahsediliyor. Ama PKK bildi\u011fim kadar\u0131yla da\u011fda eskisi kadar g\u00fc\u00e7 tutmuyor. PKK k\u00fc\u00e7\u00fcld\u00fc m\u00fc yoksa \u015fehre mi indi?<\/p>\n<p style=\"text-align: justify;\">\u201c\u015eehirde de var\u0131z ama da\u011fda da var\u0131z. PKK bir kurumla\u015fmad\u0131r, bir sistemdir. Kolay olu\u015fmad\u0131, kolay da \u00e7\u00f6z\u00fclmez. K\u00f6kl\u00fc bir K\u00fcrt sorunu var. Sorunun \u00e7\u00f6z\u00fcm\u00fc temelinde PKK sorunu da a\u015f\u0131l\u0131r. \u00d6yle kom\u015fu devletlerle i\u015fbirli\u011fi yapmakla, yeni operasyonlar yapmakla sorunu \u00e7\u00f6zemezsiniz. Ben kendim y\u00fczlerce operasyonla kar\u015f\u0131 kar\u015f\u0131ya gelmi\u015fim. Biz kendimizi bu da\u011flarda koruyacak ve ya\u015fatacak tecr\u00fcbeyi kazanm\u0131\u015f\u0131z. Arazinin t\u00fcm\u00fcn\u00fc tan\u0131m\u0131\u015f\u0131z. K\u00fcrdistan\u2019\u0131n di\u011fer par\u00e7alar\u0131nda da ya\u015fayacak tecr\u00fcbemiz var. Birileri Norve\u00e7\u2019e gidecek, kimi eve gidecek. Bu insanlar sorunu \u00e7\u00f6zmek i\u00e7in gelmi\u015fler. Neden gitsinler? Bunun g\u00f6r\u00fclmesi T\u00fcrkiye halk\u0131 ya da ordusu i\u00e7in yenilgi de\u011fildir. Bir siyasi k\u00f6rl\u00fc\u011f\u00fc gidermektir. Biz demiyoruz ki, zafer kazand\u0131k. Uluslar- aras\u0131 g\u00fc\u00e7ler \u00fczerimize bu kadar sefer yapt\u0131, tasfiye edilemedik. \u0130stenirse \u015fiddet yolu devam ettirilir, bu durumda inan\u0131n PKK yine daha g\u00fc\u00e7lenir. O zaman belki kendi \u00e7\u00f6z\u00fcm\u00fcn\u00fc de kendisi geli\u015ftirir, ilan eder. Son se\u00e7enek olarak ona da gidebilir. Ama teslim olmas\u0131 ya da \u015fiddet yoluyla tasfiye edilmesi m\u00fcmk\u00fcn de\u011fil. Ama \u015fu var: Biz de devleti yenemeyiz. Yeni\u015fememe durumu s\u00f6z konusu. \u00c7\u00f6z\u00fcm bu temelde kendisini dayatan bir ger\u00e7ekliktir. Uzarsa kar\u015f\u0131l\u0131kl\u0131 kay\u0131plar daha fazla olur. \u201d<\/p>\n<p style=\"text-align: justify;\"><strong>\u0130STEKLER\u0130: \u00d6ZERKL\u0130K VE \u2018\u0130NK\u00c2R\u2019A SON<\/strong><\/p>\n<p style=\"text-align: justify;\">Karay\u0131lan h\u00fck\u00fcmetin K\u00fcrtleri yava\u015f yava\u015f asimile etmeyi planlad\u0131\u011f\u0131n\u0131 savunuyor ve \u00e7\u00f6z\u00fcm i\u00e7in iki \u015fart\u0131 var: \u00d6zerklik ve \u2018ink\u00e2r\u2019a son verilmesi.<\/p>\n<p style=\"text-align: justify;\">PKK, silahlar\u0131n susmas\u0131, bar\u0131\u015f\u0131n tesisi ve nihayetinde \u00e7\u00f6z\u00fcm i\u00e7in nas\u0131l bir form\u00fcle sahip?<\/p>\n<p style=\"text-align: justify;\">\u201cEsasen ortada iki anlay\u0131\u015f, iki \u00e7\u00f6z\u00fcm projesi var. Bunlar\u0131n birisi bizimdir. Bunun \u00e7\u00f6z\u00fcm\u00fcn\u00fc form\u00fcle ettik: Demokratik \u00f6zerklik. Kar\u015f\u0131l\u0131kl\u0131 birbirine sayg\u0131 g\u00f6sterme temelinde, oturup konu\u015fma yoluyla, bu sorunu \u00e7\u00f6zmedir. T\u00fcrkiye\u2019nin b\u00fct\u00fcnl\u00fc\u011f\u00fc i\u00e7inde, bu zoraki birli\u011fi g\u00f6n\u00fcll\u00fc birli\u011fe d\u00f6n\u00fc\u015ft\u00fcrmedir. Yeni bir anayasa temelinde T\u00fcrkiye toplumu yeniden bi\u00e7imlendirmelidir. T\u00fcrkiye\u2019nin bat\u0131s\u0131ndan insanlar \u00e7\u0131k\u0131yor soka\u011fa, \u2018Bu PKK nedir, ter\u00f6rd\u00fcr, bilmem nedir\u2019 diye ba\u011f\u0131r\u0131yor. Bir ba\u015fbakan dese ki, \u201cBiz bu karde\u015flerimizi y\u0131llarca ink\u00e2r ettik, dilini yasaklad\u0131k, bu temelde T\u00fcrk ulusla\u015fmas\u0131n\u0131 yaratmak istedik ama o da olmad\u0131. Bu hatadan \u00f6t\u00fcr\u00fc trajediler ya\u015fand\u0131, karde\u015fler birbirini vurdu, kem g\u00f6zlerle bak\u0131ld\u0131, \u015fimdi \u00f6yle bakmayal\u0131m, Yeni bir neden var, bu nedenle bir toplumsal uzla\u015fma d\u00f6nemini ba\u015flat\u0131yoruz, yasal de\u011fi\u015fiklikleri yap\u0131yoruz.\u201d \u00d6yle dese bat\u0131 alk\u0131\u015f tutar. Rant hesab\u0131 olmayanlar bunu sevecektir.<\/p>\n<p style=\"text-align: justify;\">\u0130kinci proje devletin projesidir. Devlet 2008-2009 y\u0131llar\u0131ndaki geli\u015fmelerden sonra anlad\u0131 ki, k\u00f6kten ink\u00e2r tutmuyor. AKP ile ordunun yak\u0131nla\u015fmas\u0131n\u0131n nedeni budur. Devlet, AKP eliyle yeni K\u00fcrt politikas\u0131 olu\u015fturuyor. Bunda ne var? Bireysel haklar \u00e7er\u00e7evesinde televizyon a\u00e7\u0131ld\u0131, herkes ba\u011f\u0131rabilir, \u015fark\u0131 s\u00f6yleyebilir ama anadil e\u011fitimi olmaz.<\/p>\n<p style=\"text-align: justify;\"><strong>\u2018AS\u0130M\u0130LASYON\u2019<\/strong><\/p>\n<p style=\"text-align: justify;\">Vatanda\u015fl\u0131k ise T\u00fcrk milleti \u00e7er\u00e7evesinde. T\u00fcrk milletinin i\u00e7inde Laz da var \u00c7erkez de var, K\u00fcrt de var. Yani sen vars\u0131n ama sisteme dahil olacaks\u0131n, T\u00fcrkle\u015fme s\u00fcrecini hemen de\u011fil de yava\u015f yava\u015f kabul edeceksin. Bir s\u00fcre sonra asimile olacaks\u0131n. Belini s\u0131vazla ama sorununu \u00e7\u00f6zme. 86 y\u0131ld\u0131r asimilasyonu kabul etmedin ama yava\u015f yava\u015f ettirmeyi planl\u0131yorlar.<\/p>\n<p style=\"text-align: justify;\"><strong>\u2018D\u00dcZ OVADA S\u0130YASET YAPTIRMIYORLAR\u2019<\/strong><\/p>\n<p style=\"text-align: justify;\">Murat Karay\u0131lan\u2019\u0131n s\u00f6zlerinden PKK\u2019n\u0131n \u00f6zellikle KCK operasyonu ve s\u00fcren davalara \u00e7ok \u00f6nem verdi\u011fi anla\u015f\u0131l\u0131yor:<\/p>\n<p style=\"text-align: justify;\">\u201cKCK operasyonlar\u0131n\u0131 ele alal\u0131m. Mehmet A\u011far bile d\u00fcz ovada siyaset yaps\u0131nlar dedi. \u0130\u015fte d\u00fcz ovada siyaset yapanlar\u0131 temizliyorsun. PKK\u2019l\u0131 olsun, KCK\u2019l\u0131 olsun. Elinde silah m\u0131 var bunun? F\u0131rat Anl\u0131 mesela, avukatt\u0131r. Sonra se\u00e7ilmi\u015f belediye ba\u015fkan\u0131 olmu\u015f. Sen bunu al\u0131yorsun. Ben KCK\u2019n\u0131n y\u00fcr\u00fctme konseyi ba\u015fkan\u0131y\u0131m. Onlarla bir ba\u011f\u0131m varsa zaten ben buradan s\u00f6ylerim.\u201d<\/p>\n<p style=\"text-align: justify;\"><strong>\u2018\u00d6CALAN\u2019I BO\u015eA D\u00dc\u015e\u00dcRMEY\u0130Z\u2019<\/strong><\/p>\n<p style=\"text-align: justify;\">\u00d6calan, avukatlar\u0131yla g\u00f6r\u00fc\u015fmesinde hem Kandil\u2019e hem h\u00fck\u00fcmete mektup yazd\u0131\u011f\u0131n\u0131 ama yan\u0131t alamad\u0131\u011f\u0131n\u0131 a\u00e7\u0131klad\u0131. \u00d6calan\u2019a yan\u0131t vermediniz mi?<\/p>\n<p style=\"text-align: justify;\">\u00d6calan\u2019\u0131n mektubunu yan\u0131tlad\u0131k, ancak aksakl\u0131klar nedeniyle ula\u015fmam\u0131\u015f olabilir. \u00d6calan \u00e7\u00f6z\u00fcm perspektifli bir mektup yazd\u0131. S\u00fcre\u00e7te ya\u015fananlar\u0131n ciddiye al\u0131nmas\u0131n\u0131 istedi. Biz yan\u0131t\u0131m\u0131zda, kayg\u0131l\u0131 oldu\u011fumuzu ama onu hi\u00e7bir ko\u015fulda bo\u015fa d\u00fc\u015f\u00fcrmeyece\u011fimizi, diyalog s\u00fcrecine stratejik d\u00fczeyde yakla\u015fabilece\u011fimizi, hareket ad\u0131na t\u00fcm diyaloglar\u0131 s\u00fcrd\u00fcrebilece\u011fini, tamamen orada y\u00fcr\u00fctece\u011fi diyaloglar\u0131 bizim de burada pratikle\u015ftirece\u011fimizi yazd\u0131k. AKP ve devlet iki hat \u00fczerinde \u00e7al\u0131\u015f\u0131yor. Bir yanda marjinalle\u015ftirme projesi \u00e7er\u00e7evesinde askeri haz\u0131rl\u0131klar var. Di\u011fer yanda \u00e7\u00f6z\u00fcm vb. g\u00f6r\u00fcnt\u00fcs\u00fc. Samimiyet ve ciddiyet g\u00f6rm\u00fcyoruz.\u201d<\/p>\n<p style=\"text-align: justify;\"><strong>\u2018\u0130\u00c7K\u0130 YOK, S\u0130GARAYI DA BIRAKIYORUZ\u2019<\/strong><\/p>\n<p style=\"text-align: justify;\">PKK\u2019ya y\u00f6nelik karapara su\u00e7lamalar\u0131 var. Ka\u00e7ak\u00e7\u0131l\u0131kla hemhal oldu\u011fu, sava\u015f rant\u00e7\u0131l\u0131\u011f\u0131 yapt\u0131\u011f\u0131, bu nedenle asla silah b\u0131rakmayaca\u011f\u0131 y\u00f6n\u00fcnde iddialar. Karay\u0131lan\u2019a \u201cSiz sava\u015f rant\u00e7\u0131s\u0131 m\u0131s\u0131n\u0131z?\u201d diye sorduk. Yan\u0131t\u0131 \u015f\u00f6yle: \u201cBunlar\u0131n hepsi safsatad\u0131r. \u0130sterseniz g\u00fcnlerce burada kal\u0131n, hatta uluslararas\u0131 heyet gelsin. B\u00fct\u00fcn ar\u015fivlerimizi a\u00e7al\u0131m. \u00d6yle tek bir ka\u00e7ak bir \u015fey bulurlarsa o zaman deriz, bizim b\u00fct\u00fcn s\u00f6ylediklerimiz yanl\u0131\u015ft\u0131r. Ya\u015fam ilkelerimiz var. Her t\u00fcrl\u00fc uyu\u015fturucu, i\u00e7ki anlam\u0131na gelen her \u015feyi reddederiz. Bir tek sigara kalm\u0131\u015f, art\u0131k onu da b\u0131rak\u0131yoruz.\u201d<\/p>\n<p style=\"text-align: justify;\"><a href=\"http:\/\/www.gazeteport.com.tr\/GUNCEL\/NEWS\/GP_790033\" target=\"_blank\"><span style=\"color: #888888;\">Kaynak : GAZETEPORT<\/span><\/a><\/p>\n","protected":false},"excerpt":{"rendered":"<p style=\"text-align: center;\">\n<p style=\"text-align: justify;\">PKK&#8217;n\u0131n Kandil&#8217;deki lideri Murat Karay\u0131lan sivillerin \u00f6ld\u00fc\u011f\u00fc PKK sald\u0131r\u0131lar\u0131yla ilgili &#8220;Evet hata yapt\u0131k, \u00f6z\u00fcr de dileriz&#8221; dedi. Karay\u0131lan devam ediyor: &#8220;Hi\u00e7 bir sivilin zarar g\u00f6rmemesi i\u00e7in t\u00fcm g\u00fc\u00e7lerimizi e\u011fitimden ge\u00e7iriyoruz. Asla olmayacak.&#8221;<\/p>\n<p style=\"text-align: justify;\">\u0130STANBUL &#8211; Radikal gazetesinden Ertu\u011frul Mavio\u011flu, Kandil&#8217;de PKK&#8217;n\u0131n lideri Murat Karay\u0131lan&#8217;la r\u00f6portaj yapt\u0131. <\/p>\n","protected":false},"author":1,"featured_media":0,"comment_status":"open","ping_status":"closed","sticky":false,"template":"","format":"standard","meta":{"footnotes":""},"categories":[105],"tags":[],"class_list":["post-26801","post","type-post","status-publish","format-standard","hentry","category-gundem","odd"],"_links":{"self":[{"href":"http:\/\/www.korhanyilmaz.com\/index.php?rest_route=\/wp\/v2\/posts\/26801","targetHints":{"allow":["GET"]}}],"collection":[{"href":"http:\/\/www.korhanyilmaz.com\/index.php?rest_route=\/wp\/v2\/posts"}],"about":[{"href":"http:\/\/www.korhanyilmaz.com\/index.php?rest_route=\/wp\/v2\/types\/post"}],"author":[{"embeddable":true,"href":"http:\/\/www.korhanyilmaz.com\/index.php?rest_route=\/wp\/v2\/users\/1"}],"replies":[{"embeddable":true,"href":"http:\/\/www.korhanyilmaz.com\/index.php?rest_route=%2Fwp%2Fv2%2Fcomments&post=26801"}],"version-history":[{"count":0,"href":"http:\/\/www.korhanyilmaz.com\/index.php?rest_route=\/wp\/v2\/posts\/26801\/revisions"}],"wp:attachment":[{"href":"http:\/\/www.korhanyilmaz.com\/index.php?rest_route=%2Fwp%2Fv2%2Fmedia&parent=26801"}],"wp:term":[{"taxonomy":"category","embeddable":true,"href":"http:\/\/www.korhanyilmaz.com\/index.php?rest_route=%2Fwp%2Fv2%2Fcategories&post=26801"},{"taxonomy":"post_tag","embeddable":true,"href":"http:\/\/www.korhanyilmaz.com\/index.php?rest_route=%2Fwp%2Fv2%2Ftags&post=26801"}],"curies":[{"name":"wp","href":"https:\/\/api.w.org\/{rel}","templated":true}]}}