{"id":26794,"date":"2010-10-28T07:22:56","date_gmt":"2010-10-28T04:22:56","guid":{"rendered":"http:\/\/www.korhanyilmaz.com\/?p=26794"},"modified":"2010-10-28T07:22:56","modified_gmt":"2010-10-28T04:22:56","slug":"ergenekonda-darbe-gunlukleri-firtinasi-dindi","status":"publish","type":"post","link":"http:\/\/www.korhanyilmaz.com\/?p=26794","title":{"rendered":"Ergenekon&#8217;da &#8216;Darbe G\u00fcnl\u00fckleri&#8217; f\u0131rt\u0131nas\u0131 dindi"},"content":{"rendered":"<p style=\"text-align: center;\"><a href=\"http:\/\/www.korhanyilmaz.com\/wp-content\/uploads\/2010\/10\/2281.jpg\"  class=\"lightview\"><img loading=\"lazy\" decoding=\"async\" class=\"aligncenter size-full wp-image-26796\" src=\"http:\/\/www.korhanyilmaz.com\/wp-content\/uploads\/2010\/10\/2281.jpg\" alt=\"\" width=\"468\" height=\"225\" \/><\/a><\/p>\n<p style=\"text-align: justify;\">Eski Deniz Kuvvetleri Komutan\u0131 Oramiral \u00d6zden \u00d6rnek taraf\u0131ndan kaleme al\u0131nd\u0131\u011f\u0131 ileri s\u00fcr\u00fclen &#8220;Darbe G\u00fcnl\u00fckleri&#8221; Ergenekon dava ve soru\u015fturmas\u0131ndan ayr\u0131larak ba\u011f\u0131ms\u0131z olarak soru\u015fturulmak \u00fczere Ankara&#8217;ya g\u00f6nderildi.<\/p>\n<p style=\"text-align: justify;\">\u0130STANBUL &#8211; Eski Deniz Kuvvetleri Komutan\u0131 \u00d6zden \u00d6rnek&#8217;in bilgisiyar\u0131ndan \u00e7\u0131kt\u0131\u011f\u0131 ileri s\u00fcr\u00fclen ve Nokta dergisinin kapanmas\u0131na neden olan &#8220;Darbe G\u00fcnl\u00fckleri&#8221; y\u00fcr\u00fct\u00fclmekte olan Ergenekon soru\u015fturmas\u0131ndan ayr\u0131larak Ankara&#8217;ya g\u00f6nderildi. <!--more--><\/p>\n<p style=\"text-align: justify;\">Soru\u015fturmay\u0131 y\u00fcr\u00fcten \u0130stanbul \u00f6zel yetkili cumhuriyet savc\u0131s\u0131  Mehmet Erg\u00fcl&#8217;\u00fcn yakla\u015f\u0131k 1 y\u0131ld\u0131r s\u00fcrd\u00fcrd\u00fc\u011f\u00fc soru\u015fturma sonucunda Darbe G\u00fcnl\u00fckleri&#8217;ndeki darbe iddialar\u0131 ile y\u00fcr\u00fct\u00fclmekte olan Ergenekon davas\u0131 aras\u0131na bir delil elde edilemedi.<\/p>\n<p style=\"text-align: justify;\">\u00d6zel yetkili cumhuriyet savc\u0131s\u0131 Mehmet Erg\u00fcl, &#8220;Cebir ve \u015fiddet kullanarak T\u00fcrkiye Cumhuriyeti H\u00fck\u00fcmetini ortadan kald\u0131rmaya veya g\u00f6revlerini yapmas\u0131n\u0131 k\u0131smen veya tamamen engellemeye te\u015febb\u00fcs etmek&#8221; ve &#8220;5607 Say\u0131l\u0131 Kanuna muhalefet etmek&#8221; su\u00e7lar\u0131n\u0131 i\u015fledikleri iddia edilen eski kuvvet komutanlar\u0131 F\u0131rt\u0131na, Yalman ve \u00d6rnek&#8217;in su\u00e7 tarihlerinin 2002 ile 2004 y\u0131llar\u0131 aras\u0131nda oldu\u011funu belirterek, soru\u015fturmada &#8220;Ergenekon&#8221; \u00f6rg\u00fct\u00fc ile bir ba\u011flant\u0131 kurulamad\u0131\u011f\u0131n\u0131 kaydetti.<\/p>\n<p style=\"text-align: justify;\">Savc\u0131 Erg\u00fcl, &#8220;Ergenekon&#8221; soru\u015fturmas\u0131ndan ay\u0131rd\u0131\u011f\u0131 dosyada &#8220;yetkisizlik&#8221; karar\u0131 vererek, dosyay\u0131 su\u00e7a isnat edilen konular\u0131n Ankara&#8217;da meydana gelmi\u015f olmas\u0131 nedeniyle Ankara \u00d6zel Yetkili Cumhuriyet Ba\u015fsavc\u0131l\u0131\u011f\u0131na g\u00f6nderilmesini kararla\u015ft\u0131rd\u0131.<\/p>\n<p style=\"text-align: justify;\"><strong>AYRI B\u0130R \u0130DD\u0130ANAME \u0130LE G\u0130RMES\u0130 BEKLEN\u0130YORDU<\/strong><\/p>\n<p style=\"text-align: justify;\">Ergenekon davas\u0131na ayr\u0131 bir iddianame ile girmesi beklenen &#8220;Darbe G\u00fcnl\u00fckleri&#8221; soru\u015fturmas\u0131n\u0131n, Ergenekon soru\u015fturmas\u0131ndan ayr\u0131larak Ankara&#8217;ya g\u00f6nderilmesi Ergenekon&#8217;da &#8220;h\u00fck\u00fcmete kar\u015f\u0131 darbe&#8221; iddialar\u0131n\u0131 da zay\u0131flatt\u0131. H\u00fck\u00fcmete kar\u015f\u0131 darbe iddialar\u0131yla ilgili olarak sadece Eski Jandarma Genel Komutan\u0131 \u015eener Eruygur&#8217;un &#8220;Sar\u0131k\u0131z&#8221; darbe plan\u0131 iddialar\u0131 yer al\u0131yor.<\/p>\n<p style=\"text-align: justify;\"><strong>DAVANIN \u00d6Z\u00dc BU<\/strong><\/p>\n<p style=\"text-align: justify;\">Hat\u0131rlanaca\u011f\u0131 \u00fczere, Ergenekon davas\u0131n\u0131n 24 Kas\u0131m\u2019daki duru\u015fmas\u0131nda sorgusu yap\u0131lan gazeteci Mustafa Balbay, \u201c\u00d6zk\u00f6k\u2019\u00fcn bu davadaki konumu ne? Tan\u0131k&#8230; Ben ona g\u00f6re daha ileri bir durumda m\u0131y\u0131m? Ben en zorlama olarak tan\u0131k olabilirim. \u00d6zden \u00d6rnek nerede?\u201d demi\u015fti. Bu s\u00f6zler \u00fczerine Mahkeme Ba\u015fkan\u0131 \u015eeng\u00fcn savc\u0131lara \u201cBildi\u011fim kadar\u0131yla s\u00f6yledi\u011finiz darbe planlar\u0131yla ilgili tahkikat bile yok, var m\u0131?\u201d diye sormu\u015f, Savc\u0131 Pekg\u00fczel de \u201cBurada darbe giri\u015fimlerini yarg\u0131l\u0131yoruz. 2. davan\u0131n \u00f6z\u00fc bu\u201d demi\u015fti.<\/p>\n<p style=\"text-align: justify;\"><strong>YALMAN&#8217;A USULS\u00dcZL\u00dcKTEN AYRI SORU\u015eTURMA<\/strong><\/p>\n<p style=\"text-align: justify;\">\u00d6te yandan, eski Kara Kuvvetleri Komutan\u0131 emekli Orgeneral Ayta\u00e7 Yalman hakk\u0131nda y\u00fcr\u00fct\u00fclen &#8216;\u00f6rt\u00fcl\u00fc \u00f6denek&#8217; soru\u015fturmas\u0131n\u0131n da &#8216;yetkisizlik&#8217; karar\u0131 verilerek, Ankara Cumhuriyet Ba\u015fsavc\u0131l\u0131\u011f\u0131&#8217;na g\u00f6nderildi\u011fi \u00f6\u011frenildi.<\/p>\n<p style=\"text-align: justify;\">Soru\u015fturma kapsam\u0131nda eski kuvvet komutanlar\u0131 \u00d6rnek, Yalman ve F\u0131rt\u0131na 5 Aral\u0131k 2009&#8217;da \u0130stanbul Cumhuriyet Ba\u015fsavc\u0131vekili Turan \u00c7olakkad\u0131 ve soru\u015fturmay\u0131 ba\u015flatan &#8220;Ergenekon&#8221; savc\u0131lar\u0131 taraf\u0131ndan sorgulanm\u0131\u015ft\u0131. Darbe Plan\u0131 iddialar\u0131 her \u00fc\u00e7 emekli komutan taraf\u0131ndan da reddedilmi\u015fti.<\/p>\n<p style=\"text-align: justify;\"><strong>NOKTA DERG\u0130S\u0130N\u0130N KAPANMASINA NEDEN OLMU\u015eTU<\/strong><\/p>\n<p style=\"text-align: justify;\">Nokta dergisinin 29 Nisan-4 Mart 2007 tarihli 22. say\u0131s\u0131nda, \u201cHayret verici ayr\u0131nt\u0131lar\u0131yla Sar\u0131k\u0131z ve Ay\u015f\u0131\u011f\u0131. 2004\u2019te iki darbe atlatm\u0131\u015f\u0131z\u201d ba\u015fl\u0131\u011f\u0131yla yer alan kapak haberinde Deniz Kuvvetleri eski Komutan\u0131 Oramiral \u00d6zden \u00d6rnek\u2019e ait oldu\u011fu belirtilen g\u00fcnl\u00fckler yay\u0131mlanm\u0131\u015ft\u0131. Habere g\u00f6re \u00d6rnek\u2019in g\u00fcnl\u00fcklerinde, 2004\u2019te d\u00f6nemin Kara Kuvvetleri Komutan\u0131 Ayta\u00e7 Yalman ve Jandarma Genel Komutan\u0131 \u015eener Eruygur\u2019la planlanan darbe giri\u015fimlerine ili\u015fkin ayr\u0131nt\u0131l\u0131 anlat\u0131mlar yer al\u0131yordu. G\u00fcnl\u00fckte Yalman ve Eruygur\u2019un ba\u015f\u0131n\u0131 \u00e7ekti\u011fi b\u00fct\u00fcn kuvvet komutanlar\u0131n\u0131n bir bi\u00e7imde kat\u0131ld\u0131\u011f\u0131 \u201cSar\u0131k\u0131z\u201d kodlu darbeden \u00fcmit kesilince bu kez Eruygur\u2019un tek ba\u015f\u0131na \u201cAy\u0131\u015f\u0131\u011f\u0131\u201d ismi verilen bir operasyona giri\u015fti\u011fi anlat\u0131l\u0131yordu.<\/p>\n<p style=\"text-align: justify;\"><strong>DERG\u0130 KAPANDI ALPER G\u00d6RM\u00dc\u015e YARGILANDI<\/strong><\/p>\n<p style=\"text-align: justify;\">Yay\u0131mlanmas\u0131 \u00fczerine b\u00fcy\u00fck ses getiren g\u00fcnl\u00fckler Nokta dergisinin kapat\u0131lmas\u0131na, Eski Deniz Kuvvetler Komutan\u0131 \u00d6zden \u00d6rnek\u2019in \u201cBana ait de\u011fil\u201d diyerek \u015fik\u00e2yet\u00e7i olmas\u0131yla eski Yay\u0131n Y\u00f6netmeni Alper G\u00f6rm\u00fc\u015f\u2019\u00fcn de \u201cyalan haber yapmak\u201d iddias\u0131yla yarg\u0131lanmas\u0131na neden olmu\u015ftu. Yarg\u0131lama s\u00fcrecinde \u00d6zden \u00d6rnek g\u00fcnl\u00fcklerin kendisine ait oldu\u011funu, ancak baz\u0131 eklemeler yap\u0131larak \u00e7arp\u0131t\u0131ld\u0131\u011f\u0131n\u0131 ileri s\u00fcrm\u00fc\u015ft\u00fc. Gazeteci Fatih Altayl\u0131 da g\u00fcnl\u00fcklerin bizzat \u00d6zden \u00d6rnek&#8217;in o\u011flu Tolga \u00d6rnek taraf\u0131ndan o d\u00f6nem hen\u00fcz Sabah Gazetesini sat\u0131n almam\u0131\u015f olan Ahmet \u00c7al\u0131k&#8217;a verildi\u011fini, oradan da h\u00fck\u00fcmete gitti\u011fini iddia etmi\u015fti. Bu iddialar hi\u00e7 bir zaman yalanlanmad\u0131 ama do\u011frulanmad\u0131 da. \u00dcmraniye&#8217;de bir gecekonduda ele ge\u00e7en el bombalar\u0131 ile ilgili yap\u0131lan ihbar \u00fczerine ba\u015flayan soru\u015fturma k\u0131sa s\u00fcre i\u00e7inde T\u00fcrkiye&#8217;nin en \u00e7ok konu\u015fulan davas\u0131 haline gelen Ergenekon davas\u0131n\u0131n soru\u015fturma s\u00fcrecinde \u00f6zel yetkili savc\u0131 Zekeriya \u00d6z taraf\u0131ndan soru\u015fturma kapsam\u0131na al\u0131nd\u0131. 5 Aral\u0131k 2009 tarihinde T\u00fcrkiye bir ilki daha ya\u015fad\u0131. \u00dc\u00e7 emekli kuvvet komutan\u0131 darbe iddialar\u0131yla ilgili olarak savc\u0131l\u0131k taraf\u0131ndan sorguland\u0131. \u0130ddialarla ilgili olarak d\u00f6nemin Genelkurmay Ba\u015fkan\u0131 Hilmi \u00d6zk\u00f6k de \u0130zmir&#8217;de ifade verdi. \u00d6zk\u00f6k, iddilarla ilgili olarak elinde hi\u00e7 bir belge olmad\u0131\u011f\u0131n\u0131, oldu\u011fu taktirde i\u015fleme koyaca\u011f\u0131n\u0131 a\u00e7\u0131klam\u0131\u015ft\u0131.<\/p>\n<p style=\"text-align: justify;\"><a href=\"http:\/\/www.gazeteport.com.tr\/GUNCEL\/NEWS\/GP_789972\" target=\"_blank\"><span style=\"color: #888888;\">Kaynak : \u0130hsan Demir &#8211; GAZETEPORT<\/span><\/a><\/p>\n","protected":false},"excerpt":{"rendered":"<p style=\"text-align: center;\">\n<p style=\"text-align: justify;\">Eski Deniz Kuvvetleri Komutan\u0131 Oramiral \u00d6zden \u00d6rnek taraf\u0131ndan kaleme al\u0131nd\u0131\u011f\u0131 ileri s\u00fcr\u00fclen &#8220;Darbe G\u00fcnl\u00fckleri&#8221; Ergenekon dava ve soru\u015fturmas\u0131ndan ayr\u0131larak ba\u011f\u0131ms\u0131z olarak soru\u015fturulmak \u00fczere Ankara&#8217;ya g\u00f6nderildi.<\/p>\n<p style=\"text-align: justify;\">\u0130STANBUL &#8211; Eski Deniz Kuvvetleri Komutan\u0131 \u00d6zden \u00d6rnek&#8217;in bilgisiyar\u0131ndan \u00e7\u0131kt\u0131\u011f\u0131 ileri s\u00fcr\u00fclen ve Nokta dergisinin kapanmas\u0131na neden olan &#8220;Darbe G\u00fcnl\u00fckleri&#8221; y\u00fcr\u00fct\u00fclmekte olan Ergenekon <\/p>\n","protected":false},"author":1,"featured_media":0,"comment_status":"open","ping_status":"closed","sticky":false,"template":"","format":"standard","meta":{"footnotes":""},"categories":[105],"tags":[],"class_list":["post-26794","post","type-post","status-publish","format-standard","hentry","category-gundem","odd"],"_links":{"self":[{"href":"http:\/\/www.korhanyilmaz.com\/index.php?rest_route=\/wp\/v2\/posts\/26794","targetHints":{"allow":["GET"]}}],"collection":[{"href":"http:\/\/www.korhanyilmaz.com\/index.php?rest_route=\/wp\/v2\/posts"}],"about":[{"href":"http:\/\/www.korhanyilmaz.com\/index.php?rest_route=\/wp\/v2\/types\/post"}],"author":[{"embeddable":true,"href":"http:\/\/www.korhanyilmaz.com\/index.php?rest_route=\/wp\/v2\/users\/1"}],"replies":[{"embeddable":true,"href":"http:\/\/www.korhanyilmaz.com\/index.php?rest_route=%2Fwp%2Fv2%2Fcomments&post=26794"}],"version-history":[{"count":0,"href":"http:\/\/www.korhanyilmaz.com\/index.php?rest_route=\/wp\/v2\/posts\/26794\/revisions"}],"wp:attachment":[{"href":"http:\/\/www.korhanyilmaz.com\/index.php?rest_route=%2Fwp%2Fv2%2Fmedia&parent=26794"}],"wp:term":[{"taxonomy":"category","embeddable":true,"href":"http:\/\/www.korhanyilmaz.com\/index.php?rest_route=%2Fwp%2Fv2%2Fcategories&post=26794"},{"taxonomy":"post_tag","embeddable":true,"href":"http:\/\/www.korhanyilmaz.com\/index.php?rest_route=%2Fwp%2Fv2%2Ftags&post=26794"}],"curies":[{"name":"wp","href":"https:\/\/api.w.org\/{rel}","templated":true}]}}