{"id":26790,"date":"2010-10-28T09:19:20","date_gmt":"2010-10-28T06:19:20","guid":{"rendered":"http:\/\/www.korhanyilmaz.com\/?p=26790"},"modified":"2010-10-28T09:19:20","modified_gmt":"2010-10-28T06:19:20","slug":"delil-aranirken-kasetler-tek-tek-kirildi","status":"publish","type":"post","link":"http:\/\/www.korhanyilmaz.com\/?p=26790","title":{"rendered":"Delil aran\u0131rken kasetler tek tek k\u0131r\u0131ld\u0131"},"content":{"rendered":"<p style=\"text-align: justify;\"><a href=\"http:\/\/www.korhanyilmaz.com\/wp-content\/uploads\/2010\/10\/227.jpg\"  class=\"lightview\"><img loading=\"lazy\" decoding=\"async\" class=\"aligncenter size-full wp-image-26791\" src=\"http:\/\/www.korhanyilmaz.com\/wp-content\/uploads\/2010\/10\/227.jpg\" alt=\"\" width=\"449\" height=\"231\" \/><\/a><\/p>\n<p style=\"text-align: justify;\">Hanefi Avc\u0131&#8217;n\u0131n makam odas\u0131nda ele ge\u00e7irildi\u011fi ileri s\u00fcr\u00fclen yasad\u0131\u015f\u0131 dinlemelerin kay\u0131tl\u0131 oldu\u011fu 24 kasetin, parmak izi ve delil aranmas\u0131 s\u0131ras\u0131nda tek tek k\u0131r\u0131ld\u0131\u011f\u0131 \u00f6\u011frenildi. Bu duruma tepki g\u00f6steren avukat ile soru\u015fturmay\u0131 y\u00fcr\u00fcten savc\u0131 aras\u0131nda da sert bir tart\u0131\u015fma ya\u015fand\u0131\u011f\u0131 ileri s\u00fcr\u00fcld\u00fc.<!--more--><\/p>\n<p style=\"text-align: justify;\">\u0130STANBUL \/ Hanefi Avc\u0131&#8217;n\u0131n makam odas\u0131ndan \u00e7\u0131kt\u0131\u011f\u0131 ileri s\u00fcr\u00fclen yasad\u0131\u015f\u0131 dinleme kay\u0131tlar\u0131n\u0131n bulundu\u011fu 24 kasetin delil aranmas\u0131 s\u0131ras\u0131nda, parmak izi incelemesi yapan Olay Yeri \u0130nceleme polisi ve  TUB\u0130TAK g\u00f6revlileri taraf\u0131ndan tek tek k\u0131r\u0131ld\u0131\u011f\u0131, bu duruma tepki g\u00f6stererek ke\u015fif mahallini terk etmek isteyen Hanefi Avc\u0131&#8217;n\u0131n avukat\u0131 Fidel Okan ile soru\u015fturmay\u0131 y\u00fcr\u00fcten \u00d6zel Yetkili Savc\u0131 Kadir Alt\u0131n\u0131\u015f\u0131k aras\u0131nda sert ir tart\u0131\u015fma ya\u015fand\u0131\u011f\u0131 ileri s\u00fcr\u00fcld\u00fc.<\/p>\n<p style=\"text-align: justify;\">Olay Yeri \u0130nceleme polisi ve TUB\u0130TAK g\u00f6revlilerinin de bulundu\u011fu ortamda ge\u00e7en ve so\u011fuk r\u00fczgarlar esmesine neden olan tart\u0131\u015fma sonunda Hanefi Avc\u0131&#8217;n\u0131n avukat\u0131, ya\u015fanan olaylar\u0131 tutana\u011fa ba\u011flatarak oday\u0131 terk etti.<\/p>\n<p style=\"text-align: justify;\">Devrimci Karargah \u00d6rg\u00fct\u00fc soru\u015fturmas\u0131 kapsam\u0131nda tutuklanan Emniyet M\u00fcd\u00fcr\u00fc Hanefi Avc\u0131&#8217;n\u0131n odas\u0131ndan \u00e7\u0131kt\u0131\u011f\u0131 ileri s\u00fcr\u00fclen yasad\u0131\u015f\u0131 dinleme kay\u0131tlar\u0131 \u00fczerinde parmak izi ve delil aran\u0131rken kasetler tek tek k\u0131r\u0131ld\u0131. K\u0131r\u0131lan kasetlere tepki g\u00f6steren Avc\u0131&#8217;n\u0131n avukat\u0131, kasetlerin delil arama bahanesiyle k\u0131r\u0131ld\u0131\u011f\u0131n\u0131 ileri s\u00fcrerek tutanak tutulmas\u0131n\u0131 isteyerek oday\u0131 terk etmek istedi. Soru\u015fturmay\u0131 y\u00fcr\u00fcten savc\u0131 Kadir Alt\u0131n\u0131\u015f\u0131k&#8217;\u0131n &#8220;Oday\u0131 terk etmenize izin verebilirim&#8221; s\u00f6z\u00fcne Fidel Okan &#8220;Beni burada tutamazs\u0131n\u0131z&#8221; yan\u0131t\u0131n\u0131 verdi\u011fi ileri s\u00fcr\u00fcld\u00fc. Fidel Okan&#8217;\u0131n bu s\u00f6z\u00fc \u00fczerine odada buz gibi bir hava esti\u011fi \u00f6\u011frenildi.  Gazeteport&#8217;tan ihsan Demir&#8217;in kaleminden \u00d6zel Yetkili Savc\u0131 Kadir Alt\u0131n\u0131\u015f\u0131k&#8217;\u0131n odas\u0131nda dakika dakika ya\u015fananlar;<\/p>\n<p style=\"text-align: justify;\"><strong>KASETLER \u00dcZER\u0130NDE DEL\u0130L ARANMASINA KARAR VER\u0130LD\u0130<\/strong><\/p>\n<p style=\"text-align: justify;\">Hanefi Avc\u0131&#8217;n\u0131n bo\u015faltt\u0131\u011f\u0131 makam odas\u0131ndan \u00e7\u0131kt\u0131\u011f\u0131 ileri s\u00fcr\u00fclen yasad\u0131\u015f\u0131 telefon dinleme kasetleri ile ilgili olarak dinlenen ki\u015filerin ifade alma i\u015flemleri s\u00fcrerken talep \u00fczerine kasetler \u00fczerinde parmak izi ve delil aranmas\u0131 istendi. Kasetler \u00fczerinde ke\u015fif yap\u0131lmas\u0131 i\u00e7in \u0130stanbul Emniyet M\u00fcd\u00fcrl\u00fc\u011f\u00fc, Olay Yeri \u0130nceleme \u015eubesi&#8217;nden parmak izi incelemesi yapmak \u00fczere bir ekip ve TUB\u0130TAK&#8217;tan da kasetleri \u00e7o\u011faltmak \u00fczere ba\u015fka bir ekip Be\u015fikta\u015f&#8217;ta bulunan \u0130stanbul Adliyesine geldi. Burada soru\u015fturmay\u0131 y\u00fcr\u00fcten Kadir Alt\u0131n\u0131\u015f\u0131k&#8217;\u0131n g\u00f6zetiminde ekipler \u00e7al\u0131\u015fmaya ba\u015flad\u0131.<\/p>\n<p style=\"text-align: justify;\"><strong>KASETLER\u0130N TAMAMI TAHR\u0130P OLDU<\/strong><\/p>\n<p style=\"text-align: justify;\">Kasetlerin birer \u00f6rne\u011finin \u00e7\u0131kart\u0131lmas\u0131ndan sonra parmak izi ve delil aramak i\u00e7in kasetler \u00fczerinde inceleme yapan Olay Yeri uzmanlar\u0131 ve TUB\u0130TAK ekibi kasetler \u00fczerinde inceleme yaparken kasetleri teker teker k\u0131rarak tahrip etti\u011fi \u00f6\u011frenildi.<\/p>\n<p style=\"text-align: justify;\"><strong>AVUKAT TUTANAK \u0130STED\u0130<\/strong><\/p>\n<p style=\"text-align: justify;\">Konusu yasad\u0131\u015f\u0131 dinleme olan kasetlerin teker teker k\u0131r\u0131lmas\u0131 \u00fczerine Hanefi Avc\u0131&#8217;n\u0131n avukat\u0131 Fidel Okan ortamda g\u00f6z\u00fcn\u00fcn \u00f6n\u00fcnde delillerin teker teker imha edildi\u011fini ileri s\u00fcrerek &#8220;Burada bir tiyatro sergileniyor. Ben de bu tiyatro sahnesine kat\u0131lmayaca\u011f\u0131m. Ke\u015ffe devam etmeyece\u011fim. Olay\u0131n tutana\u011fa ba\u011flanmas\u0131n\u0131 ve tiyatro sergilenen odadan \u00e7\u0131kmak istiyorum&#8221; dedi\u011fi belirtildi.<\/p>\n<p style=\"text-align: justify;\"><strong>ODADA SO\u011eUK R\u00dcZGARLAR EST\u0130<\/strong><\/p>\n<p style=\"text-align: justify;\">Ortam\u0131n gerilmesine neden olan bu \u00f6neri y\u00fcz\u00fcnden Soru\u015fturmay\u0131 y\u00fcr\u00fcten \u00d6zel Yetkili Savc\u0131 Kadir Alt\u0131n\u0131\u015f\u0131k&#8217;\u0131n, tutanak tutmak yerine &#8220;gitmene m\u00fcsade ediyorum&#8221; dedi\u011fi \u00f6\u011frenildi. Ke\u015fif mahallinde delillerin yok edildi\u011fini ileri s\u00fcrerek olay\u0131n tutana\u011fa ba\u011flanarak odadan \u00e7\u0131kmak isteyen Fidel Okan&#8217;\u0131n beni burada zorla tutamazs\u0131n\u0131z demesi \u00fczerine ke\u015fif yap\u0131lan odada so\u011fuk r\u00fczgarlar esti. Edinilen bilgilere g\u00f6re odada ya\u015fanan bu gergin dakikalar s\u00fcren konu\u015fma sonras\u0131 tutana\u011fa ba\u011fland\u0131. Tutana\u011f\u0131 ald\u0131\u011f\u0131 ileri s\u00fcr\u00fclen Hanefi Avc\u0131&#8217;n\u0131n avukat\u0131 Fidel Okan&#8217;\u0131n odadan bu \u015fekilde \u00e7\u0131kt\u0131\u011f\u0131 \u00f6\u011frenildi.<\/p>\n<p style=\"text-align: justify;\"><a href=\"http:\/\/www.gazeteport.com.tr\/GUNCEL\/NEWS\/GP_789957\" target=\"_blank\"><span style=\"color: #888888;\">Kaynak : \u0130hsan Demir &#8211; GAZETEPORT<\/span><\/a><\/p>\n","protected":false},"excerpt":{"rendered":"<p style=\"text-align: justify;\">\n<p style=\"text-align: justify;\">Hanefi Avc\u0131&#8217;n\u0131n makam odas\u0131nda ele ge\u00e7irildi\u011fi ileri s\u00fcr\u00fclen yasad\u0131\u015f\u0131 dinlemelerin kay\u0131tl\u0131 oldu\u011fu 24 kasetin, parmak izi ve delil aranmas\u0131 s\u0131ras\u0131nda tek tek k\u0131r\u0131ld\u0131\u011f\u0131 \u00f6\u011frenildi. Bu duruma tepki g\u00f6steren avukat ile soru\u015fturmay\u0131 y\u00fcr\u00fcten savc\u0131 aras\u0131nda da sert bir tart\u0131\u015fma ya\u015fand\u0131\u011f\u0131 ileri s\u00fcr\u00fcld\u00fc.<\/p>\n","protected":false},"author":1,"featured_media":0,"comment_status":"open","ping_status":"closed","sticky":false,"template":"","format":"standard","meta":{"footnotes":""},"categories":[105],"tags":[],"class_list":["post-26790","post","type-post","status-publish","format-standard","hentry","category-gundem","odd"],"_links":{"self":[{"href":"http:\/\/www.korhanyilmaz.com\/index.php?rest_route=\/wp\/v2\/posts\/26790","targetHints":{"allow":["GET"]}}],"collection":[{"href":"http:\/\/www.korhanyilmaz.com\/index.php?rest_route=\/wp\/v2\/posts"}],"about":[{"href":"http:\/\/www.korhanyilmaz.com\/index.php?rest_route=\/wp\/v2\/types\/post"}],"author":[{"embeddable":true,"href":"http:\/\/www.korhanyilmaz.com\/index.php?rest_route=\/wp\/v2\/users\/1"}],"replies":[{"embeddable":true,"href":"http:\/\/www.korhanyilmaz.com\/index.php?rest_route=%2Fwp%2Fv2%2Fcomments&post=26790"}],"version-history":[{"count":0,"href":"http:\/\/www.korhanyilmaz.com\/index.php?rest_route=\/wp\/v2\/posts\/26790\/revisions"}],"wp:attachment":[{"href":"http:\/\/www.korhanyilmaz.com\/index.php?rest_route=%2Fwp%2Fv2%2Fmedia&parent=26790"}],"wp:term":[{"taxonomy":"category","embeddable":true,"href":"http:\/\/www.korhanyilmaz.com\/index.php?rest_route=%2Fwp%2Fv2%2Fcategories&post=26790"},{"taxonomy":"post_tag","embeddable":true,"href":"http:\/\/www.korhanyilmaz.com\/index.php?rest_route=%2Fwp%2Fv2%2Ftags&post=26790"}],"curies":[{"name":"wp","href":"https:\/\/api.w.org\/{rel}","templated":true}]}}