{"id":26784,"date":"2010-10-20T12:17:32","date_gmt":"2010-10-20T09:17:32","guid":{"rendered":"http:\/\/www.korhanyilmaz.com\/?p=26784"},"modified":"2010-10-20T12:17:32","modified_gmt":"2010-10-20T09:17:32","slug":"yargitay-bassavcisindan-yoke-uyari","status":"publish","type":"post","link":"http:\/\/www.korhanyilmaz.com\/?p=26784","title":{"rendered":"Yarg\u0131tay Ba\u015fsavc\u0131s\u0131&#8217;ndan Y\u00d6K&#8217;e uyar\u0131"},"content":{"rendered":"<p style=\"text-align: justify;\"><a href=\"http:\/\/www.korhanyilmaz.com\/wp-content\/uploads\/2010\/10\/225.jpeg\"  class=\"lightview\"><img loading=\"lazy\" decoding=\"async\" class=\"aligncenter size-full wp-image-26785\" src=\"http:\/\/www.korhanyilmaz.com\/wp-content\/uploads\/2010\/10\/225.jpeg\" alt=\"\" width=\"343\" height=\"257\" \/><\/a><\/p>\n<p style=\"text-align: justify;\">Yarg\u0131tay Cumhuriyet Ba\u015fsavc\u0131s\u0131 Abdurrahman Yal\u00e7\u0131nkaya, Y\u00d6K&#8217;\u00fcn &#8216;KPSS ve \u00d6SS&#8217;de t\u00fcrban\u0131 serbest b\u0131rakan&#8217; genelgesinin laiklik ilkesine ayk\u0131r\u0131 oldu\u011funu a\u00e7\u0131klad\u0131.<\/p>\n<p style=\"text-align: justify;\">Ba\u015fsavc\u0131l\u0131k, Yasama ve Y\u00fcr\u00fctme&#8217;nin yarg\u0131 kararlar\u0131na uymas\u0131 gerekti\u011fini vurgulad\u0131.<!--more--><\/p>\n<p style=\"text-align: justify;\"><strong>\u00d6ZCAN: BA\u015e\u00d6RT\u00dcS\u00dc KPSS VE \u00d6SS\u2019DE SERBEST<\/strong><\/p>\n<p style=\"text-align: justify;\">Y\u00d6K Ba\u015fkan\u0131 Prof. Dr. Yusuf Ziya \u00d6zcan, \u00d6\u011frenci Se\u00e7me ve Yerle\u015ftirme Merkezince bundan sonra yap\u0131lacak s\u0131navlara ba\u015f\u00f6rt\u00fcs\u00fc ile girilebilece\u011fini bildirdi.<\/p>\n<p style=\"text-align: justify;\">\u00d6zcan, ilkbahar d\u00f6nemi Akademik Personel Lisans\u00fcst\u00fc E\u011fitimi Giri\u015f S\u0131nav\u0131 (ALES) k\u0131lavuzunda yer alan ancak 19 Aral\u0131k 2010\u2019da yap\u0131lacak sonbahar d\u00f6nemi ALES k\u0131lavuzundan \u00e7\u0131kar\u0131lan &#8220;Aday, ba\u015f\u0131 a\u00e7\u0131k ve k\u0131l\u0131k k\u0131yafeti ilgili mevzuata uygun bir \u015fekilde gelmemi\u015fse s\u0131nava al\u0131nmayacakt\u0131r. Ba\u015f\u0131 \u00f6rt\u00fcl\u00fc adaylar s\u0131nava al\u0131nsa bile s\u0131navlar\u0131 ge\u00e7ersiz say\u0131lacakt\u0131r&#8221; ibaresinin bundan sonraki s\u0131nav k\u0131lavuzlar\u0131nda da yer almayaca\u011f\u0131n\u0131 s\u00f6yledi.<\/p>\n<p style=\"text-align: justify;\">\u00d6zcan, Y\u00d6K\u2019te, \u00c7anakkale 18 Mart \u00dcniversitesi taraf\u0131ndan d\u00fczenlenen &#8220;D\u00fcnya \u00dcniversiteler Kongresi&#8221;ne video konferans sistemi ile kat\u0131larak bir konu\u015fma yapt\u0131. \u00d6zcan, daha sonra gazetecilerin sorular\u0131n\u0131 yan\u0131tlad\u0131.<\/p>\n<p style=\"text-align: justify;\">Bir gazetecinin &#8220;ALES k\u0131lavuzunda yap\u0131lan de\u011fi\u015fikli\u011fi sendikalar yarg\u0131ya ta\u015f\u0131yacak. Bunu nas\u0131l de\u011ferlendiriyorsunuz?&#8221; sorusunu \u00d6zcan, &#8220;Dava a\u00e7abilirler. Orada hi\u00e7bir \u015fey yok. Onu engelleyen bir durum da yoktu zaten. Tamamen ilk ba\u015fta keyfi olarak konulmu\u015f bir kurald\u0131r. Biz de o kural\u0131 kald\u0131rd\u0131k&#8221; diye yan\u0131tlad\u0131.<\/p>\n<p style=\"text-align: justify;\">\u00d6zcan, &#8220;Ge\u00e7mi\u015f d\u00f6nemde benzer davalar a\u00e7\u0131lm\u0131\u015f. Onlar incelenerek mi bu karar al\u0131nd\u0131?&#8221; sorusu \u00fczerine &#8220;Hi\u00e7 bir ayk\u0131r\u0131l\u0131k g\u00f6rm\u00fcyoruz, onun i\u00e7in kald\u0131rd\u0131k&#8221; dedi. Bir gazetecinin &#8220;Di\u011fer s\u0131navlarda da ayn\u0131 uygulama olacak m\u0131?&#8221; sorusuna \u00d6zcan, &#8220;Hepsinde ayn\u0131s\u0131 olacak. B\u00fct\u00fcn s\u0131navlar dahil. B\u00fct\u00fcn s\u0131navlar\u0131n k\u0131lavuzunda ayn\u0131 ifadeyi g\u00f6receksiniz&#8221; dedi.<\/p>\n<p style=\"text-align: justify;\">Y\u00d6K\u2019\u00fcn son Genel Kurul toplant\u0131s\u0131nda onaylanan sonbahar d\u00f6nemi ALES k\u0131lavuzundan &#8220;Aday, ba\u015f\u0131 a\u00e7\u0131k ve k\u0131l\u0131k k\u0131yafeti ilgili mevzuata uygun bir \u015fekilde gelmemi\u015fse s\u0131nava al\u0131nmayacakt\u0131r. Ba\u015f\u0131 \u00f6rt\u00fcl\u00fc adaylar s\u0131nava al\u0131nsa bile s\u0131navlar\u0131 ge\u00e7ersiz say\u0131lacakt\u0131r&#8221; ibaresi \u00e7\u0131kar\u0131lm\u0131\u015ft\u0131.<\/p>\n<p style=\"text-align: justify;\"><strong>KPSS\u2019DE AYRI ODA FORMUL\u00dc<\/strong><\/p>\n<p style=\"text-align: justify;\">\u00d6zcan, &#8220;KPSS E\u011fitim Bilimleri Testi\u2019nde t\u00fcm sorulara do\u011fru yan\u0131t veren \u00f6\u011frencilerin \u00f6zel bir yerde s\u0131nava girmesini sa\u011flayacakt\u0131k. Ge\u00e7en s\u0131navda endi\u015fe yaratan durumlar\u0131 yaratt\u0131lar bizim i\u00e7in. \u015e\u00fcpheler do\u011fdu onlar y\u00fcz\u00fcnden. Tekrar ayn\u0131 \u015f\u00fcphelerin do\u011fmas\u0131n\u0131 istemiyoruz, biraz daha kontrol etmek istiyoruz&#8221; dedi.<\/p>\n<p style=\"text-align: justify;\">Y\u00d6K Ba\u015fkan\u0131 Prof. Dr. \u00d6zcan, \u00c7anakkale On Sekiz Mart \u00dcniversitesince d\u00fczenlenen &#8220;D\u00fcnya \u00dcniversiteler Kongresi&#8221;ne Y\u00d6K\u2019ten yap\u0131lan video konferans ba\u011flant\u0131s\u0131yla kat\u0131lmas\u0131n\u0131n ard\u0131ndan gazetecilerin sorular\u0131n\u0131 yan\u0131tlad\u0131.<\/p>\n<p style=\"text-align: justify;\">Bir gazetecinin, &#8220;KPSS E\u011fitim Bilimleri S\u0131nav\u0131\u2019nda 100 net ve \u00fczeri alan adaylar\u0131n Ankara ve \u0130stanbul\u2019da s\u0131nava al\u0131nacaklar\u0131 y\u00f6n\u00fcnde bas\u0131nda haberler var. Bu do\u011fru mu?&#8221; sorusuna \u00d6zcan, &#8220;Benim bildi\u011fim, t\u00fcm sorulara yani 120 soruya do\u011fru yan\u0131t veren \u00f6\u011frencilerin \u00f6zel bir yerde s\u0131nava girmesini sa\u011flayacakt\u0131k. Onlar ge\u00e7en s\u0131navda endi\u015fe yaratan durumlar\u0131 yaratt\u0131lar bizim i\u00e7in. \u015e\u00fcpheler do\u011fdu onlar y\u00fcz\u00fcnden. Tekrar ayn\u0131 \u015f\u00fcphelerin do\u011fmas\u0131n\u0131 istemiyoruz. Biraz daha kontrol etmek istiyoruz&#8221; yan\u0131t\u0131n\u0131 verdi.<\/p>\n<p style=\"text-align: justify;\">\u00d6zcan, ba\u015fka bir gazetecinin &#8220;Ancak \u00d6SYM, 100 soru ve \u00fczeri yapanlara ili\u015fkin bu karar\u0131 alm\u0131\u015f&#8221; s\u00f6zleri \u00fczerine, &#8220;Olabilir. 100 soru ve \u00fczerinde yapanlar\u0131n say\u0131s\u0131 3 bin 227 ki\u015fi&#8221; dedi.<\/p>\n<p style=\"text-align: justify;\">&#8220;Maliyet konusu dikkate al\u0131nd\u0131 m\u0131?&#8221; sorusuna \u00d6zcan, &#8220;Hay\u0131r. Bu kadar \u015faibeli olan bir s\u0131navda art\u0131k biz maliyet, para gibi meseleleri hi\u00e7 d\u00fc\u015f\u00fcnm\u00fcyoruz. Bizim i\u00e7in \u00f6nemli olan s\u0131nav\u0131 son derece s\u0131hhatli bir \u015fekilde yapmak. Onun i\u00e7in de ne gerekiyorsa hepsini yapaca\u011f\u0131m\u0131za emin olabilirsiniz&#8221; yan\u0131t\u0131n\u0131 verdi.<\/p>\n<p style=\"text-align: justify;\">&#8220;\u00c7a\u011fr\u0131lan adaylar\u0131n masraflar\u0131 sizin taraf\u0131n\u0131zdan kar\u015f\u0131lanabilir mi?&#8221; sorusunu \u00d6zcan, &#8220;Onu da kar\u015f\u0131lar\u0131z herhalde ama zannediyorum adaylar\u0131n kendileri kar\u015f\u0131layacaklar. Biz onlardan ekstra para da almayaca\u011f\u0131z. Buraya seyahat masraflar\u0131 olabilir. Zaten bir g\u00fcnl\u00fck bir s\u0131nav bu&#8221; diye yan\u0131tlad\u0131.<\/p>\n<p style=\"text-align: justify;\">\u00d6zcan, &#8220;\u00d6SYM, 100 net ve \u00fczeri yapan adaylar\u0131 s\u0131nava girmedikleri takdirde \u015f\u00fcpheli olarak savc\u0131l\u0131\u011fa verecekmi\u015f. Bu do\u011fru mu?&#8221; sorusu \u00fczerine, &#8220;Onlar\u0131 verdik zaten. 100 net ve \u00fczeri yapanlar\u0131n isimleri savc\u0131l\u0131kta mevcuttur&#8221; dedi.<\/p>\n<p style=\"text-align: justify;\">&#8220;\u00dcniversitelerde ba\u015f\u00f6rt\u00fcs\u00fc uygulamas\u0131 ile ilgili&#8221; bir soruya da \u00d6zcan, &#8220;Art\u0131k ba\u015f\u00f6rt\u00fcs\u00fc ile ilgili \u00e7ok konu\u015fmayaca\u011f\u0131m. \u00c7\u00fcnk\u00fc yarg\u0131ya da intikal etti mesele. Siyasetin \u00e7\u00f6zmek i\u00e7in haz\u0131rl\u0131klar yapt\u0131\u011f\u0131 \u015fu g\u00fcnlerde art\u0131k bizim bu konuda bir \u015fey s\u00f6ylememiz gerekmiyor. Onun i\u00e7in bu konuda konu\u015fmamay\u0131 tercih ediyorum&#8221; kar\u015f\u0131l\u0131\u011f\u0131n\u0131 verdi. (aa)<\/p>\n<p style=\"text-align: justify;\">Yarg\u0131tay Ba\u015fsavc\u0131l\u0131\u011f\u0131 Y\u00d6K&#8217;\u00fcn ald\u0131\u011f\u0131 &#8220;Ba\u015f\u00f6rt\u00fcl\u00fc \u00f6\u011frenciler t\u00fcm s\u0131navlara ba\u015flar\u0131 kapal\u0131 \u015fekilde girebilirler&#8221; karar\u0131na tepki g\u00f6sterdi.<\/p>\n<p style=\"text-align: justify;\">Ba\u015fsavc\u0131 Abdurrahman Yal\u00e7\u0131nkaya&#8217;n\u0131n yay\u0131nlad\u0131\u011f\u0131 a\u00e7\u0131klamada, ba\u015f\u00f6rt\u00fcs\u00fc serbestli\u011finin laiklik ilkesine ayk\u0131r\u0131 oldu\u011fu a\u00e7\u0131klad\u0131. &#8220;Anayasa&#8217;ya AYM ve A\u0130HM kararlar\u0131na uyulmal\u0131d\u0131r&#8221; denilen a\u00e7\u0131klamada &#8220;Yasama ve y\u00fcr\u00fctme yarg\u0131ya sayg\u0131 duymal\u0131d\u0131r&#8221; ifadeleri kullan\u0131ld\u0131.<\/p>\n<p style=\"text-align: justify;\">Yarg\u0131tay Ba\u015fsavc\u0131l\u0131\u011f\u0131&#8217;ndan yap\u0131lan yaz\u0131l\u0131 a\u00e7\u0131klamada Anayasa Mahkemesi kararlar\u0131n\u0131n ba\u011flay\u0131c\u0131 oldu\u011fu ifade edilirken, laiklik ilkesinin temel ilkelerinden biri oldu\u011fu vurgulan\u0131yor.<\/p>\n<p style=\"text-align: justify;\">A\u00e7\u0131klamada, &#8221;Dinsel inan\u00e7 veya dinsel kurallarla do\u011frudan ili\u015fki ve ba\u011flant\u0131 kurularak yap\u0131lan d\u00fczenlemeler, hem devrim yasalar\u0131n\u0131, hem de laiklik ilkesini ilgilendirir. Y\u00fcksek\u00f6\u011fretim kurumlar\u0131ndaki \u00f6\u011frencilerin giyimlerini d\u00fczenlerken t\u00fcrban kullan\u0131m\u0131na dinsel inan\u00e7 nedeniyle ge\u00e7erlilik tan\u0131mak, kamu hukuku alan\u0131ndaki bir d\u00fczenlemeyi dinsel esaslara dayand\u0131rma suretiyle laiklik ilkesine ayk\u0131r\u0131l\u0131k olu\u015fturur. Yasama ve y\u00fcr\u00fctme yarg\u0131 kararlar\u0131na uymak zorunda. AIHM karar\u0131na g\u00f6re t\u00fcrban yasa\u011f\u0131 zorunlu tedbirdir. Gerek i\u00e7 hukuk, gerekse uluslararas\u0131 hukuk boyutuyla de\u011ferlendirildi\u011finde t\u00fcrban\u0131n koruma g\u00f6rmedi\u011fi ve laiklik ilkesiyle ba\u011fda\u015fmad\u0131\u011f\u0131 g\u00f6r\u00fclmektedir. Siyasilerin beyanlar\u0131 politik \u00e7\u0131kara dayanmakta&#8221; denildi.<\/p>\n<p style=\"text-align: justify;\"><a href=\"http:\/\/www.yargitaycb.gov.tr\/BasinBurosu\/Bildiriler\/23_Nolu_Basin_Aciklamasi.pdf\" target=\"_blank\"><img loading=\"lazy\" decoding=\"async\" class=\"aligncenter size-full wp-image-26786\" src=\"http:\/\/www.korhanyilmaz.com\/wp-content\/uploads\/2010\/10\/226.jpeg\" alt=\"\" width=\"322\" height=\"120\" \/><\/a><a href=\"http:\/\/www.radikal.com.tr\/Radikal.aspx?aType=RadikalDetay&amp;ArticleID=1024624&amp;Date=27.10.2010&amp;CategoryID=77\" target=\"_blank\"><span style=\"color: #888888;\">Kaynak : Radikal<\/span><\/a><\/p>\n","protected":false},"excerpt":{"rendered":"<p style=\"text-align: justify;\">\n<p style=\"text-align: justify;\">Yarg\u0131tay Cumhuriyet Ba\u015fsavc\u0131s\u0131 Abdurrahman Yal\u00e7\u0131nkaya, Y\u00d6K&#8217;\u00fcn &#8216;KPSS ve \u00d6SS&#8217;de t\u00fcrban\u0131 serbest b\u0131rakan&#8217; genelgesinin laiklik ilkesine ayk\u0131r\u0131 oldu\u011funu a\u00e7\u0131klad\u0131.<\/p>\n<p style=\"text-align: justify;\">Ba\u015fsavc\u0131l\u0131k, Yasama ve Y\u00fcr\u00fctme&#8217;nin yarg\u0131 kararlar\u0131na uymas\u0131 gerekti\u011fini vurgulad\u0131.<\/p>\n","protected":false},"author":1,"featured_media":0,"comment_status":"open","ping_status":"closed","sticky":false,"template":"","format":"standard","meta":{"footnotes":""},"categories":[105],"tags":[],"class_list":["post-26784","post","type-post","status-publish","format-standard","hentry","category-gundem","odd"],"_links":{"self":[{"href":"http:\/\/www.korhanyilmaz.com\/index.php?rest_route=\/wp\/v2\/posts\/26784","targetHints":{"allow":["GET"]}}],"collection":[{"href":"http:\/\/www.korhanyilmaz.com\/index.php?rest_route=\/wp\/v2\/posts"}],"about":[{"href":"http:\/\/www.korhanyilmaz.com\/index.php?rest_route=\/wp\/v2\/types\/post"}],"author":[{"embeddable":true,"href":"http:\/\/www.korhanyilmaz.com\/index.php?rest_route=\/wp\/v2\/users\/1"}],"replies":[{"embeddable":true,"href":"http:\/\/www.korhanyilmaz.com\/index.php?rest_route=%2Fwp%2Fv2%2Fcomments&post=26784"}],"version-history":[{"count":0,"href":"http:\/\/www.korhanyilmaz.com\/index.php?rest_route=\/wp\/v2\/posts\/26784\/revisions"}],"wp:attachment":[{"href":"http:\/\/www.korhanyilmaz.com\/index.php?rest_route=%2Fwp%2Fv2%2Fmedia&parent=26784"}],"wp:term":[{"taxonomy":"category","embeddable":true,"href":"http:\/\/www.korhanyilmaz.com\/index.php?rest_route=%2Fwp%2Fv2%2Fcategories&post=26784"},{"taxonomy":"post_tag","embeddable":true,"href":"http:\/\/www.korhanyilmaz.com\/index.php?rest_route=%2Fwp%2Fv2%2Ftags&post=26784"}],"curies":[{"name":"wp","href":"https:\/\/api.w.org\/{rel}","templated":true}]}}