{"id":26776,"date":"2010-10-27T17:25:37","date_gmt":"2010-10-27T14:25:37","guid":{"rendered":"http:\/\/www.korhanyilmaz.com\/?p=26776"},"modified":"2010-10-27T17:25:37","modified_gmt":"2010-10-27T14:25:37","slug":"asil-elden-giden-sosyal-hukuk-devleti","status":"publish","type":"post","link":"http:\/\/www.korhanyilmaz.com\/?p=26776","title":{"rendered":"&#8216;As\u0131l elden giden sosyal hukuk devleti!&#8217;"},"content":{"rendered":"<p style=\"text-align: center;\"><a href=\"http:\/\/www.korhanyilmaz.com\/wp-content\/uploads\/2010\/10\/224.jpg\"  class=\"lightview\"><img loading=\"lazy\" decoding=\"async\" class=\"aligncenter size-full wp-image-26777\" src=\"http:\/\/www.korhanyilmaz.com\/wp-content\/uploads\/2010\/10\/224.jpg\" alt=\"\" width=\"480\" height=\"240\" \/><\/a><\/p>\n<p style=\"text-align: justify;\">CHP Genel Ba\u015fkan\u0131 Kemal K\u0131l\u0131\u00e7daro\u011flu, &#8221;Biz laikli\u011fe tak\u0131l\u0131r\u0131z ve orada kal\u0131r\u0131z. As\u0131l elden giden sosyal hukuk devleti&#8230; T\u00fcrkiye Cumhuriyeti\u2019nin sosyal hukuk devleti oldu\u011funa kimse beni ikna edemez&#8221; dedi.<\/p>\n<p style=\"text-align: justify;\">\u0130stanbul Sanayi Odas\u0131 (\u0130SO) Meclis Toplant\u0131s\u0131\u2019nda konu\u015fan K\u0131l\u0131\u00e7daro\u011flu, her \u015feyin temelinin hukuk oldu\u011funu belirterek, g\u00fc\u00e7ler ayr\u0131l\u0131\u011f\u0131 ilkesinin g\u00fc\u00e7l\u00fc oldu\u011fu toplumda demokrasinin geli\u015fece\u011fini s\u00f6yledi. <!--more--><\/p>\n<p style=\"text-align: justify;\">K\u0131l\u0131\u00e7daro\u011flu, &#8220;E\u011fer g\u00fc\u00e7ler ayr\u0131l\u0131\u011f\u0131 ilkesinde zedelenme varsa, \u2019g\u00fc\u00e7 benim ve ben tekim\u2019 derseniz orada hi\u00e7bir \u015fey sa\u011fl\u0131kl\u0131 geli\u015fmez. Orada sorunlar olur ve o sorunlar ba\u015fka sorunlara neden olur&#8221; diye konu\u015ftu.<\/p>\n<p style=\"text-align: justify;\">Kaliteli istihdam\u0131n yolunun a\u00e7\u0131lmas\u0131, \u00fcretimin art\u0131r\u0131lmas\u0131, bilgi ve ekonominin birle\u015ftirilmesi, savunma sanayinin geli\u015ftirilmesi ve bilim insan\u0131n\u0131n \u00f6n\u00fcn\u00fcn a\u00e7\u0131lmas\u0131 gerekti\u011fini ifade eden K\u0131l\u0131\u00e7daro\u011flu, T\u00fcrkiye\u2019nin bunu yapmaya g\u00fcc\u00fc, becerisi ve kapasitesinin bulundu\u011funu, tek engelin siyasi otorite oldu\u011funu savundu.<\/p>\n<p style=\"text-align: justify;\">2023\u2019\u00fcn T\u00fcrkiye\u2019sinde ki\u015fi ba\u015f\u0131na gelirin 20-25 bin dolar\u0131 bulmas\u0131 i\u00e7in \u00fclkenin bir eksi\u011finin bulunmad\u0131\u011f\u0131n\u0131 dile getiren K\u0131l\u0131\u00e7daro\u011flu, s\u00f6zlerini \u015f\u00f6yle s\u00fcrd\u00fcrd\u00fc:<\/p>\n<p style=\"text-align: justify;\">&#8220;Enerjide her y\u0131l 3,5 milyar dolarl\u0131k yat\u0131r\u0131m yapmak zorunday\u0131z. Geriye d\u00f6n\u00fcp bakt\u0131\u011f\u0131m\u0131zda, 8 y\u0131lda hangi tarihte ne kadar enerjiye yat\u0131r\u0131m yap\u0131ld\u0131?<\/p>\n<p style=\"text-align: justify;\">Ekonomik kriz olmasayd\u0131 enerji kesintileriyle kar\u015f\u0131 kar\u015f\u0131ya olacakt\u0131k. Yenilenebilir enerji kaynaklar\u0131yla ilgili yasa tasar\u0131s\u0131 parlamentonun tozlu raflar\u0131nda bekliyor. Israr ediyoruz, \u2019getirin\u2019 diye, gelmiyor. Ni\u00e7in gelmiyor?<\/p>\n<p style=\"text-align: justify;\">Kendimiz \u00fcretmek, kendimiz yapmak zorunday\u0131z. Enerji ba\u011f\u0131ml\u0131l\u0131\u011f\u0131m\u0131z\u0131 en az\u0131ndan rahat a\u015fabilece\u011fimiz oranlara indirgemek zorunday\u0131z.&#8221;<\/p>\n<p style=\"text-align: justify;\"><strong>&#8220;YOKSULLU\u011eUN S\u00dcRE\u011eEN KILINDI\u011eI&#8230;&#8221;<\/strong><\/p>\n<p style=\"text-align: justify;\">CHP Genel Ba\u015fkan\u0131 K\u0131l\u0131\u00e7daro\u011flu, sosyal devletin yeniden kurulmas\u0131 gerekti\u011fini ifade ederek, \u015f\u00f6yle konu\u015ftu:<\/p>\n<p style=\"text-align: justify;\">&#8220;Anayasa\u2019da var ya, \u2019T\u00fcrkiye Cumhuriyeti laik, demokratik, sosyal hukuk devletidir\u2019&#8230; Biz laikli\u011fe tak\u0131l\u0131r\u0131z ve orada kal\u0131r\u0131z. As\u0131l elden giden sosyal hukuk devleti&#8230; T\u00fcrkiye Cumhuriyeti\u2019nin sosyal hukuk devleti oldu\u011funa kimse beni ikna edemez. Sadaka da\u011f\u0131tan bir devlet, sosyal hukuk devleti olamaz. Yoksullu\u011fun s\u00fcre\u011fen k\u0131l\u0131nd\u0131\u011f\u0131 ve siyasi otorite taraf\u0131ndan s\u00f6m\u00fcr\u00fc alan\u0131 haline getirildi\u011fi bir devlet sosyal devlet olamaz. Sosyal devlette ki\u015finin onuru vard\u0131r, yoksulun da onuru vard\u0131r. Sosyal devlette yurtta\u015f\u0131n devletten hak isteme yetkisi vard\u0131r.<\/p>\n<p style=\"text-align: justify;\">Hak arama vard\u0131r, hayat\u0131 sorgulama vard\u0131r.<\/p>\n<p style=\"text-align: justify;\">Biz sosyal devleti g\u00fc\u00e7l\u00fc k\u0131l\u0131yor muyuz? Hay\u0131r. O zaman d\u00fc\u015f\u00fcnmemiz gerekir. Sadece laikli\u011fe tak\u0131l\u0131p kalmayaca\u011f\u0131z. \u00d6nce insan\u0131n karn\u0131 doyacak. Karn\u0131 doyacak ki kom\u015fusunu d\u00fc\u015f\u00fcns\u00fcn, karn\u0131 doyacak ki kom\u015fusu d\u0131\u015f\u0131nda mahallesini, T\u00fcrkiye\u2019yi d\u00fc\u015f\u00fcns\u00fcn, televizyon izlerken Afrika\u2019daki a\u00e7lar\u0131 d\u00fc\u015f\u00fcns\u00fcn. \u00d6nce insan\u0131m\u0131z\u0131n karn\u0131n\u0131 doyuraca\u011f\u0131z. Nas\u0131l? Sanayiyle, \u00fcreterek&#8230; \u00dcretece\u011fiz ki herkesin karn\u0131 doysun.&#8221;<\/p>\n<p style=\"text-align: justify;\">Ge\u00e7ici s\u00fcre\u00e7ler ve ge\u00e7ici rahatlatmalar\u0131n aldat\u0131c\u0131 olmamas\u0131 gerekti\u011fine i\u015faret eden K\u0131l\u0131\u00e7daro\u011flu, &#8220;Sanayici bunu g\u00f6r\u00fcyor, riski de g\u00f6r\u00fcyor ve \u2019\u00f6nlem al\u0131n\u2019 diyor. Ama kim \u00f6nlem al\u0131yor? E\u011fer \u00f6nlem almazsak sorun daha da b\u00fcy\u00fcyecektir&#8221; diye konu\u015ftu.<\/p>\n<p style=\"text-align: justify;\">Kemal K\u0131l\u0131\u00e7daro\u011flu, &#8220;Bunlar b\u00fcy\u00fcmeyi s\u0131cak paraya emanet ettiler. Biz b\u00fcy\u00fcmeyi sanayiciye emanet etmek istiyoruz&#8221; dedi.<\/p>\n<p style=\"text-align: justify;\"><a href=\"http:\/\/haber.gazetevatan.com\/asil-elden-giden-sosyal-hukuk-devleti\/337062\/9\/Siyaset\" target=\"_blank\"><span style=\"color: #888888;\">Kaynak : VATAN<\/span><\/a><\/p>\n","protected":false},"excerpt":{"rendered":"<p style=\"text-align: center;\">\n<p style=\"text-align: justify;\">CHP Genel Ba\u015fkan\u0131 Kemal K\u0131l\u0131\u00e7daro\u011flu, &#8221;Biz laikli\u011fe tak\u0131l\u0131r\u0131z ve orada kal\u0131r\u0131z. As\u0131l elden giden sosyal hukuk devleti&#8230; T\u00fcrkiye Cumhuriyeti\u2019nin sosyal hukuk devleti oldu\u011funa kimse beni ikna edemez&#8221; dedi.<\/p>\n<p style=\"text-align: justify;\">\u0130stanbul Sanayi Odas\u0131 (\u0130SO) Meclis Toplant\u0131s\u0131\u2019nda konu\u015fan K\u0131l\u0131\u00e7daro\u011flu, her \u015feyin temelinin hukuk oldu\u011funu belirterek, g\u00fc\u00e7ler ayr\u0131l\u0131\u011f\u0131 ilkesinin g\u00fc\u00e7l\u00fc oldu\u011fu toplumda <\/p>\n","protected":false},"author":1,"featured_media":0,"comment_status":"open","ping_status":"closed","sticky":false,"template":"","format":"standard","meta":{"footnotes":""},"categories":[105],"tags":[],"class_list":["post-26776","post","type-post","status-publish","format-standard","hentry","category-gundem","odd"],"_links":{"self":[{"href":"http:\/\/www.korhanyilmaz.com\/index.php?rest_route=\/wp\/v2\/posts\/26776","targetHints":{"allow":["GET"]}}],"collection":[{"href":"http:\/\/www.korhanyilmaz.com\/index.php?rest_route=\/wp\/v2\/posts"}],"about":[{"href":"http:\/\/www.korhanyilmaz.com\/index.php?rest_route=\/wp\/v2\/types\/post"}],"author":[{"embeddable":true,"href":"http:\/\/www.korhanyilmaz.com\/index.php?rest_route=\/wp\/v2\/users\/1"}],"replies":[{"embeddable":true,"href":"http:\/\/www.korhanyilmaz.com\/index.php?rest_route=%2Fwp%2Fv2%2Fcomments&post=26776"}],"version-history":[{"count":0,"href":"http:\/\/www.korhanyilmaz.com\/index.php?rest_route=\/wp\/v2\/posts\/26776\/revisions"}],"wp:attachment":[{"href":"http:\/\/www.korhanyilmaz.com\/index.php?rest_route=%2Fwp%2Fv2%2Fmedia&parent=26776"}],"wp:term":[{"taxonomy":"category","embeddable":true,"href":"http:\/\/www.korhanyilmaz.com\/index.php?rest_route=%2Fwp%2Fv2%2Fcategories&post=26776"},{"taxonomy":"post_tag","embeddable":true,"href":"http:\/\/www.korhanyilmaz.com\/index.php?rest_route=%2Fwp%2Fv2%2Ftags&post=26776"}],"curies":[{"name":"wp","href":"https:\/\/api.w.org\/{rel}","templated":true}]}}