{"id":26771,"date":"2010-10-27T19:34:59","date_gmt":"2010-10-27T16:34:59","guid":{"rendered":"http:\/\/www.korhanyilmaz.com\/?p=26771"},"modified":"2010-10-27T19:34:59","modified_gmt":"2010-10-27T16:34:59","slug":"mgk-toplantisi-sona-erdi","status":"publish","type":"post","link":"http:\/\/www.korhanyilmaz.com\/?p=26771","title":{"rendered":"MGK toplant\u0131s\u0131 sona erdi"},"content":{"rendered":"<p style=\"text-align: center;\"><a href=\"http:\/\/www.korhanyilmaz.com\/wp-content\/uploads\/2010\/10\/2231.jpg\"  class=\"lightview\"><img loading=\"lazy\" decoding=\"async\" class=\"aligncenter size-full wp-image-26772\" src=\"http:\/\/www.korhanyilmaz.com\/wp-content\/uploads\/2010\/10\/2231.jpg\" alt=\"\" width=\"480\" height=\"240\" \/><\/a><\/p>\n<p style=\"text-align: justify;\">Cumhurba\u015fkan\u0131 Abdullah G\u00fcl ba\u015fkanl\u0131\u011f\u0131nda \u00c7ankaya K\u00f6\u015fk\u00fcnde yap\u0131lan MGK\u2019n\u0131n ekim ay\u0131 ola\u011fan toplant\u0131s\u0131 yakla\u015f\u0131k 5 saat 15 dakika s\u00fcrd\u00fc.<\/p>\n<p style=\"text-align: justify;\">Milli G\u00fcvenlik Kurulunda, &#8220;Yeni Milli G\u00fcvenlik Siyaseti Belgesi&#8221; g\u00f6r\u00fc\u015f\u00fclerek uygun bulundu ve bu konudaki tavsiye karar\u0131n\u0131n Bakanlar Kuruluna bildirilmesi g\u00f6r\u00fc\u015f\u00fc benimsendi. <!--more--><\/p>\n<p style=\"text-align: justify;\"><strong>S\u00dcRPR\u0130Z Z\u0130RVE <\/strong><\/p>\n<p style=\"text-align: justify;\">Komutanlarla yap\u0131lan toplant\u0131n\u0131n ard\u0131ndan Cumhurba\u015fkan\u0131 G\u00fcl ile Ba\u015fbakan Erdo\u011fan ba\u015fba\u015fa g\u00f6r\u00fc\u015ft\u00fc:<\/p>\n<p style=\"text-align: justify;\"><strong>DOST VE M\u00dcTTEF\u0130K \u00dcLKELERE \u00c7A\u011eRI <\/strong><\/p>\n<p style=\"text-align: justify;\">Milli G\u00fcvenlik Kurulunda, &#8220;Yeni Milli G\u00fcvenlik Siyaseti Belgesi&#8221; g\u00f6r\u00fc\u015f\u00fclerek uygun bulundu ve bu konudaki tavsiye karar\u0131n\u0131n Bakanlar Kuruluna bildirilmesi g\u00f6r\u00fc\u015f\u00fc benimsendi.<\/p>\n<p style=\"text-align: justify;\">Milli G\u00fcvenlik Kurulu toplant\u0131s\u0131ndan ard\u0131ndan yay\u0131mlanan bildiride, toplant\u0131da \u00fclke g\u00fcvenli\u011fini ilgilendiren i\u00e7 ve d\u0131\u015f geli\u015fmelerin etrafl\u0131 surette ele al\u0131nd\u0131\u011f\u0131 belirtilerek, b\u00f6l\u00fcc\u00fc ter\u00f6r \u00f6rg\u00fct\u00fcn\u00fcn T\u00fcrkiye\u2019nin b\u00fct\u00fcnl\u00fc\u011f\u00fcn\u00fc, milletin birli\u011fini ve huzurunu bozmaya y\u00f6nelik her t\u00fcrl\u00fc faaliyetine kar\u015f\u0131 \u00e7ok y\u00f6nl\u00fc olarak y\u00fcr\u00fct\u00fclen m\u00fccadelenin, halk\u0131n sa\u011fduyulu yakla\u015f\u0131m\u0131 ve deste\u011finden al\u0131nan g\u00fc\u00e7le bundan sonra da ayn\u0131 kararl\u0131l\u0131kla s\u00fcrd\u00fcr\u00fclece\u011fi ifade edildi.<\/p>\n<p style=\"text-align: justify;\">B\u00f6lgenin refah d\u00fczeyinin y\u00fckseltilmesine y\u00f6nelik yat\u0131r\u0131mlar\u0131 engellemeyi ama\u00e7layan eylemleriyle b\u00f6lge halk\u0131n\u0131n huzur ve refah\u0131na yakla\u015f\u0131m\u0131n\u0131 ortaya koyan b\u00f6l\u00fcc\u00fc ter\u00f6r \u00f6rg\u00fct\u00fcn\u00fcn, aralar\u0131nda \u00e7ocuk ve kad\u0131nlar\u0131n da yer ald\u0131\u011f\u0131 sivil halk\u0131 hedef alan sald\u0131r\u0131lar\u0131nda kara may\u0131n\u0131 kullanmaktan \u00e7ekinmemesinin, b\u00f6l\u00fcc\u00fc ter\u00f6r \u00f6rg\u00fct\u00fcn\u00fcn insani de\u011ferlere bak\u0131\u015f a\u00e7\u0131s\u0131n\u0131 da bir kere daha a\u00e7\u0131kl\u0131kla sergiledi\u011fine dikkat \u00e7ekilerek, \u015funlar kaydedildi:<\/p>\n<p style=\"text-align: justify;\">&#8220;Dost ve m\u00fcttefik \u00fclkelere bu hususlar\u0131 ciddiyetle ve sorumluluk duygusu i\u00e7inde dikkate almalar\u0131 ve ter\u00f6r \u00f6rg\u00fct\u00fc mensuplar\u0131 ve yanda\u015flar\u0131n\u0131n \u00fclkelerinde faaliyet g\u00f6stermelerine imkan tan\u0131mamas\u0131 ve ter\u00f6r\u00fcn maddi kayna\u011f\u0131n\u0131n kurutulmas\u0131 bak\u0131mlar\u0131ndan etkin tedbirler benimsemeleri \u00e7a\u011fr\u0131s\u0131nda bulunulmu\u015ftur.<\/p>\n<p style=\"text-align: justify;\">Irak\u2019taki son geli\u015fmeler t\u00fcm boyutlar\u0131yla de\u011ferlendirilmi\u015f, bu \u00e7er\u00e7evede 7 Mart 2010 tarihinde ger\u00e7ekle\u015ftirilen parlamento se\u00e7imlerinden bu yana yeni h\u00fck\u00fcmetin hen\u00fcz kurulamam\u0131\u015f olmas\u0131n\u0131n muhtemel yans\u0131malar\u0131 ele al\u0131nm\u0131\u015f, Irak\u2019ta siyasi s\u00fcre\u00e7te ya\u015fand\u0131\u011f\u0131n\u0131 m\u00fc\u015fahede etti\u011fimiz sorunlar\u0131n ulusal uzla\u015f\u0131 temelinde bir an evvel a\u015f\u0131lmas\u0131n\u0131n \u00f6nem ta\u015f\u0131d\u0131\u011f\u0131 vurgulanm\u0131\u015ft\u0131r. Ter\u00f6rle m\u00fccadeleye ili\u015fkin T\u00fcrkiye, Irak, ABD \u00fc\u00e7l\u00fc mekanizma s\u00fcrecindeki geli\u015fmeler de g\u00f6zden ge\u00e7irilmi\u015ftir.<\/p>\n<p style=\"text-align: justify;\">Birle\u015fmi\u015f Milletlerin (BM) 23-30 Eyl\u00fcl 2010 tarihlerinde New York\u2019ta yap\u0131lan 65. Genel Kurulu ba\u011flam\u0131ndaki geli\u015fmeler ile Say\u0131n Cumhurba\u015fkan\u0131m\u0131z\u0131n ba\u015fkanl\u0131\u011f\u0131ndaki heyetimizin Genel Kurul s\u0131ras\u0131ndaki kapsaml\u0131 faaliyetleri \u00fczerinde durulmu\u015ftur. Bu \u00e7er\u00e7evede, BM G\u00fcvenlik Konseyi d\u00f6nem ba\u015fkanl\u0131\u011f\u0131m\u0131zla ayn\u0131 d\u00f6neme tesad\u00fcf eden Genel Kurul \u00e7al\u0131\u015fmalar\u0131 s\u0131ras\u0131nda y\u00fcr\u00fct\u00fclen \u00e7ok y\u00f6nl\u00fc faaliyetlerin T\u00fcrkiye\u2019nin uluslararas\u0131 alanda ve BM nezdinde yakalam\u0131\u015f oldu\u011fu ivmenin daha da g\u00fc\u00e7lendirilmesine \u00f6nemli katk\u0131da bulundu\u011fu vurgulanm\u0131\u015ft\u0131r.&#8221;<\/p>\n<p style=\"text-align: justify;\">BM Genel Kurulu \u00e7al\u0131\u015fmalar\u0131 ba\u011flam\u0131nda BM g\u00fcndeminde yer alan, \u0130ran ve \u0130srail ile ilgili baz\u0131 konulara ili\u015fkin son geli\u015fmelerin de de\u011ferlendirildi\u011finin belirtildi\u011fi bildiride, &#8220;Bu \u00e7er\u00e7evede \u0130ran\u2019\u0131n n\u00fckleer program\u0131 konusunda ilgili taraflar aras\u0131nda do\u011frudan m\u00fczakerelerin yeni turunun biran \u00f6nce ger\u00e7ekle\u015fmesinin \u00f6nemine dikkat \u00e7ekilmi\u015ftir. \u0130srail\u2019in insani yard\u0131m konvoyuna sald\u0131r\u0131s\u0131 konusundaki geli\u015fmeler, BM \u0130nsan Haklar\u0131 Konseyinin ba\u011f\u0131ms\u0131z uzmanlarca haz\u0131rlanan 29 Eyl\u00fcl 2010 tarihli raporu \u0131\u015f\u0131\u011f\u0131nda de\u011ferlendirilmi\u015ftir&#8221; denildi.<\/p>\n<p style=\"text-align: justify;\">Siber tehdidin global d\u00fczeyde ula\u015ft\u0131\u011f\u0131 boyut ve bu tehdidin ulusal g\u00fcvenli\u011fe etkilerinin kapsaml\u0131 \u015fekilde ele al\u0131nd\u0131\u011f\u0131 bildirilerek, bu ba\u011flamda siber tehdidin engellenebilmesi a\u00e7\u0131s\u0131ndan milli d\u00fczeyde y\u00fcr\u00fct\u00fclen \u00e7al\u0131\u015fmalar\u0131n de\u011ferlendirildi\u011fi ifade edildi.<\/p>\n<p style=\"text-align: justify;\">Dost ve karde\u015f Pakistan\u2019da meydana gelen sel felaketi sonras\u0131nda T\u00fcrkiye\u2019den yap\u0131lan kapsaml\u0131 yard\u0131mlar\u0131n ele al\u0131nd\u0131\u011f\u0131n\u0131n kaydedildi\u011fi bildiride, Ba\u015fbakan Recep Tayyip Erdo\u011fan\u2019\u0131n ziyareti dolay\u0131s\u0131yla bir kere daha sergilenen Pakistan halk\u0131yla bu zor g\u00fcnlerindeki dayan\u0131\u015fman\u0131n \u00f6n\u00fcm\u00fczdeki d\u00f6nemde de s\u00fcrd\u00fcr\u00fclece\u011fi vurguland\u0131.<\/p>\n<p style=\"text-align: justify;\">Bildiride, Yeni Milli G\u00fcvenlik Siyaseti Belgesi\u2019nin g\u00f6r\u00fc\u015f\u00fclerek uygun bulundu\u011fu ve bu konudaki tavsiye karar\u0131n\u0131n Bakanlar Kuruluna bildirilmesine karar verildi\u011fi bildirildi.<\/p>\n<p style=\"text-align: justify;\"><a href=\"http:\/\/haber.gazetevatan.com\/mgk-toplantisi-sona-erdi\/337075\/1\/Gundem\" target=\"_blank\"><span style=\"color: #888888;\">Kaynak : VATAN<\/span><\/a><\/p>\n","protected":false},"excerpt":{"rendered":"<p style=\"text-align: center;\">\n<p style=\"text-align: justify;\">Cumhurba\u015fkan\u0131 Abdullah G\u00fcl ba\u015fkanl\u0131\u011f\u0131nda \u00c7ankaya K\u00f6\u015fk\u00fcnde yap\u0131lan MGK\u2019n\u0131n ekim ay\u0131 ola\u011fan toplant\u0131s\u0131 yakla\u015f\u0131k 5 saat 15 dakika s\u00fcrd\u00fc.<\/p>\n<p style=\"text-align: justify;\">Milli G\u00fcvenlik Kurulunda, &#8220;Yeni Milli G\u00fcvenlik Siyaseti Belgesi&#8221; g\u00f6r\u00fc\u015f\u00fclerek uygun bulundu ve bu konudaki tavsiye karar\u0131n\u0131n Bakanlar Kuruluna bildirilmesi g\u00f6r\u00fc\u015f\u00fc benimsendi. <\/p>\n","protected":false},"author":1,"featured_media":0,"comment_status":"open","ping_status":"closed","sticky":false,"template":"","format":"standard","meta":{"footnotes":""},"categories":[105],"tags":[],"class_list":["post-26771","post","type-post","status-publish","format-standard","hentry","category-gundem","odd"],"_links":{"self":[{"href":"http:\/\/www.korhanyilmaz.com\/index.php?rest_route=\/wp\/v2\/posts\/26771","targetHints":{"allow":["GET"]}}],"collection":[{"href":"http:\/\/www.korhanyilmaz.com\/index.php?rest_route=\/wp\/v2\/posts"}],"about":[{"href":"http:\/\/www.korhanyilmaz.com\/index.php?rest_route=\/wp\/v2\/types\/post"}],"author":[{"embeddable":true,"href":"http:\/\/www.korhanyilmaz.com\/index.php?rest_route=\/wp\/v2\/users\/1"}],"replies":[{"embeddable":true,"href":"http:\/\/www.korhanyilmaz.com\/index.php?rest_route=%2Fwp%2Fv2%2Fcomments&post=26771"}],"version-history":[{"count":0,"href":"http:\/\/www.korhanyilmaz.com\/index.php?rest_route=\/wp\/v2\/posts\/26771\/revisions"}],"wp:attachment":[{"href":"http:\/\/www.korhanyilmaz.com\/index.php?rest_route=%2Fwp%2Fv2%2Fmedia&parent=26771"}],"wp:term":[{"taxonomy":"category","embeddable":true,"href":"http:\/\/www.korhanyilmaz.com\/index.php?rest_route=%2Fwp%2Fv2%2Fcategories&post=26771"},{"taxonomy":"post_tag","embeddable":true,"href":"http:\/\/www.korhanyilmaz.com\/index.php?rest_route=%2Fwp%2Fv2%2Ftags&post=26771"}],"curies":[{"name":"wp","href":"https:\/\/api.w.org\/{rel}","templated":true}]}}