{"id":26767,"date":"2010-10-26T17:07:25","date_gmt":"2010-10-26T14:07:25","guid":{"rendered":"http:\/\/www.korhanyilmaz.com\/?p=26767"},"modified":"2010-10-26T17:07:25","modified_gmt":"2010-10-26T14:07:25","slug":"chpnin-iddiasi-dogru-mu","status":"publish","type":"post","link":"http:\/\/www.korhanyilmaz.com\/?p=26767","title":{"rendered":"CHP&#8217;nin iddias\u0131 do\u011fru mu?"},"content":{"rendered":"<div id=\"attachment_26768\" style=\"width: 308px\" class=\"wp-caption aligncenter\"><a href=\"http:\/\/www.korhanyilmaz.com\/wp-content\/uploads\/2010\/10\/2221.jpg\"  class=\"lightview\"><img loading=\"lazy\" decoding=\"async\" aria-describedby=\"caption-attachment-26768\" class=\"size-full wp-image-26768 \" src=\"http:\/\/www.korhanyilmaz.com\/wp-content\/uploads\/2010\/10\/2221.jpg\" alt=\"\" width=\"298\" height=\"216\" \/><\/a><p id=\"caption-attachment-26768\" class=\"wp-caption-text\">CHP Milletvekili Ahmet Ersin ( Ar\u015fiv )<\/p><\/div>\n<p style=\"text-align: justify;\">CHP Milletvekili Ersin Hanefi Ac\u0131&#8217;yla ilgili tart\u0131\u015fma yaratacak bir iddia ortaya att\u0131.<\/p>\n<p style=\"text-align: justify;\">CHP\u2019li Ahmet Ersin, Meclis\u2019te s\u00f6z alarak, bir konuda TBMM Ba\u015fkanl\u0131k Divan\u0131\u2019n\u0131 uyarmak istedi\u011fini s\u00f6yledi.<\/p>\n<p style=\"text-align: justify;\">\u201cTutuklu eski Eski\u015fehir Emniyet M\u00fcd\u00fcr\u00fc Hanefi Avc\u0131\u2019n\u0131n milletvekillerine g\u00f6nderdi\u011fi mektuplar, ilgili \u0130dare Amiri taraf\u0131ndan iade edilmi\u015ftir\u201d diyen Ersin, s\u00f6z konusu Meclis \u0130dare Amiri ile \u00e7abalar\u0131na ra\u011fmen g\u00f6r\u00fc\u015femedi\u011fini s\u00f6yledi.<!--more--><\/p>\n<p style=\"text-align: justify;\">Ortada bir anayasal su\u00e7 bulundu\u011funu ifade eden Ersin, \u201cHaberle\u015fme \u00f6zg\u00fcrl\u00fc\u011f\u00fcne ayk\u0131r\u0131 bir davran\u0131\u015f var.<\/p>\n<p style=\"text-align: justify;\">Milletvekillerine g\u00f6nderilen mektuplar kim taraf\u0131ndan g\u00f6nderilmi\u015f olursa olsun, hi\u00e7 kimsenin bu mektuplar\u0131 iade etme hakk\u0131 yoktur, uygun g\u00f6rmedi\u011fini iade etme hakk\u0131 yoktur\u201d dedi. BDP \u0130stanbul Milletvekili Ufuk Uras da ayn\u0131 durumun kendisinin de ba\u015f\u0131na geldi\u011fini belirtti. Say\u0131s\u0131z belge ve evrak\u0131n milletvekillerinin eline ula\u015fmad\u0131\u011f\u0131ndan yak\u0131nan Uras, \u201cBu durum baz\u0131 keyfi hareketlerden kaynaklan\u0131yor. Bu t\u00fcm milletvekillerinin ortak sorunu. Bir an \u00f6nce giderilmesi gerekiyor\u201d dedi.<\/p>\n<p style=\"text-align: justify;\"><a href=\"http:\/\/haber.gazetevatan.com\/chpnin-iddiasi-dogru-mu\/336820\/1\/Gundem\" target=\"_blank\"><span style=\"color: #888888;\">Kaynak : VATAN<\/span><\/a><\/p>\n<p style=\"text-align: justify;\">\n","protected":false},"excerpt":{"rendered":"<p id=\"caption-attachment-26768\" class=\"wp-caption-text\">CHP Milletvekili Ahmet Ersin ( Ar\u015fiv )<\/p>\n<p style=\"text-align: justify;\">CHP Milletvekili Ersin Hanefi Ac\u0131&#8217;yla ilgili tart\u0131\u015fma yaratacak bir iddia ortaya att\u0131.<\/p>\n<p style=\"text-align: justify;\">CHP\u2019li Ahmet Ersin, Meclis\u2019te s\u00f6z alarak, bir konuda TBMM Ba\u015fkanl\u0131k Divan\u0131\u2019n\u0131 uyarmak istedi\u011fini s\u00f6yledi.<\/p>\n<p style=\"text-align: justify;\">\u201cTutuklu eski Eski\u015fehir Emniyet M\u00fcd\u00fcr\u00fc Hanefi Avc\u0131\u2019n\u0131n milletvekillerine g\u00f6nderdi\u011fi mektuplar, ilgili \u0130dare Amiri taraf\u0131ndan <\/p>\n","protected":false},"author":1,"featured_media":0,"comment_status":"open","ping_status":"closed","sticky":false,"template":"","format":"standard","meta":{"footnotes":""},"categories":[105],"tags":[],"class_list":["post-26767","post","type-post","status-publish","format-standard","hentry","category-gundem","odd"],"_links":{"self":[{"href":"http:\/\/www.korhanyilmaz.com\/index.php?rest_route=\/wp\/v2\/posts\/26767","targetHints":{"allow":["GET"]}}],"collection":[{"href":"http:\/\/www.korhanyilmaz.com\/index.php?rest_route=\/wp\/v2\/posts"}],"about":[{"href":"http:\/\/www.korhanyilmaz.com\/index.php?rest_route=\/wp\/v2\/types\/post"}],"author":[{"embeddable":true,"href":"http:\/\/www.korhanyilmaz.com\/index.php?rest_route=\/wp\/v2\/users\/1"}],"replies":[{"embeddable":true,"href":"http:\/\/www.korhanyilmaz.com\/index.php?rest_route=%2Fwp%2Fv2%2Fcomments&post=26767"}],"version-history":[{"count":0,"href":"http:\/\/www.korhanyilmaz.com\/index.php?rest_route=\/wp\/v2\/posts\/26767\/revisions"}],"wp:attachment":[{"href":"http:\/\/www.korhanyilmaz.com\/index.php?rest_route=%2Fwp%2Fv2%2Fmedia&parent=26767"}],"wp:term":[{"taxonomy":"category","embeddable":true,"href":"http:\/\/www.korhanyilmaz.com\/index.php?rest_route=%2Fwp%2Fv2%2Fcategories&post=26767"},{"taxonomy":"post_tag","embeddable":true,"href":"http:\/\/www.korhanyilmaz.com\/index.php?rest_route=%2Fwp%2Fv2%2Ftags&post=26767"}],"curies":[{"name":"wp","href":"https:\/\/api.w.org\/{rel}","templated":true}]}}