{"id":26760,"date":"2010-10-12T13:54:10","date_gmt":"2010-10-12T10:54:10","guid":{"rendered":"http:\/\/www.korhanyilmaz.com\/?p=26760"},"modified":"2010-10-12T13:54:10","modified_gmt":"2010-10-12T10:54:10","slug":"erdogan-hsykdaki-istifalar-dort-dortluk-bir-sov-2","status":"publish","type":"post","link":"http:\/\/www.korhanyilmaz.com\/?p=26760","title":{"rendered":"Erdo\u011fan: &#8220;HSYK&#8217;daki istifalar d\u00f6rt d\u00f6rtl\u00fck bir \u015fov&#8221;"},"content":{"rendered":"<p style=\"text-align: justify;\"><a href=\"http:\/\/www.korhanyilmaz.com\/wp-content\/uploads\/2010\/10\/2191.jpg\"  class=\"lightview\"><img loading=\"lazy\" decoding=\"async\" class=\"aligncenter size-full wp-image-26761\" src=\"http:\/\/www.korhanyilmaz.com\/wp-content\/uploads\/2010\/10\/2191.jpg\" alt=\"\" width=\"292\" height=\"224\" \/><\/a><\/p>\n<p style=\"text-align: justify;\">Ba\u015fbakan Recep Tayyip Erdo\u011fan HSYK&#8217;daki istifalarla ilgili, &#8220;Sizin elinizi tutan yok. Ge\u00e7 de kald\u0131n\u0131z. Bunun ad\u0131 d\u00f6rt d\u00f6rtl\u00fck bir \u015fovdur. Ger\u00e7ek\u00e7i olun. Deyin ki Yarg\u0131tay&#8217;da Dan\u0131\u015ftay&#8217;da i\u015fimiz var. Oraya adayl\u0131klar\u0131m\u0131z var onun i\u00e7in ayr\u0131l\u0131yoruz&#8221; dedi. D\u00fcn istifa eden HSYK Ba\u015fkanvekili Kadir \u00d6zbek&#8217;ten de bu ele\u015ftiriye jet yan\u0131t geldi. \u00d6zbek, &#8220;\u0130stifan\u0131n arkas\u0131ndaki sebebe de\u011fer vermek laz\u0131m&#8221; diye konu\u015ftu.<!--more--><\/p>\n<p style=\"text-align: justify;\">Ba\u015fbakan Erdo\u011fan partisinin grup toplant\u0131s\u0131nda konu\u015ftu.<\/p>\n<p style=\"text-align: justify;\">Erdo\u011fan&#8217;\u0131n konu\u015fmas\u0131ndan \u00f6ne \u00e7\u0131kan sat\u0131rlar \u015f\u00f6yle:<\/p>\n<p style=\"text-align: justify;\">&#8211; \u015eimdi HSYK\u2019da istifalar oldu. Hay\u0131rl\u0131s\u0131 olsun. Sizin elinizi tutan yok. Fakat ge\u00e7 de kald\u0131n\u0131z. Bunun ad\u0131 asl\u0131nda d\u00f6rt d\u00f6rtl\u00fck bir \u015fovdur. Bu \u00f6yle bir \u00e7al\u0131\u015ft\u0131r\u0131lm\u0131yoruz falan bunlar\u0131n hepsi kuru bahane. Bug\u00fcne kadar \u00e7al\u0131\u015ft\u0131r\u0131l\u0131yordunuz da 14 A\u011fustos\u2019tan sonra m\u0131 bu i\u015f bitti? Zaten 12 Eyl\u00fcl\u2019den sonra zaten toplant\u0131 yeter say\u0131s\u0131ndan uzaks\u0131n\u0131z.<\/p>\n<p style=\"text-align: justify;\">&#8211; Fakat siz de\u011fil miydiniz Erzurum\u2019da meslekta\u015flar\u0131n\u0131z\u0131n kararlar\u0131na m\u00fcdahale edenler, ani kararlar alan siz de\u011fil miydiniz? Orada rahat \u00e7al\u0131\u015f\u0131yordunuz. \u015eimdi ne oldu da bizi \u00e7al\u0131\u015ft\u0131rmad\u0131lar diyorsunuz? 7 ki\u015finin i\u00e7inde Adalet Bakan\u0131\u2019mla m\u00fcste\u015far\u0131 m\u0131 sizi engelledi? \u0130\u015finize geldi\u011fi zaman bu \u00e7al\u0131\u015fmalar\u0131 yapt\u0131n\u0131z.<\/p>\n<p style=\"text-align: justify;\">&#8211; Ger\u00e7ek\u00e7i olun&#8230; Deyin ki bizim Yarg\u0131tay\u2019da Dan\u0131\u015ftay\u2019da i\u015fimiz var. Oraya adayl\u0131klar\u0131m\u0131z var onun i\u00e7in ayr\u0131l\u0131yoruz deyin. Say\u0131n ba\u015fkenvekilinin 53 g\u00fcn\u00fc kalm\u0131\u015f, di\u011ferinin 2-3 g\u00fcn\u00fc kalm\u0131\u015f.<\/p>\n<p style=\"text-align: justify;\">&#8211; Milletimiz b\u00fct\u00fcn ferasetiyle olanlar\u0131 g\u00f6r\u00fcyor.<\/p>\n<p style=\"text-align: justify;\">&#8211; 12 Eyl\u00fcl&#8217;deki de\u011fi\u015fiklikle HSYK&#8217;daki de\u011fi\u015fikli\u011fin ne kadar yerinde oldu\u011fu anla\u015f\u0131l\u0131yor. Herhangi bir aksama yok. Her ge\u00e7en g\u00fcn iyiye gidiyoruz. Ben buna inan\u0131yorum.<\/p>\n<p style=\"text-align: justify;\">&#8211; Millet \u00fcst\u00fcnlerin de\u011fil, hukukun \u00fcst\u00fcnl\u00fc\u011f\u00fc demi\u015ftir, 12 Eyl\u00fcl&#8217;de. Milletin zihnini buland\u0131rmak isteyenlerin millet iradesini nas\u0131l sindiremedi\u011fi ortaya \u00e7\u0131kt\u0131.<\/p>\n<p style=\"text-align: justify;\"><strong>Kadir \u00d6zbek&#8217;ten yan\u0131t <\/strong><\/p>\n<p style=\"text-align: justify;\">Bu arada, d\u00fcn istifa eden HSYK Ba\u015fkanvekili Kadir \u00d6zbek Ba\u015fbakan&#8217;\u0131n a\u00e7\u0131klamalar\u0131n\u0131 CNN T\u00dcRK&#8217;e de\u011ferlendirdi.<\/p>\n<p style=\"text-align: justify;\">\u00d6zbek Erdo\u011fan&#8217;\u0131n ele\u015ftirilerinin haks\u0131z oldu\u011funu \u00f6ne s\u00fcrd\u00fc, &#8220;\u0130stifam\u0131n arkas\u0131ndaki sebebe de\u011fer vermek gerekir&#8221; dedi.<\/p>\n<p style=\"text-align: justify;\">Ba\u015fbakan&#8217;\u0131n istifalarla ilgili, &#8220;Bunun ad\u0131 d\u00f6rt d\u00f6rtl\u00fck \u015fovdur&#8221; s\u00f6zlerine \u00d6zbek, istifa eden 5 \u00fcyeden ikisinin 2 y\u0131ldan fazla g\u00f6rev s\u00fcreleri oldu\u011funu hat\u0131rlatarak yan\u0131t verdi.<\/p>\n<p style=\"text-align: justify;\">\u00d6zbek, istifa karar\u0131n\u0131n zamanlamas\u0131 i\u00e7in de,  &#8220;17 Ekim&#8217;de yap\u0131lacak \u00fcye se\u00e7imlerinden sonraya kalsayd\u0131 etik olmazd\u0131&#8221; a\u00e7\u0131klamas\u0131n\u0131 getirdi.<\/p>\n<p style=\"text-align: justify;\">Ba\u015fbakan&#8217;\u0131n \u00fcyelerin Kurul&#8217;un \u00e7al\u0131\u015ft\u0131r\u0131lmad\u0131\u011f\u0131 gerek\u00e7esi ile istifa etmelerine ili\u015fkin  &#8220;Adalet Bakan\u0131 ile m\u00fcste\u015far ellerini mi tuttu&#8221; tepkisine ise \u00d6zbek, &#8220;Kurum&#8217;un \u00e7al\u0131\u015ft\u0131r\u0131lmas\u0131 i\u00e7in bakanl\u0131\u011fa g\u00f6nderdi\u011fimiz yaz\u0131lar var&#8221; dedi.<\/p>\n<p style=\"text-align: justify;\">Kadir \u00d6zbek, as\u0131l bunlara yan\u0131t verilmesi gerekti\u011fini s\u00f6yledi.<\/p>\n<p style=\"text-align: justify;\"><a href=\"http:\/\/www.cnnturk.com\/2010\/turkiye\/10\/12\/erdogan.hsykdaki.istifalar.dort.dortluk.bir.sov\/592699.0\/index.html\" target=\"_blank\"><span style=\"color: #888888;\">CNN T\u00dcRK<\/span><\/a><\/p>\n","protected":false},"excerpt":{"rendered":"<p style=\"text-align: justify;\">\n<p style=\"text-align: justify;\">Ba\u015fbakan Recep Tayyip Erdo\u011fan HSYK&#8217;daki istifalarla ilgili, &#8220;Sizin elinizi tutan yok. Ge\u00e7 de kald\u0131n\u0131z. Bunun ad\u0131 d\u00f6rt d\u00f6rtl\u00fck bir \u015fovdur. Ger\u00e7ek\u00e7i olun. Deyin ki Yarg\u0131tay&#8217;da Dan\u0131\u015ftay&#8217;da i\u015fimiz var. Oraya adayl\u0131klar\u0131m\u0131z var onun i\u00e7in ayr\u0131l\u0131yoruz&#8221; dedi. D\u00fcn istifa eden HSYK Ba\u015fkanvekili Kadir \u00d6zbek&#8217;ten de bu ele\u015ftiriye jet yan\u0131t geldi. \u00d6zbek, &#8220;\u0130stifan\u0131n <\/p>\n","protected":false},"author":1,"featured_media":0,"comment_status":"open","ping_status":"closed","sticky":false,"template":"","format":"standard","meta":{"footnotes":""},"categories":[105],"tags":[],"class_list":["post-26760","post","type-post","status-publish","format-standard","hentry","category-gundem","odd"],"_links":{"self":[{"href":"http:\/\/www.korhanyilmaz.com\/index.php?rest_route=\/wp\/v2\/posts\/26760","targetHints":{"allow":["GET"]}}],"collection":[{"href":"http:\/\/www.korhanyilmaz.com\/index.php?rest_route=\/wp\/v2\/posts"}],"about":[{"href":"http:\/\/www.korhanyilmaz.com\/index.php?rest_route=\/wp\/v2\/types\/post"}],"author":[{"embeddable":true,"href":"http:\/\/www.korhanyilmaz.com\/index.php?rest_route=\/wp\/v2\/users\/1"}],"replies":[{"embeddable":true,"href":"http:\/\/www.korhanyilmaz.com\/index.php?rest_route=%2Fwp%2Fv2%2Fcomments&post=26760"}],"version-history":[{"count":0,"href":"http:\/\/www.korhanyilmaz.com\/index.php?rest_route=\/wp\/v2\/posts\/26760\/revisions"}],"wp:attachment":[{"href":"http:\/\/www.korhanyilmaz.com\/index.php?rest_route=%2Fwp%2Fv2%2Fmedia&parent=26760"}],"wp:term":[{"taxonomy":"category","embeddable":true,"href":"http:\/\/www.korhanyilmaz.com\/index.php?rest_route=%2Fwp%2Fv2%2Fcategories&post=26760"},{"taxonomy":"post_tag","embeddable":true,"href":"http:\/\/www.korhanyilmaz.com\/index.php?rest_route=%2Fwp%2Fv2%2Ftags&post=26760"}],"curies":[{"name":"wp","href":"https:\/\/api.w.org\/{rel}","templated":true}]}}