{"id":26752,"date":"2010-10-19T16:55:30","date_gmt":"2010-10-19T13:55:30","guid":{"rendered":"http:\/\/www.korhanyilmaz.com\/?p=26752"},"modified":"2010-10-19T16:55:30","modified_gmt":"2010-10-19T13:55:30","slug":"iste-adalet-bakanliginin-yalanladigi-liste","status":"publish","type":"post","link":"http:\/\/www.korhanyilmaz.com\/?p=26752","title":{"rendered":"\u0130\u015fte Adalet Bakanl\u0131\u011f\u0131&#8217;n\u0131n yalanlad\u0131\u011f\u0131 liste!"},"content":{"rendered":"<p style=\"text-align: justify;\"><a href=\"http:\/\/www.korhanyilmaz.com\/wp-content\/uploads\/2010\/10\/217.jpg\"  class=\"lightview\"><img loading=\"lazy\" decoding=\"async\" class=\"aligncenter size-full wp-image-26753\" src=\"http:\/\/www.korhanyilmaz.com\/wp-content\/uploads\/2010\/10\/217.jpg\" alt=\"\" width=\"292\" height=\"212\" \/><\/a><\/p>\n<p style=\"text-align: justify;\">Hakimler ve Savc\u0131lar Y\u00fcksek Kurulu&#8217;nun yeni yap\u0131s\u0131 tamamlanmak \u00fczere. Bu hafta Cumhurba\u015fkan\u0131&#8217;n\u0131n geriye kalan d\u00f6rt \u00fcyeyi atamas\u0131, gelecek hafta ba\u015f\u0131nda ise kurulun ilk toplant\u0131s\u0131n\u0131 yapmas\u0131 bekleniyor. &#8220;Liste iddias\u0131&#8221; tart\u0131\u015fmalar\u0131 da b\u00fcy\u00fcy\u00fcyor. Adalet Bakan\u0131 Sadullah Ergin&#8217;in d\u00fcn yalanlad\u0131\u011f\u0131 &#8220;Bakanl\u0131\u011f\u0131n listesi&#8221; iddias\u0131nda yeni geli\u015fme, listenin foto\u011fraf\u0131. O foto\u011fraf bug\u00fcn Milliyet gazetesinde yay\u0131mland\u0131.<!--more--><\/p>\n<p style=\"text-align: justify;\">\u0130ddia, yalanlama ve \u015fimdi de o iddiayla ilgili foto\u011fraf.<\/p>\n<p style=\"text-align: justify;\">Hakim ve savc\u0131lar sand\u0131k ba\u015f\u0131na gitti, HSYK i\u00e7in \u00fcye belirledi. Belirledi ama o se\u00e7imlere &#8220;liste iddias\u0131&#8221; damgas\u0131n\u0131 vurdu.<\/p>\n<p style=\"text-align: justify;\">Adalet Bakanl\u0131\u011f\u0131&#8217;n\u0131n kendine yak\u0131n isimleri bir listede toplad\u0131\u011f\u0131 ve o listenin sand\u0131ktan eksiksiz \u00e7\u0131kt\u0131\u011f\u0131 iddias\u0131.<\/p>\n<p style=\"text-align: justify;\">\u00d6nce YARSAV g\u00fcndeme getirdi, Adalet Bakan\u0131 yalanlad\u0131. Ama bug\u00fcn listenin foto\u011fraf\u0131 Milliyet gazetesinde yer ald\u0131.<\/p>\n<p style=\"text-align: justify;\"><strong>Oy verme i\u015fleminden sonra \u00e7ekildi <\/strong><\/p>\n<p style=\"text-align: justify;\">Gazetenin haberine g\u00f6re o foto\u011fraf, Ankara&#8217;da oy verme i\u015flemi bittikten sonra saat 17.10&#8217;da \u00e7ekildi.<\/p>\n<p style=\"text-align: justify;\">Oylar say\u0131l\u0131rken baz\u0131 g\u00f6revliler ceplerinden \u00e7\u0131kartt\u0131klar\u0131 listeleri tek tek kontrol etti. 10 ki\u015filik listede Adalet Bakanl\u0131\u011f\u0131&#8217;n\u0131n destekledi\u011fi iddia edilen isimler vard\u0131.<\/p>\n<p style=\"text-align: justify;\">\u0130brahim Okur, \u00d6mer Koro\u011flu, Nesibe \u00d6zer gibi. Ve hepsi se\u00e7ildi. Foto\u011frafa ili\u015fkin Adalet Bakanl\u0131\u011f\u0131&#8217;ndan bir a\u00e7\u0131klama gelmedi.<\/p>\n<div id=\"attachment_26754\" style=\"width: 474px\" class=\"wp-caption aligncenter\"><a href=\"http:\/\/www.korhanyilmaz.com\/wp-content\/uploads\/2010\/10\/216.jpg\"  class=\"lightview\"><img loading=\"lazy\" decoding=\"async\" aria-describedby=\"caption-attachment-26754\" class=\"size-full wp-image-26754\" src=\"http:\/\/www.korhanyilmaz.com\/wp-content\/uploads\/2010\/10\/216.jpg\" alt=\"\" width=\"464\" height=\"245\" \/><\/a><p id=\"caption-attachment-26754\" class=\"wp-caption-text\">Tam boyut i\u00e7in resmin \u00fczerine t\u0131klay\u0131n<\/p><\/div>\n<p style=\"text-align: justify;\"><strong>YARSAV su\u00e7 duyurusunda bulunmayacak <\/strong><\/p>\n<p style=\"text-align: justify;\">Y\u00fcksek Se\u00e7im Kurulu da, liste iddias\u0131yla ilgili do\u011frudan bir soru\u015fturma y\u00fcr\u00fctm\u00fcyor. Ancak se\u00e7im kurulunun harekete ge\u00e7mesi i\u00e7in, adaylardan birinin itiraz etmesi gerekiyor.<\/p>\n<p style=\"text-align: justify;\">Y\u00fcksek Se\u00e7im Kurulu&#8217;na \u015fu ana kadar yap\u0131lm\u0131\u015f bir itiraz yok. \u0130ddiay\u0131 g\u00fcndeme getiren YARSAV ise su\u00e7 duyurusunda bulunmayacak. Gerek\u00e7eleri, liste iddias\u0131n\u0131n hukuki olarak delillendirilmesinin zor oldu\u011fu.<\/p>\n<p style=\"text-align: justify;\"><strong>HSYK&#8217;ya yeni yap\u0131 <\/strong><\/p>\n<p style=\"text-align: justify;\">Bu tart\u0131\u015fmalar\u0131n g\u00f6lgesinde Hakimler ve Savc\u0131lar Y\u00fcksek Kurulu&#8217;nun yeni yap\u0131s\u0131 ise tamamlanmak \u00fczere. Adli ve idari yarg\u0131, Yarg\u0131tay ve Dan\u0131\u015ftay ile Adalet Akademisi kendi kontenjan\u0131ndaki \u00fcyeleri belirledi.<\/p>\n<p style=\"text-align: justify;\">22 ki\u015filik kurul i\u00e7in geriye art\u0131k Cumhurba\u015fkan\u0131&#8217;n\u0131n se\u00e7ece\u011fi \u00fcyeler kald\u0131. Cumhurba\u015fkan\u0131 Abdullah G\u00fcl&#8217;\u00fcn d\u00f6rt \u00fcyenin atamas\u0131n\u0131 bu hafta i\u00e7inde yapmas\u0131 bekleniyor.<\/p>\n<p style=\"text-align: justify;\">Yani hafta ba\u015f\u0131nda kurulun yeni yap\u0131s\u0131 tamamlanacak ve kurul, ilk toplant\u0131s\u0131n\u0131 yapacacak. Kurul ilk toplant\u0131s\u0131nda ba\u015fkanvekilini se\u00e7ecek.<\/p>\n<p style=\"text-align: justify;\">Krize neden olan atamalar ve disiplin soru\u015fturmas\u0131 dosyalar\u0131 da kurulun \u00f6n\u00fcnde bekliyor. Bunlar aras\u0131nda Erzincan Ba\u015fsavc\u0131 \u0130lhan Cihaner, Sincan Hakimi Osman Ka\u00e7maz, eski YARSAV Ba\u015fkan\u0131 \u00d6mer Faruk Emina\u011fao\u011flu gibi isimlerin dosyalar\u0131 da bulunuyor.<\/p>\n<p style=\"text-align: justify;\">Kurulda toplant\u0131 yeter say\u0131s\u0131 15 olacak. Kurul hemen \u00fc\u00e7 daireye ayr\u0131lmayacak. Uyum yasalar\u0131 y\u00fcr\u00fcrl\u00fc\u011fe girdikten sonra atama disiplin ve i\u015flemler olmak \u00fczere 7&#8217;\u015fer ki\u015filik 3 daireye b\u00f6l\u00fcnecek.<\/p>\n<p style=\"text-align: justify;\"><a href=\"http:\/\/www.cnnturk.com\/2010\/yazarlar\/10\/19\/iste.adalet.bakanliginin.yalanladigi.liste\/593517.0\/index.html\" target=\"_blank\"><span style=\"color: #888888;\">CNN T\u00dcRK<\/span><\/a><\/p>\n","protected":false},"excerpt":{"rendered":"<p style=\"text-align: justify;\">\n<p style=\"text-align: justify;\">Hakimler ve Savc\u0131lar Y\u00fcksek Kurulu&#8217;nun yeni yap\u0131s\u0131 tamamlanmak \u00fczere. Bu hafta Cumhurba\u015fkan\u0131&#8217;n\u0131n geriye kalan d\u00f6rt \u00fcyeyi atamas\u0131, gelecek hafta ba\u015f\u0131nda ise kurulun ilk toplant\u0131s\u0131n\u0131 yapmas\u0131 bekleniyor. &#8220;Liste iddias\u0131&#8221; tart\u0131\u015fmalar\u0131 da b\u00fcy\u00fcy\u00fcyor. Adalet Bakan\u0131 Sadullah Ergin&#8217;in d\u00fcn yalanlad\u0131\u011f\u0131 &#8220;Bakanl\u0131\u011f\u0131n listesi&#8221; iddias\u0131nda yeni geli\u015fme, listenin foto\u011fraf\u0131. O foto\u011fraf bug\u00fcn Milliyet gazetesinde yay\u0131mland\u0131.<\/p>\n","protected":false},"author":1,"featured_media":0,"comment_status":"open","ping_status":"closed","sticky":false,"template":"","format":"standard","meta":{"footnotes":""},"categories":[105],"tags":[],"class_list":["post-26752","post","type-post","status-publish","format-standard","hentry","category-gundem","odd"],"_links":{"self":[{"href":"http:\/\/www.korhanyilmaz.com\/index.php?rest_route=\/wp\/v2\/posts\/26752","targetHints":{"allow":["GET"]}}],"collection":[{"href":"http:\/\/www.korhanyilmaz.com\/index.php?rest_route=\/wp\/v2\/posts"}],"about":[{"href":"http:\/\/www.korhanyilmaz.com\/index.php?rest_route=\/wp\/v2\/types\/post"}],"author":[{"embeddable":true,"href":"http:\/\/www.korhanyilmaz.com\/index.php?rest_route=\/wp\/v2\/users\/1"}],"replies":[{"embeddable":true,"href":"http:\/\/www.korhanyilmaz.com\/index.php?rest_route=%2Fwp%2Fv2%2Fcomments&post=26752"}],"version-history":[{"count":0,"href":"http:\/\/www.korhanyilmaz.com\/index.php?rest_route=\/wp\/v2\/posts\/26752\/revisions"}],"wp:attachment":[{"href":"http:\/\/www.korhanyilmaz.com\/index.php?rest_route=%2Fwp%2Fv2%2Fmedia&parent=26752"}],"wp:term":[{"taxonomy":"category","embeddable":true,"href":"http:\/\/www.korhanyilmaz.com\/index.php?rest_route=%2Fwp%2Fv2%2Fcategories&post=26752"},{"taxonomy":"post_tag","embeddable":true,"href":"http:\/\/www.korhanyilmaz.com\/index.php?rest_route=%2Fwp%2Fv2%2Ftags&post=26752"}],"curies":[{"name":"wp","href":"https:\/\/api.w.org\/{rel}","templated":true}]}}