{"id":26749,"date":"2010-10-21T12:23:49","date_gmt":"2010-10-21T09:23:49","guid":{"rendered":"http:\/\/www.korhanyilmaz.com\/?p=26749"},"modified":"2010-10-21T12:23:49","modified_gmt":"2010-10-21T09:23:49","slug":"sahin-yargitayin-ozur-dilemesini-istedi","status":"publish","type":"post","link":"http:\/\/www.korhanyilmaz.com\/?p=26749","title":{"rendered":"\u015eahin, Yarg\u0131tay&#8217;\u0131n \u00f6z\u00fcr dilemesini istedi"},"content":{"rendered":"<p style=\"text-align: justify;\"><a href=\"http:\/\/www.korhanyilmaz.com\/wp-content\/uploads\/2010\/10\/215.jpg\"  class=\"lightview\"><img loading=\"lazy\" decoding=\"async\" class=\"aligncenter size-full wp-image-26750\" src=\"http:\/\/www.korhanyilmaz.com\/wp-content\/uploads\/2010\/10\/215.jpg\" alt=\"\" width=\"292\" height=\"197\" \/><\/a><\/p>\n<p style=\"text-align: justify;\">TBMM Ba\u015fkan\u0131 Mehmet Ali \u015eahin, Yarg\u0131tay Cumhuriyet Ba\u015fsavc\u0131l\u0131\u011f\u0131&#8217;n\u0131n bildirisi ile TBMM&#8217;ye adeta talimat verilmeye yeltenildi\u011fini belirterek, &#8220;Bu bildiriyi yay\u0131nlayan makam\u0131n bildiriyi derhal geri \u00e7ekmesini T\u00fcrk Milleti&#8217;nden ve onun temsilcisi TBMM&#8217;den \u00f6z\u00fcr dilemesini bekliyorum&#8221; dedi. <!--more--><\/p>\n<p style=\"text-align: justify;\">Japonya&#8217;ya resmi ziyarette bulunan \u015eahin, gazetecilerin bildiriyi nas\u0131l de\u011ferlendirdi\u011fini sormalar\u0131 \u00fczerine, Yarg\u0131tay Cumhuriyet Ba\u015fsavc\u0131l\u0131\u011f\u0131&#8217;n\u0131n bildiriyle &#8220;TBMM&#8217;ye adete bir muht\u0131ra verme giri\u015fiminde bulundu\u011funu&#8221; ifade ederek, &#8220;Bu kabul edilemez bir durumdur&#8221; dedi.<\/p>\n<p style=\"text-align: justify;\">Buna hi\u00e7bir ki\u015fi ve kurumun hakk\u0131n\u0131n olmad\u0131\u011f\u0131n\u0131 belirten \u015eahin, &#8220;Haddi de de\u011fildir&#8221; diye konu\u015ftu.<\/p>\n<p style=\"text-align: justify;\">T\u00fcrkiye&#8217;de millet iradesinin tecelli etti\u011fi TBMM&#8217;nin, T\u00fcrk Milleti ad\u0131na, yasama yetkisini kullanan tek organ oldu\u011funu belirten \u015eahin, \u015funlar\u0131 kaydetti:<\/p>\n<p style=\"text-align: justify;\">&#8220;Bu yetki devredilemez, payla\u015f\u0131lamaz bir yetkidir. Ve bu yetki mutlakt\u0131r. TBMM&#8217;nin yasa koyma yetkisi ile ilgili yarg\u0131sal denetimi Anayasa Mahkemesi yapmaktad\u0131r. Anayasa Mahkemesine yarg\u0131sal denetim i\u00e7in ba\u015fvurma hakk\u0131 da sadece Cumhurba\u015fkanl\u0131\u011f\u0131 makam\u0131na ve belli say\u0131daki milletvekilinin m\u00fcracaat\u0131na ba\u011flanm\u0131\u015ft\u0131r. Yarg\u0131tay Cumhuriyet Ba\u015fsavc\u0131l\u0131\u011f\u0131n\u0131n yarg\u0131sal denetimde bulunma hakk\u0131 da bulunmamaktad\u0131r.<\/p>\n<p style=\"text-align: justify;\">Kald\u0131 ki bir yasa yapma te\u015febb\u00fcs\u00fcnde bulunularak ortaya bir metinde \u00e7\u0131km\u0131\u015f de\u011fildir. Zaten bir yasal d\u00fczenlemede yoktur. TBMM&#8217;nin sayg\u0131de\u011fer \u00fcyeleri, en az bu bildiriye imza atan Ba\u015fsavc\u0131 kadar anayasal d\u00fczene ve rejime ba\u011fl\u0131d\u0131r. Cumhuriyetin temel niteliklerini korumada en az onun kadar titizdir.<\/p>\n<p style=\"text-align: justify;\">Yasa yaparken, ba\u015fta Anayasa, Anayasan\u0131n temel niteliklerine ba\u011fl\u0131 kalmaya \u00f6zen g\u00f6sterir. Ve tabii ki yasal d\u00fczenleme yaparken mutlaka yarg\u0131 kararlar\u0131na da inceler ve ona g\u00f6re karar verir. Parlamentomuzun y\u00fczden fazla hukuk\u00e7u milletvekili vard\u0131r. Anayasa Hukuku konusunda T\u00fcrkiye&#8217;nin yeti\u015ftirdi\u011fi de\u011ferler parlamentomuzda g\u00f6rev yapmaktad\u0131r. O nedenle o bildiriyle TBMM&#8217;ye adeta talimat verilmeye yeltenilmi\u015ftir. Bu kabul edilemez bir durumdur. Bu bildiriyi yay\u0131nlayan makam\u0131n, bildiriyi derhal geri \u00e7ekmesini T\u00fcrk Milleti&#8217;nden ve onun temsilcisi TBMM&#8217;den \u00f6z\u00fcr dilemesini bekliyorum&#8221;<\/p>\n<p style=\"text-align: justify;\"><a href=\"http:\/\/www.cnnturk.com\/2010\/turkiye\/10\/21\/sahin.yargitayin.ozur.dilemesini.istedi\/593718.0\/index.html\" target=\"_blank\"><span style=\"color: #888888;\">CNN T\u00dcRK<\/span><\/a><\/p>\n","protected":false},"excerpt":{"rendered":"<p style=\"text-align: justify;\">\n<p style=\"text-align: justify;\">TBMM Ba\u015fkan\u0131 Mehmet Ali \u015eahin, Yarg\u0131tay Cumhuriyet Ba\u015fsavc\u0131l\u0131\u011f\u0131&#8217;n\u0131n bildirisi ile TBMM&#8217;ye adeta talimat verilmeye yeltenildi\u011fini belirterek, &#8220;Bu bildiriyi yay\u0131nlayan makam\u0131n bildiriyi derhal geri \u00e7ekmesini T\u00fcrk Milleti&#8217;nden ve onun temsilcisi TBMM&#8217;den \u00f6z\u00fcr dilemesini bekliyorum&#8221; dedi. <\/p>\n","protected":false},"author":1,"featured_media":0,"comment_status":"open","ping_status":"closed","sticky":false,"template":"","format":"standard","meta":{"footnotes":""},"categories":[105],"tags":[],"class_list":["post-26749","post","type-post","status-publish","format-standard","hentry","category-gundem","odd"],"_links":{"self":[{"href":"http:\/\/www.korhanyilmaz.com\/index.php?rest_route=\/wp\/v2\/posts\/26749","targetHints":{"allow":["GET"]}}],"collection":[{"href":"http:\/\/www.korhanyilmaz.com\/index.php?rest_route=\/wp\/v2\/posts"}],"about":[{"href":"http:\/\/www.korhanyilmaz.com\/index.php?rest_route=\/wp\/v2\/types\/post"}],"author":[{"embeddable":true,"href":"http:\/\/www.korhanyilmaz.com\/index.php?rest_route=\/wp\/v2\/users\/1"}],"replies":[{"embeddable":true,"href":"http:\/\/www.korhanyilmaz.com\/index.php?rest_route=%2Fwp%2Fv2%2Fcomments&post=26749"}],"version-history":[{"count":0,"href":"http:\/\/www.korhanyilmaz.com\/index.php?rest_route=\/wp\/v2\/posts\/26749\/revisions"}],"wp:attachment":[{"href":"http:\/\/www.korhanyilmaz.com\/index.php?rest_route=%2Fwp%2Fv2%2Fmedia&parent=26749"}],"wp:term":[{"taxonomy":"category","embeddable":true,"href":"http:\/\/www.korhanyilmaz.com\/index.php?rest_route=%2Fwp%2Fv2%2Fcategories&post=26749"},{"taxonomy":"post_tag","embeddable":true,"href":"http:\/\/www.korhanyilmaz.com\/index.php?rest_route=%2Fwp%2Fv2%2Ftags&post=26749"}],"curies":[{"name":"wp","href":"https:\/\/api.w.org\/{rel}","templated":true}]}}