{"id":26745,"date":"2010-10-23T19:39:15","date_gmt":"2010-10-23T16:39:15","guid":{"rendered":"http:\/\/www.korhanyilmaz.com\/?p=26745"},"modified":"2010-10-23T19:39:15","modified_gmt":"2010-10-23T16:39:15","slug":"adalet-bakanindan-bassavciya-yanit","status":"publish","type":"post","link":"http:\/\/www.korhanyilmaz.com\/?p=26745","title":{"rendered":"Adalet Bakan\u0131&#8217;ndan Ba\u015fsavc\u0131ya yan\u0131t"},"content":{"rendered":"<p><a href=\"http:\/\/www.korhanyilmaz.com\/wp-content\/uploads\/2010\/10\/214.jpg\"  class=\"lightview\"><img loading=\"lazy\" decoding=\"async\" class=\"aligncenter size-full wp-image-26746\" src=\"http:\/\/www.korhanyilmaz.com\/wp-content\/uploads\/2010\/10\/214.jpg\" alt=\"\" width=\"292\" height=\"149\" \/><\/a><\/p>\n<p style=\"text-align: justify;\">Adalet Bakan\u0131 Sadullah Ergin, Yarg\u0131tay Cumhuriyet Ba\u015fsavc\u0131s\u0131 Abdurrahman Yal\u00e7\u0131nkaya&#8217;n\u0131n t\u00fcrban \u00e7\u0131k\u0131\u015f\u0131na yan\u0131t verdi. Bakan Ergin, Ba\u015fsavc\u0131 Yal\u00e7\u0131nkaya&#8217;n\u0131n &#8220;T\u00fcrban serbestisi laikli\u011fe ayk\u0131r\u0131d\u0131r&#8221; y\u00f6n\u00fcndeki a\u00e7\u0131klamas\u0131n\u0131 &#8220;fonksiyon gasb\u0131&#8221; olarak de\u011ferlendirdi.<\/p>\n<p style=\"text-align: justify;\">T\u00fcrkiye Yazarlar Birli\u011fi Yazar Okulu&#8217;nun 17. d\u00f6nem ilk dersini Adalet Bakan\u0131 Ergin verdi. <!--more--><\/p>\n<p style=\"text-align: justify;\">&#8220;Demokratikle\u015fme S\u00fcreci ve Yarg\u0131 Reformu&#8221; konulu derste konu\u015fan Ergin, T\u00fcrkiye&#8217;nin 1945 y\u0131l\u0131ndan sonra \u00e7ok partili hayata ge\u00e7mesiyle demokrasi ile tan\u0131\u015ft\u0131\u011f\u0131n\u0131 s\u00f6yledi.<\/p>\n<p style=\"text-align: justify;\">Tek partili d\u00f6nemi &#8220;polis devlet anlay\u0131\u015f\u0131n\u0131n a\u011f\u0131r bast\u0131\u011f\u0131, otoriter bir d\u00f6nem&#8221; olarak ifade eden Ergin, Demokrat Parti&#8217;nin 2 d\u00f6nem iktidara gelmesinin ard\u0131ndan &#8220;Demokrat Parti&#8217;yi iktidardan indirmek i\u00e7in kurgular\u0131n ve toplum m\u00fchendisli\u011fi \u00e7al\u0131\u015fmalar\u0131n\u0131n&#8221; ba\u015flad\u0131\u011f\u0131n\u0131 belirtti.<\/p>\n<p style=\"text-align: justify;\">Ergin, 27 May\u0131s 1960 askeri darbesiyle toplumun yeniden dizayn edilmeye ba\u015fland\u0131\u011f\u0131n\u0131, \u00fclkeyi farkl\u0131 bir \u015fekilde yap\u0131land\u0131rmak i\u00e7in radikal ad\u0131mlar\u0131n at\u0131ld\u0131\u011f\u0131n\u0131, bin 402 akademisyenin \u00fcniversitelerden uzakla\u015ft\u0131r\u0131ld\u0131\u011f\u0131n\u0131, orduda ciddi say\u0131da general ve subay\u0131n emekli edildi\u011fini, yarg\u0131da da ciddi tasfiye s\u00fcre\u00e7lerinin ya\u015fand\u0131\u011f\u0131n\u0131 anlatarak, &#8220;Biz, darbeler aras\u0131nda demokrasiyi ya\u015f\u0131yoruz. T\u00fcrkiye&#8217;de ayakta kalmaya, kendini geli\u015ftirmeye \u00e7al\u0131\u015fan bir demokrasi var&#8221; dedi.<\/p>\n<p style=\"text-align: justify;\">Darbe yarg\u0131lamalar\u0131n\u0131 yapan mahkeme heyetinde g\u00f6rev alan yarg\u0131 mensuplar\u0131n\u0131n daha sonra &#8220;yapt\u0131klar\u0131 \u00fcst\u00fcn hizmet&#8221; nedeniyle \u00f6d\u00fcllendirildi\u011fini kaydeden Ergin, &#8220;Bu heyet i\u00e7erisinden 3 Anayasa Mahkemesi ba\u015fkan\u0131, Dan\u0131\u015ftay, Yarg\u0131tay ba\u015fkanlar\u0131, Y\u00fcksek Se\u00e7im Kurulu ba\u015fkan\u0131, daire ba\u015fkanlar\u0131 \u00e7\u0131km\u0131\u015f. Ba\u015fbakan, 2 bakan asmak, bir\u00e7ok siyaset\u00e7iyi hapse mahkum etmek suretiyle memlekete \u00e7ok b\u00fcy\u00fck hizmet ettikleri i\u00e7in \u00f6d\u00fcllendirilmi\u015flerdir&#8221; diye konu\u015ftu.<\/p>\n<p style=\"text-align: justify;\">&#8220;71 m\u00fcdahalesinin, 80&#8217;in, 97&#8217;nin, 2007&#8217;nin 1960 m\u00fcdahalesinin art\u00e7\u0131 sars\u0131nt\u0131lar\u0131 olarak ortaya \u00e7\u0131kt\u0131\u011f\u0131 bir ger\u00e7ektir&#8221; diyen Ergin, 1960 darbesini yapanlar\u0131n daha sonra cumhurba\u015fkanl\u0131\u011f\u0131 se\u00e7imlerini maniple ettiklerini, cuntan\u0131n ba\u015f\u0131n\u0131 cumhurba\u015fkan\u0131 se\u00e7tirdiklerini s\u00f6yledi.<\/p>\n<p style=\"text-align: justify;\"><strong>&#8220;Cunta heyetlerine ba\u011fl\u0131l\u0131klar\u0131n\u0131 bildiren yarg\u0131\u00e7lar&#8221; <\/strong><\/p>\n<p style=\"text-align: justify;\">Darbe s\u00fcre\u00e7lerinde g\u00f6rev alanlar\u0131n uzant\u0131lar\u0131n\u0131n T\u00fcrkiye&#8217;de halen var oldu\u011funu ifade eden Ergin, cunta heyetlerine ba\u011fl\u0131l\u0131klar\u0131n\u0131 bildiren y\u00fcksek yarg\u0131 ba\u015fkan ve \u00fcyelerinin de T\u00fcrkiye&#8217;de bulundu\u011funu kaydetti.<\/p>\n<p style=\"text-align: justify;\">Ergin, \u015f\u00f6yle konu\u015ftu:<\/p>\n<p style=\"text-align: justify;\">&#8220;1980&#8217;de ve 28 \u015eubat d\u00f6nemindeki hadiselerde T\u00fcrk yarg\u0131s\u0131 maalesef \u00f6v\u00fcnerek anlatamayaca\u011f\u0131m\u0131z bir s\u0131nav verdiler, bu s\u0131navda kald\u0131lar. G\u00fcn\u00fcm\u00fczde Pakistan \u00f6rne\u011finde yarg\u0131\u00e7lar\u0131n g\u00f6sterdi\u011fi onurlu tavr\u0131 g\u00f6steriyorum diye ortaya \u00e7\u0131kanlar, Pakistan&#8217;daki mantaliteyi anlamaktan \u00e7ok uzak kald\u0131lar.<\/p>\n<p style=\"text-align: justify;\">Pakistan&#8217;da askeri m\u00fcdahale ile demokrasiye ask\u0131ya alanlara kar\u015f\u0131 bir diren\u00e7 vard\u0131, ama bizde halk\u0131n se\u00e7ti\u011fi y\u00f6netimleri d\u00fc\u015f\u00fcrmek i\u00e7in verilen brifinglere giden, ayakta alk\u0131\u015flayan grup oldular. Arada \u00e7ok b\u00fcy\u00fck fark var, temel bak\u0131\u015f a\u00e7\u0131s\u0131 fark\u0131 var.<\/p>\n<p style=\"text-align: justify;\">1980 Anayasa ile \u00d6zal, Demirel, Sezer cumhurba\u015fkan\u0131 se\u00e7iliyor ama Say\u0131n Abdullah G\u00fcl aday olunca e-muht\u0131ra yay\u0131nlan\u0131yor. &#8216;G\u00fcl aday olmas\u0131n, olursa \u00f6ng\u00f6r\u00fclemeyen \u015feyler olur&#8217; anlam\u0131nda c\u00fcmleler i\u00e7eriyor. Cumhuriyet tarihimizde siyasi yap\u0131lar benzer olaylarda bu t\u00fcr ikazlarda, muht\u0131ralarda \u015fapkas\u0131n\u0131 al\u0131p gitmi\u015ftir. 27 Nisan e-muht\u0131ras\u0131n\u0131n bir g\u00fcn sonras\u0131nda H\u00fck\u00fcmet, &#8216;bu bildirinin muhatab\u0131 H\u00fck\u00fcmet olamaz. \u00c7\u00fcnk\u00fc bu bildiriyi kaleme alan organ bu H\u00fck\u00fcmete ba\u011fl\u0131, emrinde \u00e7al\u0131\u015fan g\u00fcvenlik birimidir, bunun muhatab\u0131 biz de\u011filiz, reddediyoruz&#8217; dedi. Halkta bu \u00e7\u0131k\u0131\u015fa cevab\u0131n\u0131 sand\u0131kta verdi.&#8221;<\/p>\n<p style=\"text-align: justify;\">AK Parti hakk\u0131nda a\u00e7\u0131lan kapatma davas\u0131n\u0131n da s\u00fcre\u00e7te \u00f6nemli bir yer tuttu\u011funu vurgulayan Ergin, AK Parti&#8217;nin yeni bir anayasa yapma vaadinde bulunmam\u0131\u015f olsayd\u0131 kapatma davas\u0131yla kar\u015f\u0131 kar\u015f\u0131ya kalmayaca\u011f\u0131n\u0131 d\u00fc\u015f\u00fcnd\u00fc\u011f\u00fcn\u00fc ifade etti.<\/p>\n<p style=\"text-align: justify;\">Bakan Ergin, &#8220;Biz kimseyle \u00f6zel hesap pe\u015finde de\u011filiz. T\u00fcrkiye&#8217;nin taahh\u00fct etmi\u015f oldu\u011fu k\u0131sa vadeli \u00f6ncelikleri ger\u00e7ekle\u015ftirmeye \u00e7al\u0131\u015f\u0131yoruz. Bu \u00fclkenin vermi\u015f oldu\u011fu s\u00f6z\u00fc yerine getirmeye \u00e7al\u0131\u015f\u0131yoruz. Bir \u00e7ok ele\u015ftiriler yap\u0131ld\u0131, ama Venedik Komisyonu, Avrupa Komisyonu s\u00f6zc\u00fcleri T\u00fcrkiye&#8217;de yarg\u0131 alan\u0131nda yap\u0131lan d\u00fczenlemelerin T\u00fcrkiye&#8217;yi AB&#8217;ye yakla\u015ft\u0131rd\u0131\u011f\u0131n\u0131 teyit eden a\u00e7\u0131klamalar yapt\u0131lar&#8221; diye konu\u015ftu.<\/p>\n<p style=\"text-align: justify;\"><strong>&#8220;Yanl\u0131\u015flar\u0131 referans almayaca\u011f\u0131z&#8221; <\/strong><\/p>\n<p style=\"text-align: justify;\">Kat\u0131l\u0131mc\u0131lar\u0131n sorular\u0131n\u0131 da yan\u0131tlayan Ergin, ge\u00e7mi\u015fte g\u00f6rev alan h\u00fck\u00fcmetlerin ve siyasi partilerin yanl\u0131\u015flar\u0131n\u0131 de\u011fil, do\u011frular\u0131n\u0131 kendilerine referans ald\u0131klar\u0131n\u0131 belirterek, \u015f\u00f6yle konu\u015ftu:<\/p>\n<p style=\"text-align: justify;\">&#8220;Bizim hareket tarz\u0131m\u0131z, 73 milyon \u00fclke insan\u0131n\u0131 ortak zeminde, huzur ve bar\u0131\u015f i\u00e7erisinde, insan haklar\u0131, \u00f6zg\u00fcrl\u00fckler ekseninde beraberce huzur i\u00e7erisinde ya\u015fatabilecek bir zemini in\u015fa etmektir. Amas\u0131z, fakats\u0131z, lakinsiz. Bunu yapabilmek i\u00e7in uzla\u015f\u0131 aramak, g\u00f6r\u00fc\u015fmek bize bir \u015fey kaybettirmez. Biz uzla\u015f\u0131y\u0131 arayaca\u011f\u0131z, bu \u00fclke insan\u0131n\u0131n ihtiyac\u0131n\u0131 duydu\u011fu atmosferi teneff\u00fcs edece\u011fi ortam\u0131 da elbette in\u015fa edece\u011fiz. Birileri kar\u015f\u0131 \u00e7\u0131k\u0131yor diye evrensel hukukun, insan haklar\u0131n\u0131n bu \u00fclkeye geli\u015fini erteleyemeyiz, ama bunu yaparken de k\u0131r\u0131c\u0131, incitici olmamaya dikkat edece\u011fiz.&#8221;<\/p>\n<p style=\"text-align: justify;\">Bir kat\u0131l\u0131mc\u0131n\u0131n &#8220;CHP, h\u00fck\u00fcmetin giri\u015fimlerine &#8216;istemez\u00fck&#8217; diyor. H\u00fck\u00fcmeti \u00e7al\u0131\u015ft\u0131rmamak i\u00e7in elinden gelen gayreti g\u00f6sterdi. Anayasa \u00e7al\u0131\u015fmalar\u0131na kat\u0131lm\u0131yorlar, &#8216;biz halledece\u011fiz&#8217; diyorlar, niyetleri nedir&#8221; sorusu \u00fczerine Ergin, siyasi partilerin se\u00e7men taban\u0131n\u0131 dikkate alarak refleks g\u00f6sterdi\u011fini s\u00f6yledi.<\/p>\n<p style=\"text-align: justify;\">Ergin, &#8220;CHP&#8217;nin \u00f6zg\u00fcrl\u00fck taleplerine s\u0131rt \u00e7evirmesine, kar\u015f\u0131 \u00e7\u0131kmas\u0131na \u00fcz\u00fclmemek laz\u0131m. CHP istemez\u00fck diyor, millette CHP&#8217;yi istemez\u00fck diyor. Buna \u00fcz\u00fclmemek laz\u0131m&#8221; diye konu\u015ftu.<\/p>\n<p style=\"text-align: justify;\">Bakan Ergin, bir gazetecinin, Yarg\u0131tay Cumhuriyet Ba\u015fsavc\u0131s\u0131 Abdurrahman Yal\u00e7\u0131nkaya&#8217;n\u0131n yapt\u0131\u011f\u0131 a\u00e7\u0131klamaya kar\u015f\u0131 CHP&#8217;nin tavr\u0131n\u0131n bir \u00e7eli\u015fki olup olmad\u0131\u011f\u0131na ili\u015fkin sorusu \u00fczerine de &#8220;CHP&#8217;nin geleneksel \u00e7izgisi a\u00e7\u0131s\u0131ndan bir \u00e7eli\u015fki g\u00f6z\u00fckm\u00fcyor. CHP, yasama organ\u0131na yap\u0131lan yetki m\u00fcdahalelerinde ge\u00e7mi\u015fte de ya sessiz kald\u0131 ya da destek verdi. Ba\u015fsavc\u0131n\u0131n a\u00e7\u0131klamas\u0131na kar\u015f\u0131 AK Parti Grubu&#8217;nun yapt\u0131\u011f\u0131 a\u00e7\u0131klamaya kat\u0131l\u0131yorum&#8221; yan\u0131t\u0131n\u0131 verdi.<\/p>\n<p style=\"text-align: justify;\">Parlamentoda siyasi partilerin kendi aralar\u0131nda toplumsal talepleri kar\u015f\u0131lamak i\u00e7in g\u00f6r\u00fc\u015fmeler yapt\u0131\u011f\u0131n\u0131, sorunlar\u0131 \u00e7\u00f6zme yerinin parlamento oldu\u011funu dile getiren Ergin, &#8220;Say\u0131n Yal\u00e7\u0131nkaya&#8217;n\u0131n a\u00e7\u0131klamas\u0131, tamamen fonksiyon gasb\u0131na d\u00f6n\u00fck bir giri\u015fimdir, kabul edilecek bir yakla\u015f\u0131m de\u011fildir&#8221; dedi.<\/p>\n<p style=\"text-align: justify;\"><a href=\"http:\/\/www.cnnturk.com\/2010\/turkiye\/10\/23\/adalet.bakanindan.bassavciya.yanit\/594068.0\/index.html\" target=\"_blank\"><span style=\"color: #888888;\">CNN T\u00dcRK<\/span><\/a><\/p>\n","protected":false},"excerpt":{"rendered":"<\/p>\n<p style=\"text-align: justify;\">Adalet Bakan\u0131 Sadullah Ergin, Yarg\u0131tay Cumhuriyet Ba\u015fsavc\u0131s\u0131 Abdurrahman Yal\u00e7\u0131nkaya&#8217;n\u0131n t\u00fcrban \u00e7\u0131k\u0131\u015f\u0131na yan\u0131t verdi. Bakan Ergin, Ba\u015fsavc\u0131 Yal\u00e7\u0131nkaya&#8217;n\u0131n &#8220;T\u00fcrban serbestisi laikli\u011fe ayk\u0131r\u0131d\u0131r&#8221; y\u00f6n\u00fcndeki a\u00e7\u0131klamas\u0131n\u0131 &#8220;fonksiyon gasb\u0131&#8221; olarak de\u011ferlendirdi.<\/p>\n<p style=\"text-align: justify;\">T\u00fcrkiye Yazarlar Birli\u011fi Yazar Okulu&#8217;nun 17. d\u00f6nem ilk dersini Adalet Bakan\u0131 Ergin verdi. <\/p>\n","protected":false},"author":1,"featured_media":0,"comment_status":"open","ping_status":"closed","sticky":false,"template":"","format":"standard","meta":{"footnotes":""},"categories":[105],"tags":[],"class_list":["post-26745","post","type-post","status-publish","format-standard","hentry","category-gundem","odd"],"_links":{"self":[{"href":"http:\/\/www.korhanyilmaz.com\/index.php?rest_route=\/wp\/v2\/posts\/26745","targetHints":{"allow":["GET"]}}],"collection":[{"href":"http:\/\/www.korhanyilmaz.com\/index.php?rest_route=\/wp\/v2\/posts"}],"about":[{"href":"http:\/\/www.korhanyilmaz.com\/index.php?rest_route=\/wp\/v2\/types\/post"}],"author":[{"embeddable":true,"href":"http:\/\/www.korhanyilmaz.com\/index.php?rest_route=\/wp\/v2\/users\/1"}],"replies":[{"embeddable":true,"href":"http:\/\/www.korhanyilmaz.com\/index.php?rest_route=%2Fwp%2Fv2%2Fcomments&post=26745"}],"version-history":[{"count":0,"href":"http:\/\/www.korhanyilmaz.com\/index.php?rest_route=\/wp\/v2\/posts\/26745\/revisions"}],"wp:attachment":[{"href":"http:\/\/www.korhanyilmaz.com\/index.php?rest_route=%2Fwp%2Fv2%2Fmedia&parent=26745"}],"wp:term":[{"taxonomy":"category","embeddable":true,"href":"http:\/\/www.korhanyilmaz.com\/index.php?rest_route=%2Fwp%2Fv2%2Fcategories&post=26745"},{"taxonomy":"post_tag","embeddable":true,"href":"http:\/\/www.korhanyilmaz.com\/index.php?rest_route=%2Fwp%2Fv2%2Ftags&post=26745"}],"curies":[{"name":"wp","href":"https:\/\/api.w.org\/{rel}","templated":true}]}}