{"id":26739,"date":"2010-10-26T16:29:47","date_gmt":"2010-10-26T13:29:47","guid":{"rendered":"http:\/\/www.korhanyilmaz.com\/?p=26739"},"modified":"2010-10-26T16:29:47","modified_gmt":"2010-10-26T13:29:47","slug":"bassavci-yalcinkayaya-turban-protestosu","status":"publish","type":"post","link":"http:\/\/www.korhanyilmaz.com\/?p=26739","title":{"rendered":"Ba\u015fsavc\u0131 Yal\u00e7\u0131nkaya&#8217;ya t\u00fcrban protestosu"},"content":{"rendered":"<p style=\"text-align: justify;\"><a href=\"http:\/\/www.korhanyilmaz.com\/wp-content\/uploads\/2010\/10\/212.jpg\"  class=\"lightview\"><img loading=\"lazy\" decoding=\"async\" class=\"aligncenter size-full wp-image-26740\" src=\"http:\/\/www.korhanyilmaz.com\/wp-content\/uploads\/2010\/10\/212.jpg\" alt=\"\" width=\"292\" height=\"186\" \/><\/a><\/p>\n<p style=\"text-align: justify;\">T\u00fcrbana ili\u015fkin bildirisi ile tepki toplayan Yarg\u0131tay Ba\u015fsavc\u0131s\u0131 Abdurrahman Yal\u00e7\u0131nkaya \u0130stanbu&#8217;da da bir grup avukat taraf\u0131ndan protesto edildi.<\/p>\n<p style=\"text-align: justify;\">Hukuk Dernekleri Platformu \u00fcyesi yakla\u015f\u0131k 30 avukat \u0130stanbul Adliyesi \u00f6n\u00fcnde topland\u0131. <!--more--><\/p>\n<p style=\"text-align: justify;\">Avukatlar ellerinde, &#8220;Ba\u015f\u00f6rt\u00fcs\u00fc fa\u015fizmine son&#8221;, &#8220;Parti kapatmalar\u0131na son&#8221; yaz\u0131l\u0131 pankartlar ta\u015f\u0131d\u0131.<\/p>\n<p style=\"text-align: justify;\">Grup ad\u0131na bas\u0131n a\u00e7\u0131klamas\u0131 yapan avukat \u015eule Recepo\u011flu, Ba\u015fsavc\u0131 Yal\u00e7\u0131nkaya&#8217;n\u0131n bildirisi ile siyasi partileri ve demokratik rejimi tehdit etti\u011fini ileri s\u00fcrd\u00fc.<\/p>\n<p style=\"text-align: justify;\">Ba\u015fsavc\u0131n\u0131n a\u00e7\u0131klamalar\u0131n\u0131n ciddiye al\u0131nmas\u0131 gerekti\u011fini belirten Recepo\u011flu, Yal\u00e7\u0131nkaya&#8217;n\u0131n bildirisini \u015fiddetle k\u0131nad\u0131klar\u0131n\u0131 belirtti.<\/p>\n<p style=\"text-align: justify;\"><a href=\"http:\/\/www.cnnturk.com\/2010\/turkiye\/10\/26\/bassavci.yalcinkayaya.turban.protestosu\/594395.0\/index.html\" target=\"_blank\"><span style=\"color: #888888;\">CNN T\u00dcRK<\/span><\/a><\/p>\n","protected":false},"excerpt":{"rendered":"<p style=\"text-align: justify;\">\n<p style=\"text-align: justify;\">T\u00fcrbana ili\u015fkin bildirisi ile tepki toplayan Yarg\u0131tay Ba\u015fsavc\u0131s\u0131 Abdurrahman Yal\u00e7\u0131nkaya \u0130stanbu&#8217;da da bir grup avukat taraf\u0131ndan protesto edildi.<\/p>\n<p style=\"text-align: justify;\">Hukuk Dernekleri Platformu \u00fcyesi yakla\u015f\u0131k 30 avukat \u0130stanbul Adliyesi \u00f6n\u00fcnde topland\u0131. <\/p>\n","protected":false},"author":1,"featured_media":0,"comment_status":"open","ping_status":"closed","sticky":false,"template":"","format":"standard","meta":{"footnotes":""},"categories":[105],"tags":[],"class_list":["post-26739","post","type-post","status-publish","format-standard","hentry","category-gundem","odd"],"_links":{"self":[{"href":"http:\/\/www.korhanyilmaz.com\/index.php?rest_route=\/wp\/v2\/posts\/26739","targetHints":{"allow":["GET"]}}],"collection":[{"href":"http:\/\/www.korhanyilmaz.com\/index.php?rest_route=\/wp\/v2\/posts"}],"about":[{"href":"http:\/\/www.korhanyilmaz.com\/index.php?rest_route=\/wp\/v2\/types\/post"}],"author":[{"embeddable":true,"href":"http:\/\/www.korhanyilmaz.com\/index.php?rest_route=\/wp\/v2\/users\/1"}],"replies":[{"embeddable":true,"href":"http:\/\/www.korhanyilmaz.com\/index.php?rest_route=%2Fwp%2Fv2%2Fcomments&post=26739"}],"version-history":[{"count":0,"href":"http:\/\/www.korhanyilmaz.com\/index.php?rest_route=\/wp\/v2\/posts\/26739\/revisions"}],"wp:attachment":[{"href":"http:\/\/www.korhanyilmaz.com\/index.php?rest_route=%2Fwp%2Fv2%2Fmedia&parent=26739"}],"wp:term":[{"taxonomy":"category","embeddable":true,"href":"http:\/\/www.korhanyilmaz.com\/index.php?rest_route=%2Fwp%2Fv2%2Fcategories&post=26739"},{"taxonomy":"post_tag","embeddable":true,"href":"http:\/\/www.korhanyilmaz.com\/index.php?rest_route=%2Fwp%2Fv2%2Ftags&post=26739"}],"curies":[{"name":"wp","href":"https:\/\/api.w.org\/{rel}","templated":true}]}}