{"id":26735,"date":"2010-10-26T10:13:58","date_gmt":"2010-10-26T07:13:58","guid":{"rendered":"http:\/\/www.korhanyilmaz.com\/?p=26735"},"modified":"2010-10-26T10:13:58","modified_gmt":"2010-10-26T07:13:58","slug":"bu-ulke-cit-kirildim-bir-cumhuriyet-degil","status":"publish","type":"post","link":"http:\/\/www.korhanyilmaz.com\/?p=26735","title":{"rendered":"&#8220;Bu \u00fclke \u00e7\u0131t k\u0131r\u0131ld\u0131m bir cumhuriyet de\u011fil&#8221;"},"content":{"rendered":"<p><a href=\"http:\/\/www.korhanyilmaz.com\/wp-content\/uploads\/2010\/10\/211.jpg\"  class=\"lightview\"><img loading=\"lazy\" decoding=\"async\" class=\"aligncenter size-full wp-image-26736\" src=\"http:\/\/www.korhanyilmaz.com\/wp-content\/uploads\/2010\/10\/211.jpg\" alt=\"\" width=\"292\" height=\"205\" \/><\/a><\/p>\n<p style=\"text-align: justify;\">Ba\u015fbakan Recep Tayyip Erdo\u011fan, Yarg\u0131tay Cumhuriyet Ba\u015fsavc\u0131s\u0131 Abdurrahman Yal\u00e7\u0131nkaya&#8217;y\u0131 isim vermeden ele\u015ftirdi, &#8220;Kendi iradenizi milli iradenin \u00fczerinde ne zamandan beri g\u00f6rmeye ba\u015flad\u0131n\u0131z?&#8221; diye sordu. Erdo\u011fan, &#8220;Bu \u00fclke \u00e7\u0131t k\u0131r\u0131ld\u0131m bir cumhuriyet de\u011fildir&#8221; dedi.<!--more--><\/p>\n<p style=\"text-align: justify;\">&#8211; TRT \u015eE\u015e. Bir kanal\u0131 sadece buna tahsis ettik. B\u00f6l\u00fcn\u00fcr\u00fcz, g\u00fc\u00e7 kaybederiz diyorlard\u0131. B\u00f6l\u00fcnd\u00fck m\u00fc? Par\u00e7aland\u0131k m\u0131? Biz bunlara izin vermedik. Yasaklar\u0131 kald\u0131rd\u0131k, kald\u0131r\u0131yoruz. Bu cumhuriyet \u00e7\u0131t k\u0131r\u0131ld\u0131m bir cumhuriyet de\u011fildir. Bu cumhuriyet k\u00f6k\u00fc derinlerde, b\u00fcy\u00fck bir milletin kurup ya\u015fatt\u0131\u011f\u0131 bir cumhuriyettir.<\/p>\n<p style=\"text-align: justify;\">&#8211; Siz bu yetkiyi kimden al\u0131yorsunuz? Hangi vasf\u0131n\u0131zla, kerametinizle siz bu milletten daha iyi biliyorsunuz? Kendi iradenizi milli iradenin \u00fczerinde ne zamandan beri g\u00f6rmeye ba\u015flad\u0131n\u0131z? Milleti k\u00fc\u00e7\u00fcmseme vekilleri yok sayma c\u00fcretini nereden al\u0131yorsunuz? Siz milletin velisi yada vasisi misiniz? Meclis yan\u0131l\u0131yor, yasama yan\u0131l\u0131yor, ya da yoksa siz millete patronluk mu yapmak istiyorsunuz?<\/p>\n<p style=\"text-align: justify;\">&#8211; Cumhuriyet i\u015fte sizin bu vesayet anlay\u0131\u015f\u0131n\u0131z\u0131, evet \u015fimdi \u00e7ok ciddi manada test ediyor ve \u00fczerinde tasallut kurmas\u0131n diye sizin gibi z\u00fcmrelerin keyfilikleri, bask\u0131 alt\u0131na almas\u0131n diye cumhuriyetimiz ilan edildi, \u015fimdi de cumhur cumhuriyetine sahip \u00e7\u0131k\u0131yor.<\/p>\n<p style=\"text-align: justify;\"><strong>HSYK se\u00e7imleri: <\/strong><\/p>\n<p style=\"text-align: justify;\">&#8211; 12 Eyl\u00fcl \u00f6ncesinde \u00fclkeye korku yayanlar, i\u015fte g\u00f6r\u00fcyorsunuz, millet ikna edemedikleri gibi yarg\u0131 camias\u0131n\u0131 da ikna edebilmi\u015f de\u011filler. HSYK se\u00e7imlerinde aday oldular, se\u00e7imde oy kulland\u0131lar, ama istedikleri sonucu elde edemeyince, bug\u00fcn farkl\u0131 imtihanlarla se\u00e7imleri karalamaya \u00e7al\u0131\u015ft\u0131lar.<\/p>\n<p style=\"text-align: justify;\">&#8211; Sesi \u00e7ok \u00e7\u0131kan bir z\u00fcmrenin, neye tekab\u00fcl etti\u011fi ortaya \u00e7\u0131kt\u0131. Bir avu\u00e7 insan\u0131n, nas\u0131l binlerce insana ipotek koydu\u011fu ortaya \u00e7\u0131kt\u0131. HSYK se\u00e7imlerinde ilk defa 10 binin \u00fczerinde yarg\u0131 mensubu \u015feffaf bi\u00e7imde oy kulland\u0131 ve \u00fcyeleri se\u00e7ti. \u015eimdi buna yarg\u0131n\u0131n siyasalla\u015fmas\u0131 denebilir mi?<\/p>\n<p style=\"text-align: justify;\">&#8211; T\u00fcrkiye\u2019ye cumhuriyet geldi, demokrasi geldi. Ama birilerinin hala haberi yok. Hala birileri belli alanlarda hakimiyet kurmak istiyor. Kusura bakmas\u0131nlar. Kimse demokratikle\u015fmeden muaf de\u011fildir.<\/p>\n<p style=\"text-align: justify;\"><strong>&#8220;Ortada siyasalla\u015fan bir yarg\u0131 yok&#8221; <\/strong><\/p>\n<p style=\"text-align: justify;\">&#8211; Hala birileri baz\u0131 alanlarda hakimiyet kurmak istiyor. Ortada siyasalla\u015fan yarg\u0131 yok art\u0131k stat\u00fckocu se\u00e7kinci yarg\u0131n\u0131n de\u011fi\u015fimci tarafs\u0131z bir yap\u0131ya d\u00f6n\u00fc\u015f\u00fcm\u00fc var. Bizim hi\u00e7bir gizli g\u00fcndemimiz yok. Bizim gizli bir ajandam\u0131z yok, gizli niyetlerimiz yok.<\/p>\n<p style=\"text-align: justify;\"><strong>T\u00fcrban sorunu ve CHP&#8217;ye ele\u015ftiriler: <\/strong><\/p>\n<p style=\"text-align: justify;\">&#8211; Birileri istemiyor diyerek yasaklarla m\u00fccadele etmekten vazge\u00e7ecek de\u011filiz.<\/p>\n<p style=\"text-align: justify;\">&#8211; CHP nin yeni genel ba\u015fkan\u0131 belki samimi olarak belki referandu\u0131m \u00f6ncesi ba\u015f\u00f6rt\u00fcs\u00fc yasa\u011f\u0131n\u0131 g\u00fcndeme ta\u015f\u0131d\u0131 ve meseleyi \u00e7\u00f6zece\u011fini beyan etti. Biz ne yapt\u0131\u011f\u0131na ne yapmad\u0131\u011f\u0131na bak\u0131yoruz. Biz 8 y\u0131ld\u0131r bu meseleyi \u00e7\u00f6zmek ad\u0131na ilk 4-5 y\u0131l hep izledik \u00fclkede bir s\u0131k\u0131nt\u0131 kayna\u011f\u0131 olmas\u0131n diye fakat daha sonra g\u00fcndeme getirilmeye ba\u015fland\u0131 ve yo\u011fun \u00e7abalar i\u00e7erisinde girdik ve halk\u0131m\u0131zdam da b\u00fcy\u00fck destek ald\u0131k.<\/p>\n<p style=\"text-align: justify;\">&#8211; Ba\u015f\u00f6rt\u00fcs\u00fc sorununun \u00f6n\u00fcndeki en b\u00fcy\u00fck engel CHP&#8217;nin stat\u00fckocu ve \u00f6zg\u00fcrl\u00fck kar\u015f\u0131 tavr\u0131d\u0131r. Sadece genel ba\u015fkan\u0131n\u0131n pop\u00fclist \u00e7\u0131k\u0131\u015flar\u0131yla partinin bu zihniyetinden kopmayaca\u011f\u0131 bir kez daha ortaya \u00e7\u0131km\u0131\u015ft\u0131r.<\/p>\n<p style=\"text-align: justify;\"><strong>29 Ekim Cumhuriyet Bayram\u0131 resepsiyonu: <\/strong><\/p>\n<p style=\"text-align: justify;\">&#8211; Cumhuriyet Bayram\u0131 resepsiyonunu boykot edip etmemeyi tart\u0131\u015fan CHP 1940&#8217;lardan bug\u00fcne gelememi\u015f bir CHP&#8217;dir. Bug\u00fcn anl\u0131yoruz ki CHP genel ba\u015fkan\u0131 hi\u00e7bir haz\u0131rl\u0131k yapmadan CHP&#8217;nin kadim geleneklerini devam ettirmektedir.<\/p>\n<p style=\"text-align: justify;\">&#8211; S\u00fcre\u00e7 CHP taraf\u0131ndan ba\u015f\u00f6rt\u00fcl\u00fc k\u0131zlar\u0131n umudunun istismar haline getirildi\u011fi bir s\u00fcre\u00e7 haline gelmi\u015ftir.  \u0130nan\u00e7 \u00f6zg\u00fcrl\u00fc\u011f\u00fc \u015farta ba\u011flanabilir mi?<\/p>\n<p style=\"text-align: justify;\"><a href=\"http:\/\/www.cnnturk.com\/2010\/turkiye\/10\/26\/bu.ulke.cit.kirildim.bir.cumhuriyet.degil\/594345.0\/index.html\" target=\"_blank\"><span style=\"color: #888888;\">CNN T\u00dcRK<\/span><\/a><\/p>\n","protected":false},"excerpt":{"rendered":"<\/p>\n<p style=\"text-align: justify;\">Ba\u015fbakan Recep Tayyip Erdo\u011fan, Yarg\u0131tay Cumhuriyet Ba\u015fsavc\u0131s\u0131 Abdurrahman Yal\u00e7\u0131nkaya&#8217;y\u0131 isim vermeden ele\u015ftirdi, &#8220;Kendi iradenizi milli iradenin \u00fczerinde ne zamandan beri g\u00f6rmeye ba\u015flad\u0131n\u0131z?&#8221; diye sordu. Erdo\u011fan, &#8220;Bu \u00fclke \u00e7\u0131t k\u0131r\u0131ld\u0131m bir cumhuriyet de\u011fildir&#8221; dedi.<\/p>\n","protected":false},"author":1,"featured_media":0,"comment_status":"open","ping_status":"closed","sticky":false,"template":"","format":"standard","meta":{"footnotes":""},"categories":[105],"tags":[],"class_list":["post-26735","post","type-post","status-publish","format-standard","hentry","category-gundem","odd"],"_links":{"self":[{"href":"http:\/\/www.korhanyilmaz.com\/index.php?rest_route=\/wp\/v2\/posts\/26735","targetHints":{"allow":["GET"]}}],"collection":[{"href":"http:\/\/www.korhanyilmaz.com\/index.php?rest_route=\/wp\/v2\/posts"}],"about":[{"href":"http:\/\/www.korhanyilmaz.com\/index.php?rest_route=\/wp\/v2\/types\/post"}],"author":[{"embeddable":true,"href":"http:\/\/www.korhanyilmaz.com\/index.php?rest_route=\/wp\/v2\/users\/1"}],"replies":[{"embeddable":true,"href":"http:\/\/www.korhanyilmaz.com\/index.php?rest_route=%2Fwp%2Fv2%2Fcomments&post=26735"}],"version-history":[{"count":0,"href":"http:\/\/www.korhanyilmaz.com\/index.php?rest_route=\/wp\/v2\/posts\/26735\/revisions"}],"wp:attachment":[{"href":"http:\/\/www.korhanyilmaz.com\/index.php?rest_route=%2Fwp%2Fv2%2Fmedia&parent=26735"}],"wp:term":[{"taxonomy":"category","embeddable":true,"href":"http:\/\/www.korhanyilmaz.com\/index.php?rest_route=%2Fwp%2Fv2%2Fcategories&post=26735"},{"taxonomy":"post_tag","embeddable":true,"href":"http:\/\/www.korhanyilmaz.com\/index.php?rest_route=%2Fwp%2Fv2%2Ftags&post=26735"}],"curies":[{"name":"wp","href":"https:\/\/api.w.org\/{rel}","templated":true}]}}