{"id":26728,"date":"2010-10-27T18:38:44","date_gmt":"2010-10-27T15:38:44","guid":{"rendered":"http:\/\/www.korhanyilmaz.com\/?p=26728"},"modified":"2010-10-27T18:38:44","modified_gmt":"2010-10-27T15:38:44","slug":"rusvet-iddialari-kilit-kadin-konustu","status":"publish","type":"post","link":"http:\/\/www.korhanyilmaz.com\/?p=26728","title":{"rendered":"R\u00fc\u015fvet iddialar\u0131! Kilit kad\u0131n konu\u015ftu"},"content":{"rendered":"<p style=\"text-align: justify;\"><a href=\"http:\/\/www.korhanyilmaz.com\/wp-content\/uploads\/2010\/10\/209.jpg\"  class=\"lightview\"><img loading=\"lazy\" decoding=\"async\" class=\"aligncenter size-full wp-image-26729\" src=\"http:\/\/www.korhanyilmaz.com\/wp-content\/uploads\/2010\/10\/209.jpg\" alt=\"\" width=\"292\" height=\"197\" \/><\/a><\/p>\n<p style=\"text-align: justify;\">Yarg\u0131daki r\u00fc\u015fvet skandal\u0131yla ilgili olarak \u0130TO Ba\u015fkan\u0131 Murat Yal\u00e7\u0131nta\u015f&#8217;\u0131n da aralar\u0131nda bulundu\u011fu 9 ki\u015finin tutuklanmas\u0131yla ad\u0131 yeniden g\u00fcndeme gelen CNR Holding Y\u00f6netim Kurulu Ba\u015fkan\u0131 Ceyda Erem, CNN T\u00dcRK&#8217;ten \u015eirin Payz\u0131n&#8217;a konu\u015ftu. Hakk\u0131nda \u00e7\u0131kan iddialar\u0131 yalanlayan Erem, tazminat davas\u0131 a\u00e7aca\u011f\u0131n\u0131 s\u00f6yledi. Erem, Ba\u015fbakan Erdo\u011fan&#8217;a dosya g\u00f6nderdi\u011fi y\u00f6n\u00fcndeki iddialar\u0131 yalanlad\u0131. <!--more--><\/p>\n<p style=\"text-align: justify;\">\u0130TO Ba\u015fkan\u0131 Murat Yal\u00e7\u0131nta\u015f&#8217;\u0131n tutuklanmas\u0131yla ilgili konuya girmek istemeyen Erem, &#8220;Yarg\u0131da olan bir olay&#8221; dedi.<\/p>\n<p style=\"text-align: justify;\">\u0130TO&#8217;dan Murat Yal\u00e7\u0131nta\u015f&#8217;a verilen deste\u011fe \u015fa\u015f\u0131rmad\u0131\u011f\u0131n\u0131 belirten Erem, ba\u015fkanlar\u0131na destek verilmesi do\u011fald\u0131r.<\/p>\n<p style=\"text-align: justify;\">Ceyda Erem, &#8220;\u0130\u015fadam\u0131 Remzi G\u00fcr&#8217;\u00fcn sizi arad\u0131\u011f\u0131 do\u011fru mu, Ba\u015fbakan Erdo\u011fan ile g\u00f6r\u00fc\u015ft\u00fcn\u00fcz m\u00fc?&#8221; sorusuna ise &#8220;Remzi bey beni arad\u0131. Ge\u00e7mi\u015f olsun diye. Ben Ba\u015fbakan Erdo\u011fan&#8217;a bir dosya falan vermedim. Bir y\u0131l \u00f6nce Ba\u015fbakan&#8217;a mektup yaz\u0131p ma\u011fduriyietimi dile getirdim. Herhangi bir dosya s\u00f6z konusu de\u011fil. Dosyay\u0131 ben gazeteci Nedim \u015eener&#8217;den \u00f6\u011frendim. Ben hi\u00e7 kimseye r\u00fc\u015fvet vermedim ve bu konuda aklanm\u0131\u015f olduk&#8221; cevab\u0131n\u0131 verdi.<\/p>\n<p style=\"text-align: justify;\">&#8220;Ba\u015fban Erdo\u011fan&#8217;a mektubunuzda bilgiler verdiniz mi?&#8221; sorusuna ise Ceyda Erem, &#8220;Hay\u0131r Ba\u015fbakan&#8217;\u0131 y\u00f6nlendirmek benim haddime d\u00fc\u015fmez. Ben sadece bu s\u00fcre\u00e7te \u00e7ok ma\u011fdur oldu\u011fumuzu dile getirdim. Ben yard\u0131m istedim, bilgi vermek istedim. Beni bu mektupla ilgili kimse aramad\u0131&#8221; yan\u0131t\u0131n\u0131 verdi.<\/p>\n<p style=\"text-align: justify;\">\u015eirin Payz\u0131n&#8217;\u0131n &#8220;Tutuklananlar aras\u0131nda Kadir Topba\u015f&#8217;\u0131n avukat\u0131 da var?&#8221;  hat\u0131rlatmas\u0131na Ceyda Erem, &#8220;Ben avukatlarla hi\u00e7 tan\u0131\u015fmad\u0131m. G\u00f6rmedim bilmiyorum&#8221; dedi.<\/p>\n<p style=\"text-align: justify;\">&#8220;Sizin \u00fczerine neden bu kadar gelindi?&#8221; sorusuna Ceyda Erem, &#8220;Onu da bilmiyorum a\u00e7\u0131k\u00e7as\u0131. Ben i\u015fimi do\u011fru d\u00fcr\u00fcst yapar\u0131m. \u015eimdiye kadar hi\u00e7 bir a\u00e7\u0131\u011f\u0131m\u0131z ortaya \u00e7\u0131kmad\u0131. \u00c7ok ba\u015far\u0131l\u0131 olduk, iyi bir konu yakalad\u0131k. Uluslararas\u0131 iyi bir platforma oturduk. Bunlar hep g\u00f6z \u00f6n\u00fcnde olan i\u015fler&#8221; yan\u0131t\u0131n\u0131 verdi.<\/p>\n<p style=\"text-align: justify;\">Tutuklu bulunan \u0130TO Ba\u015fkan\u0131 Murat Yal\u00e7\u0131nta\u015f ile aralar\u0131n\u0131n her zaman iyi oldu\u011funu s\u00f6yleyen Ceyda Erem, &#8220;Ne yap\u0131p yapmad\u0131klar\u0131n\u0131 ben bilemem. Ona yarg\u0131 karar verecek&#8221; dedi.<\/p>\n<p style=\"text-align: justify;\">Ceyda Erem, yolsuzluk iddialar\u0131n\u0131n kendisini incitti\u011fini, manevi tazminat davas\u0131 a\u00e7aca\u011f\u0131n\u0131 kaydetti.<\/p>\n<p style=\"text-align: justify;\"><a href=\"http:\/\/www.cnnturk.com\/2010\/cnn.turk.tv\/10\/27\/rusvet.iddialari.kilit.kadin.konustu\/594532.0\/index.html\" target=\"_blank\"><span style=\"color: #888888;\">CNN T\u00dcRK<\/span><\/a><\/p>\n","protected":false},"excerpt":{"rendered":"<p style=\"text-align: justify;\">\n<p style=\"text-align: justify;\">Yarg\u0131daki r\u00fc\u015fvet skandal\u0131yla ilgili olarak \u0130TO Ba\u015fkan\u0131 Murat Yal\u00e7\u0131nta\u015f&#8217;\u0131n da aralar\u0131nda bulundu\u011fu 9 ki\u015finin tutuklanmas\u0131yla ad\u0131 yeniden g\u00fcndeme gelen CNR Holding Y\u00f6netim Kurulu Ba\u015fkan\u0131 Ceyda Erem, CNN T\u00dcRK&#8217;ten \u015eirin Payz\u0131n&#8217;a konu\u015ftu. Hakk\u0131nda \u00e7\u0131kan iddialar\u0131 yalanlayan Erem, tazminat davas\u0131 a\u00e7aca\u011f\u0131n\u0131 s\u00f6yledi. Erem, Ba\u015fbakan Erdo\u011fan&#8217;a dosya g\u00f6nderdi\u011fi y\u00f6n\u00fcndeki iddialar\u0131 yalanlad\u0131. <\/p>\n","protected":false},"author":1,"featured_media":0,"comment_status":"open","ping_status":"closed","sticky":false,"template":"","format":"standard","meta":{"footnotes":""},"categories":[105],"tags":[],"class_list":["post-26728","post","type-post","status-publish","format-standard","hentry","category-gundem","odd"],"_links":{"self":[{"href":"http:\/\/www.korhanyilmaz.com\/index.php?rest_route=\/wp\/v2\/posts\/26728","targetHints":{"allow":["GET"]}}],"collection":[{"href":"http:\/\/www.korhanyilmaz.com\/index.php?rest_route=\/wp\/v2\/posts"}],"about":[{"href":"http:\/\/www.korhanyilmaz.com\/index.php?rest_route=\/wp\/v2\/types\/post"}],"author":[{"embeddable":true,"href":"http:\/\/www.korhanyilmaz.com\/index.php?rest_route=\/wp\/v2\/users\/1"}],"replies":[{"embeddable":true,"href":"http:\/\/www.korhanyilmaz.com\/index.php?rest_route=%2Fwp%2Fv2%2Fcomments&post=26728"}],"version-history":[{"count":0,"href":"http:\/\/www.korhanyilmaz.com\/index.php?rest_route=\/wp\/v2\/posts\/26728\/revisions"}],"wp:attachment":[{"href":"http:\/\/www.korhanyilmaz.com\/index.php?rest_route=%2Fwp%2Fv2%2Fmedia&parent=26728"}],"wp:term":[{"taxonomy":"category","embeddable":true,"href":"http:\/\/www.korhanyilmaz.com\/index.php?rest_route=%2Fwp%2Fv2%2Fcategories&post=26728"},{"taxonomy":"post_tag","embeddable":true,"href":"http:\/\/www.korhanyilmaz.com\/index.php?rest_route=%2Fwp%2Fv2%2Ftags&post=26728"}],"curies":[{"name":"wp","href":"https:\/\/api.w.org\/{rel}","templated":true}]}}